{"id":1335,"date":"2022-06-13T04:00:33","date_gmt":"2022-06-13T04:00:33","guid":{"rendered":"https:\/\/diarieducacio.cat\/senderi\/?p=1335"},"modified":"2024-05-13T13:09:01","modified_gmt":"2024-05-13T11:09:01","slug":"escola-de-vida-les-planes-la-florida","status":"publish","type":"post","link":"https:\/\/diarieducacio.cat\/senderi\/2022\/06\/13\/escola-de-vida-les-planes-la-florida\/","title":{"rendered":"Escola de Vida Les Planes &#8211; La Florida"},"content":{"rendered":"<p>El projecte marc de l&#8217;Escola de Vida Les Planes &#8211; La Florida neix al 2019 per donar resposta a les necessitats formatives dels joves i adults als barris de Les Planes i la Florida de l&#8217;Hospitalet de Llobregat, barris on no hi ha escola d&#8217;adults.<\/p>\n<ul>\n<li>\u00c9s un projecte de formaci\u00f3 permanent adre\u00e7at a persones majors dels 16 anys amb voluntat comunit\u00e0ria, que s&#8217;emmarca dins de la Comunitat d&#8217;Aprenentatge de l&#8217;Escola d&#8217;Educaci\u00f3 Infantil i Prim\u00e0ria Joaquim Ruyra.<\/li>\n<li><b>L&#8217;Associaci\u00f3 de Fam\u00edlies (AFA) de l&#8217;Escola Joaquim Ruyra,<\/b>\u00a0entitat sense \u00e0nim de lucre, finan\u00e7ada a trav\u00e9s de les quotes de familiars de l&#8217;alumnat de l&#8217;escola,\u00a0<b>n&#8217;\u00e9s l&#8217;entitat que impulsa i gestiona el projecte.<\/b>\u00a0L&#8217;AFA, amb el suport de l&#8217;equip directiu de l&#8217;escola, disposen de les condicions per a qu\u00e8 el projecte de l&#8217;Escola de Vida sigui avui una realitat al barri.<\/li>\n<li>L&#8217;Escola de Vida (EdV) ofereix la possibilitat d&#8217;adquirir i\/o completar coneixements, compet\u00e8ncies b\u00e0siques i aptituds necess\u00e0ries per al desenvolupament personal, professional i social de ve\u00efns i ve\u00efnes del barri. Prioritzem els habitants de Les Planes i la Florida (districte V de la ciutat de l&#8217;Hospitalet), donat que al districte de la Florida no existeix escola de formaci\u00f3 d&#8217;adults. L&#8217;escola est\u00e0 oberta a qualsevol persona de la ciutat.<\/li>\n<li>T\u00e9 com a finalitat informar, formar, orientar i acompanyar a les persones per ajudar que aquestes puguin anar solucionant situacions concretes; <b>a la llarga ajudar en la millora de les seves condicions de vida.<\/b><\/li>\n<li>En aquest sentit oferim formacions reglades com els idiomes vehiculars (dins el marc europeu com\u00fa de refer\u00e8ncia per a les lleng\u00fces, MERC) i d&#8217;altres no formals, identificades a partir de les demandes de la poblaci\u00f3, com per exemple costura, inform\u00e0tica, tallers de crian\u00e7a, xerrades informatives i d&#8217;altres.<\/li>\n<li>La EdV <b>s&#8217;emmarca en la concepci\u00f3 de l&#8217;educaci\u00f3 com a proc\u00e9s permanent i integral de l&#8217;individu.<\/b> Incorpora metodologies participatives de l&#8217;educaci\u00f3 popular, treballa en xarxa amb entitats i serveis del territori dins del marc del Pla Integral del Barri (Ajuntament de l&#8217;Hospitalet).<\/li>\n<li>L&#8217;escola t\u00e9 una mirada <b>transversal de g\u00e8nere, intercultural i antiracista.<\/b><\/li>\n<li>L&#8217;escola t\u00e9 5 potes que cal assenyalar:<br \/>\n1. Formaci\u00f3 reglada i no reglada (CNL, La CAL, ACOF, altres)<br \/>\n2. Dinamitzaci\u00f3 de la participaci\u00f3 de les fam\u00edlies (tallers, xerrades, sessions informatives)<br \/>\n3. Orientaci\u00f3 formativa\/laboral (coordinaci\u00f3 amb el CROZN)<br \/>\n4. Espai de participaci\u00f3 de voluntariat a l&#8217;EdV i enfortiment de la participaci\u00f3 dels ve\u00efns i ve\u00efnes.<br \/>\n5. Treball en xarxa, treball comunitari (entitats del barri, serveis municipals, xarxa d&#8217;escoles i instituts, atenci\u00f3 socioeducativa amb una referent de serveis socials).<\/li>\n<\/ul>\n<p><a href=\"https:\/\/nostalgic-ishizaka.82-223-1-47.plesk.page\/senderi\/wp-content\/uploads\/sites\/27\/2022\/06\/escola-de-vida-3.jpeg\"><img fetchpriority=\"high\" decoding=\"async\" class=\"aligncenter wp-image-1337\" src=\"https:\/\/nostalgic-ishizaka.82-223-1-47.plesk.page\/senderi\/wp-content\/uploads\/sites\/27\/2022\/06\/escola-de-vida-3.jpeg\" alt=\"\" width=\"700\" height=\"525\" srcset=\"https:\/\/diarieducacio.cat\/senderi\/wp-content\/uploads\/sites\/27\/2022\/06\/escola-de-vida-3.jpeg 600w, https:\/\/diarieducacio.cat\/senderi\/wp-content\/uploads\/sites\/27\/2022\/06\/escola-de-vida-3-300x225.jpeg 300w, https:\/\/diarieducacio.cat\/senderi\/wp-content\/uploads\/sites\/27\/2022\/06\/escola-de-vida-3-150x113.jpeg 150w, https:\/\/diarieducacio.cat\/senderi\/wp-content\/uploads\/sites\/27\/2022\/06\/escola-de-vida-3-450x338.jpeg 450w\" sizes=\"(max-width: 700px) 100vw, 700px\" \/><\/a><\/p>\n<ul>\n<li style=\"text-align: left\">Si b\u00e9 l&#8217;EdV no s&#8217;adre\u00e7a espec\u00edficament a persones que han immigrat a Catalunya, podem afirmar que durant l&#8217;any 2021, van participar un total de 700 persones (170 inscrites al Centre de Normalitzaci\u00f3 Ling\u00fc\u00edstica CNL), la seva majoria d&#8217;origen extracomunitari.<\/li>\n<li>El 78 % de les participants s\u00f3n dones. El 71 % s\u00f3n origin\u00e0ries del continent AFRIC\u00c0 (53 % del Marroc) i15% d&#8217;\u00c0sia i la resta de llatinoam\u00e8rica (Rep. Dominicana, Hondures i altres). Tamb\u00e9 n&#8217;hi ha d&#8217;Espanya.<\/li>\n<li>L&#8217;edat majorit\u00e0ria dels i de les participants de l&#8217;Escola de Vida se situa entre els 26 i 45 anys (66%). En segon lloc, la franja d&#8217;edat \u00e9s d&#8217;entre el 46 i 65 anys (18%) i en tercer se situa la franja entre els 16 i 25 anys (11%).<\/li>\n<li>El 65% pertanyen als barris del Districte IV. Tot i que \u00e9s prioritat atendre a persones del districte IV, cal mencionar que un ter\u00e7 de l&#8217;alumnat (35%) t\u00e9 resid\u00e8ncia a altres barris de la ciutat, principalment barris de la zona nord de l&#8217;Hospitalet.<\/li>\n<li>Nom\u00e9s el 5% treballa amb contracte, tot i que sovint s\u00f3n feines temporals i prec\u00e0ries. El gruix de la poblaci\u00f3, el 83% no treballa o treballa sense contracte, el 2% s\u00f3n estudiants (majorit\u00e0riament universitaris que han vingut a fer un m\u00e0ster) i un 9% correspon a altres situacions, com per exemple: persones pensionistes, aut\u00f2noms i altres no declarats.<\/li>\n<li>Si mirem el nivell educatiu de l&#8217;alumnat, el 36% mai ha estat escolaritzat o no t\u00e9 finalitzats els estudis primaris, un 31% t\u00e9 la prim\u00e0ria, un 21% ha finalitzat els estudis secundaris. Nom\u00e9s el 10% disposa d&#8217;estudis superiors universitaris.<\/li>\n<li>Finalment, les formacions m\u00e9s demandades s\u00f3n: castell\u00e0 acollida, catal\u00e0 nivells b\u00e0sics i alfabetitzaci\u00f3. Actualment tenim:<br \/>\n\u00b7 2 grups d&#8217;alfabetitzaci\u00f3,<br \/>\n\u00b7 2 grups de neolectura<br \/>\n\u00b7 2 grups d&#8217;acollida en castell\u00e0<br \/>\n\u00b7 4 grups de castell\u00e0 A1 i A2<br \/>\n\u00b7 2 grups de conversa (castell\u00e0 i catal\u00e0)<br \/>\n\u00b7 5 grups de catal\u00e0 (B\u00e0sics I, II i III).<br \/>\n\u00b7 2 grups de Patronatge<br \/>\n\u00b7 Sessions de Siatsu (preiscripci\u00f3 social BROTES i CAP)<br \/>\n\u00b7 Taller de Crian\u00e7a positiva (0-6)<br \/>\n\u00b7 Taller d&#8217;Habilitats per cr\u00e9ixer de manera saludable des de la cura (6-12 i 12-16) amb 2 instituts i 5 escoles p\u00fabliques.<br \/>\n\u00b7 Aquest curs: Projecte intergeneracional i intercultural: Biblioteques humanes, en col\u00b7laboraci\u00f3 amb Pla Integral, Servei d&#8217;acollida i la biblioteca de la Florida.<\/li>\n<\/ul>\n<p><a href=\"https:\/\/nostalgic-ishizaka.82-223-1-47.plesk.page\/senderi\/wp-content\/uploads\/sites\/27\/2022\/06\/escolad-evida-1.jpeg\"><img decoding=\"async\" class=\"alignleft wp-image-1338\" src=\"https:\/\/nostalgic-ishizaka.82-223-1-47.plesk.page\/senderi\/wp-content\/uploads\/sites\/27\/2022\/06\/escolad-evida-1.jpeg\" alt=\"\" width=\"350\" height=\"467\" srcset=\"https:\/\/diarieducacio.cat\/senderi\/wp-content\/uploads\/sites\/27\/2022\/06\/escolad-evida-1.jpeg 450w, https:\/\/diarieducacio.cat\/senderi\/wp-content\/uploads\/sites\/27\/2022\/06\/escolad-evida-1-225x300.jpeg 225w, https:\/\/diarieducacio.cat\/senderi\/wp-content\/uploads\/sites\/27\/2022\/06\/escolad-evida-1-150x200.jpeg 150w\" sizes=\"(max-width: 350px) 100vw, 350px\" \/><\/a><\/p>\n<p style=\"text-align: left\">Per acabar us volem comentar un exemple de vida, dins de l&#8217;Escola de Vida, \u00e9s el grup de conversa en catal\u00e0. Aquest grup consta de 18 xerraires en edats compreses entre els 60 i 87 anys, totes elles castellanoparlants i vingudes a Catalunya en diferents onades migrat\u00f2ries des de la pen\u00ednsula.<\/p>\n<p>Cal remarcar l&#8217;ajut que rebem a nivell did\u00e0ctic i de material de la Coordinadora d&#8217;Associacions per la Llengua (CAL) i a nivell d&#8217;espai i log\u00edstica del personal de la biblioteca de La Florida.<\/p>\n<p>Qu\u00e8 fem? Enriquir-nos entre tots, la din\u00e0mica consisteix en fer preguntes, moltes d&#8217;elles referents a viv\u00e8ncies personals, com quan i com van venir a Catalunya, quines han estat les seves experi\u00e8ncies en el m\u00f3n del treball, d&#8217;aquesta manera tots tenim coses a dir, escoltar i comentar entre nosaltres. Un altre tema \u00e9s referent al coneixement que tenim de la ciutat i de Catalunya. I com que som una escola de Vida treballem el present, expliquem les activitats que fem setmanalment, per les dates especials i les activitats extraordin\u00e0ries (excursions, viatges,&#8230;).<\/p>\n<p>L&#8217;altre dia vam treballar els dies de la setmana, les estacions, els mesos i els n\u00fameros, per\u00f2 va resultar que totes les persones agafaven l&#8217;estaci\u00f3, el mes i el dia del seu aniversari i per aquest motiu vam treballar m\u00e9s els n\u00fameros del 60 al 87.<\/p>\n","protected":false},"excerpt":{"rendered":"<p>El projecte marc de l&#8217;Escola de Vida Les Planes &#8211; La Florida neix al 2019 per donar resposta a les necessitats formatives dels joves i adults als barris de Les Planes i la Florida de l&#8217;Hospitalet de Llobregat, barris on no hi ha escola d&#8217;adults. \u00c9s un projecte de formaci\u00f3 permanent adre\u00e7at a persones majors<\/p>\n","protected":false},"author":450,"featured_media":1336,"comment_status":"open","ping_status":"closed","sticky":false,"template":"","format":"standard","meta":{"footnotes":""},"categories":[126],"tags":[355,349,358,128,339],"tipo":[379],"class_list":{"0":"post-1335","1":"post","2":"type-post","3":"status-publish","4":"format-standard","5":"has-post-thumbnail","7":"category-experiencia-i-intercanvi","8":"tag-educacio-dadults","9":"tag-interculturalitat","10":"tag-oportunitats-educatives","11":"tag-participacio","12":"tag-treball-comunitari","13":"tipo-opinio"},"yoast_head":"<!-- This site is optimized with the Yoast SEO plugin v27.5 - https:\/\/yoast.com\/product\/yoast-seo-wordpress\/ -->\n<title>Escola de Vida Les Planes - La Florida - Senderi<\/title>\n<meta name=\"robots\" content=\"index, follow, max-snippet:-1, max-image-preview:large, max-video-preview:-1\" \/>\n<link rel=\"canonical\" href=\"https:\/\/diarieducacio.cat\/senderi\/2022\/06\/13\/escola-de-vida-les-planes-la-florida\/\" \/>\n<meta property=\"og:locale\" content=\"ca_ES\" \/>\n<meta property=\"og:type\" content=\"article\" \/>\n<meta property=\"og:title\" content=\"Escola de Vida Les Planes - La Florida - Senderi\" \/>\n<meta property=\"og:description\" content=\"El projecte marc de l&#8217;Escola de Vida Les Planes &#8211; La Florida neix al 2019 per donar resposta a les necessitats formatives dels joves i adults als barris de Les Planes i la Florida de l&#8217;Hospitalet de Llobregat, barris on no hi ha escola d&#8217;adults. \u00c9s un projecte de formaci\u00f3 permanent adre\u00e7at a persones majors\" \/>\n<meta property=\"og:url\" content=\"https:\/\/diarieducacio.cat\/senderi\/2022\/06\/13\/escola-de-vida-les-planes-la-florida\/\" \/>\n<meta property=\"og:site_name\" content=\"Senderi\" \/>\n<meta property=\"article:publisher\" content=\"https:\/\/www.facebook.com\/diarieducacio\/\" \/>\n<meta property=\"article:published_time\" content=\"2022-06-13T04:00:33+00:00\" \/>\n<meta property=\"article:modified_time\" content=\"2024-05-13T11:09:01+00:00\" \/>\n<meta property=\"og:image\" content=\"https:\/\/diarieducacio.cat\/senderi\/wp-content\/uploads\/sites\/27\/2022\/06\/escola-de-vida-2.jpeg\" \/>\n\t<meta property=\"og:image:width\" content=\"600\" \/>\n\t<meta property=\"og:image:height\" content=\"450\" \/>\n\t<meta property=\"og:image:type\" content=\"image\/jpeg\" \/>\n<meta name=\"author\" content=\"Jordi Ib\u00e1\u00f1ez i Figuera\" \/>\n<meta name=\"twitter:card\" content=\"summary_large_image\" \/>\n<meta name=\"twitter:creator\" content=\"@DiariEducacio\" \/>\n<meta name=\"twitter:site\" content=\"@DiariEducacio\" \/>\n<meta name=\"twitter:label1\" content=\"Escrit per\" \/>\n\t<meta name=\"twitter:data1\" content=\"Jordi Ib\u00e1\u00f1ez i Figuera\" \/>\n\t<meta name=\"twitter:label2\" content=\"Temps estimat de lectura\" \/>\n\t<meta name=\"twitter:data2\" content=\"5 minuts\" \/>\n<script type=\"application\/ld+json\" class=\"yoast-schema-graph\">{\"@context\":\"https:\\\/\\\/schema.org\",\"@graph\":[{\"@type\":\"Article\",\"@id\":\"https:\\\/\\\/diarieducacio.cat\\\/senderi\\\/2022\\\/06\\\/13\\\/escola-de-vida-les-planes-la-florida\\\/#article\",\"isPartOf\":{\"@id\":\"https:\\\/\\\/diarieducacio.cat\\\/senderi\\\/2022\\\/06\\\/13\\\/escola-de-vida-les-planes-la-florida\\\/\"},\"author\":{\"name\":\"Jordi Ib\u00e1\u00f1ez i Figuera\",\"@id\":\"https:\\\/\\\/diarieducacio.cat\\\/senderi\\\/#\\\/schema\\\/person\\\/c9865137be046215f8131603fb1ddfea\"},\"headline\":\"Escola de Vida Les Planes &#8211; La Florida\",\"datePublished\":\"2022-06-13T04:00:33+00:00\",\"dateModified\":\"2024-05-13T11:09:01+00:00\",\"mainEntityOfPage\":{\"@id\":\"https:\\\/\\\/diarieducacio.cat\\\/senderi\\\/2022\\\/06\\\/13\\\/escola-de-vida-les-planes-la-florida\\\/\"},\"wordCount\":1084,\"commentCount\":0,\"image\":{\"@id\":\"https:\\\/\\\/diarieducacio.cat\\\/senderi\\\/2022\\\/06\\\/13\\\/escola-de-vida-les-planes-la-florida\\\/#primaryimage\"},\"thumbnailUrl\":\"https:\\\/\\\/diarieducacio.cat\\\/senderi\\\/wp-content\\\/uploads\\\/sites\\\/27\\\/2022\\\/06\\\/escola-de-vida-2.jpeg\",\"keywords\":[\"educaci\u00f3 d'adults\",\"interculturalitat\",\"oportunitats educatives\",\"Participaci\u00f3\",\"treball comunitari\"],\"articleSection\":[\"Experi\u00e8ncia i intercanvi\"],\"inLanguage\":\"ca\",\"potentialAction\":[{\"@type\":\"CommentAction\",\"name\":\"Comment\",\"target\":[\"https:\\\/\\\/diarieducacio.cat\\\/senderi\\\/2022\\\/06\\\/13\\\/escola-de-vida-les-planes-la-florida\\\/#respond\"]}]},{\"@type\":\"WebPage\",\"@id\":\"https:\\\/\\\/diarieducacio.cat\\\/senderi\\\/2022\\\/06\\\/13\\\/escola-de-vida-les-planes-la-florida\\\/\",\"url\":\"https:\\\/\\\/diarieducacio.cat\\\/senderi\\\/2022\\\/06\\\/13\\\/escola-de-vida-les-planes-la-florida\\\/\",\"name\":\"Escola de Vida Les Planes - La Florida - Senderi\",\"isPartOf\":{\"@id\":\"https:\\\/\\\/diarieducacio.cat\\\/senderi\\\/#website\"},\"primaryImageOfPage\":{\"@id\":\"https:\\\/\\\/diarieducacio.cat\\\/senderi\\\/2022\\\/06\\\/13\\\/escola-de-vida-les-planes-la-florida\\\/#primaryimage\"},\"image\":{\"@id\":\"https:\\\/\\\/diarieducacio.cat\\\/senderi\\\/2022\\\/06\\\/13\\\/escola-de-vida-les-planes-la-florida\\\/#primaryimage\"},\"thumbnailUrl\":\"https:\\\/\\\/diarieducacio.cat\\\/senderi\\\/wp-content\\\/uploads\\\/sites\\\/27\\\/2022\\\/06\\\/escola-de-vida-2.jpeg\",\"datePublished\":\"2022-06-13T04:00:33+00:00\",\"dateModified\":\"2024-05-13T11:09:01+00:00\",\"author\":{\"@id\":\"https:\\\/\\\/diarieducacio.cat\\\/senderi\\\/#\\\/schema\\\/person\\\/c9865137be046215f8131603fb1ddfea\"},\"breadcrumb\":{\"@id\":\"https:\\\/\\\/diarieducacio.cat\\\/senderi\\\/2022\\\/06\\\/13\\\/escola-de-vida-les-planes-la-florida\\\/#breadcrumb\"},\"inLanguage\":\"ca\",\"potentialAction\":[{\"@type\":\"ReadAction\",\"target\":[\"https:\\\/\\\/diarieducacio.cat\\\/senderi\\\/2022\\\/06\\\/13\\\/escola-de-vida-les-planes-la-florida\\\/\"]}]},{\"@type\":\"ImageObject\",\"inLanguage\":\"ca\",\"@id\":\"https:\\\/\\\/diarieducacio.cat\\\/senderi\\\/2022\\\/06\\\/13\\\/escola-de-vida-les-planes-la-florida\\\/#primaryimage\",\"url\":\"https:\\\/\\\/diarieducacio.cat\\\/senderi\\\/wp-content\\\/uploads\\\/sites\\\/27\\\/2022\\\/06\\\/escola-de-vida-2.jpeg\",\"contentUrl\":\"https:\\\/\\\/diarieducacio.cat\\\/senderi\\\/wp-content\\\/uploads\\\/sites\\\/27\\\/2022\\\/06\\\/escola-de-vida-2.jpeg\",\"width\":600,\"height\":450,\"caption\":\"Escola de vida\"},{\"@type\":\"BreadcrumbList\",\"@id\":\"https:\\\/\\\/diarieducacio.cat\\\/senderi\\\/2022\\\/06\\\/13\\\/escola-de-vida-les-planes-la-florida\\\/#breadcrumb\",\"itemListElement\":[{\"@type\":\"ListItem\",\"position\":1,\"name\":\"Inici\",\"item\":\"https:\\\/\\\/diarieducacio.cat\\\/senderi\\\/\"},{\"@type\":\"ListItem\",\"position\":2,\"name\":\"Escola de Vida Les Planes &#8211; La Florida\"}]},{\"@type\":\"WebSite\",\"@id\":\"https:\\\/\\\/diarieducacio.cat\\\/senderi\\\/#website\",\"url\":\"https:\\\/\\\/diarieducacio.cat\\\/senderi\\\/\",\"name\":\"Senderi\",\"description\":\"Un blog de El Diari de l&#039;Educaci\u00f3\",\"potentialAction\":[{\"@type\":\"SearchAction\",\"target\":{\"@type\":\"EntryPoint\",\"urlTemplate\":\"https:\\\/\\\/diarieducacio.cat\\\/senderi\\\/?s={search_term_string}\"},\"query-input\":{\"@type\":\"PropertyValueSpecification\",\"valueRequired\":true,\"valueName\":\"search_term_string\"}}],\"inLanguage\":\"ca\"},{\"@type\":\"Person\",\"@id\":\"https:\\\/\\\/diarieducacio.cat\\\/senderi\\\/#\\\/schema\\\/person\\\/c9865137be046215f8131603fb1ddfea\",\"name\":\"Jordi Ib\u00e1\u00f1ez i Figuera\",\"image\":{\"@type\":\"ImageObject\",\"inLanguage\":\"ca\",\"@id\":\"https:\\\/\\\/secure.gravatar.com\\\/avatar\\\/e11bdaa0037dc3679724e2dcf818841d50263929c6c0ea46d22ccc92ff47ad9c?s=96&d=mm&r=g\",\"url\":\"https:\\\/\\\/secure.gravatar.com\\\/avatar\\\/e11bdaa0037dc3679724e2dcf818841d50263929c6c0ea46d22ccc92ff47ad9c?s=96&d=mm&r=g\",\"contentUrl\":\"https:\\\/\\\/secure.gravatar.com\\\/avatar\\\/e11bdaa0037dc3679724e2dcf818841d50263929c6c0ea46d22ccc92ff47ad9c?s=96&d=mm&r=g\",\"caption\":\"Jordi Ib\u00e1\u00f1ez i Figuera\"},\"url\":\"https:\\\/\\\/diarieducacio.cat\\\/senderi\\\/author\\\/jibanez\\\/\"}]}<\/script>\n<!-- \/ Yoast SEO plugin. -->","yoast_head_json":{"title":"Escola de Vida Les Planes - La Florida - Senderi","robots":{"index":"index","follow":"follow","max-snippet":"max-snippet:-1","max-image-preview":"max-image-preview:large","max-video-preview":"max-video-preview:-1"},"canonical":"https:\/\/diarieducacio.cat\/senderi\/2022\/06\/13\/escola-de-vida-les-planes-la-florida\/","og_locale":"ca_ES","og_type":"article","og_title":"Escola de Vida Les Planes - La Florida - Senderi","og_description":"El projecte marc de l&#8217;Escola de Vida Les Planes &#8211; La Florida neix al 2019 per donar resposta a les necessitats formatives dels joves i adults als barris de Les Planes i la Florida de l&#8217;Hospitalet de Llobregat, barris on no hi ha escola d&#8217;adults. \u00c9s un projecte de formaci\u00f3 permanent adre\u00e7at a persones majors","og_url":"https:\/\/diarieducacio.cat\/senderi\/2022\/06\/13\/escola-de-vida-les-planes-la-florida\/","og_site_name":"Senderi","article_publisher":"https:\/\/www.facebook.com\/diarieducacio\/","article_published_time":"2022-06-13T04:00:33+00:00","article_modified_time":"2024-05-13T11:09:01+00:00","og_image":[{"width":600,"height":450,"url":"https:\/\/diarieducacio.cat\/senderi\/wp-content\/uploads\/sites\/27\/2022\/06\/escola-de-vida-2.jpeg","type":"image\/jpeg"}],"author":"Jordi Ib\u00e1\u00f1ez i Figuera","twitter_card":"summary_large_image","twitter_creator":"@DiariEducacio","twitter_site":"@DiariEducacio","twitter_misc":{"Escrit per":"Jordi Ib\u00e1\u00f1ez i Figuera","Temps estimat de lectura":"5 minuts"},"schema":{"@context":"https:\/\/schema.org","@graph":[{"@type":"Article","@id":"https:\/\/diarieducacio.cat\/senderi\/2022\/06\/13\/escola-de-vida-les-planes-la-florida\/#article","isPartOf":{"@id":"https:\/\/diarieducacio.cat\/senderi\/2022\/06\/13\/escola-de-vida-les-planes-la-florida\/"},"author":{"name":"Jordi Ib\u00e1\u00f1ez i Figuera","@id":"https:\/\/diarieducacio.cat\/senderi\/#\/schema\/person\/c9865137be046215f8131603fb1ddfea"},"headline":"Escola de Vida Les Planes &#8211; La Florida","datePublished":"2022-06-13T04:00:33+00:00","dateModified":"2024-05-13T11:09:01+00:00","mainEntityOfPage":{"@id":"https:\/\/diarieducacio.cat\/senderi\/2022\/06\/13\/escola-de-vida-les-planes-la-florida\/"},"wordCount":1084,"commentCount":0,"image":{"@id":"https:\/\/diarieducacio.cat\/senderi\/2022\/06\/13\/escola-de-vida-les-planes-la-florida\/#primaryimage"},"thumbnailUrl":"https:\/\/diarieducacio.cat\/senderi\/wp-content\/uploads\/sites\/27\/2022\/06\/escola-de-vida-2.jpeg","keywords":["educaci\u00f3 d'adults","interculturalitat","oportunitats educatives","Participaci\u00f3","treball comunitari"],"articleSection":["Experi\u00e8ncia i intercanvi"],"inLanguage":"ca","potentialAction":[{"@type":"CommentAction","name":"Comment","target":["https:\/\/diarieducacio.cat\/senderi\/2022\/06\/13\/escola-de-vida-les-planes-la-florida\/#respond"]}]},{"@type":"WebPage","@id":"https:\/\/diarieducacio.cat\/senderi\/2022\/06\/13\/escola-de-vida-les-planes-la-florida\/","url":"https:\/\/diarieducacio.cat\/senderi\/2022\/06\/13\/escola-de-vida-les-planes-la-florida\/","name":"Escola de Vida Les Planes - La Florida - Senderi","isPartOf":{"@id":"https:\/\/diarieducacio.cat\/senderi\/#website"},"primaryImageOfPage":{"@id":"https:\/\/diarieducacio.cat\/senderi\/2022\/06\/13\/escola-de-vida-les-planes-la-florida\/#primaryimage"},"image":{"@id":"https:\/\/diarieducacio.cat\/senderi\/2022\/06\/13\/escola-de-vida-les-planes-la-florida\/#primaryimage"},"thumbnailUrl":"https:\/\/diarieducacio.cat\/senderi\/wp-content\/uploads\/sites\/27\/2022\/06\/escola-de-vida-2.jpeg","datePublished":"2022-06-13T04:00:33+00:00","dateModified":"2024-05-13T11:09:01+00:00","author":{"@id":"https:\/\/diarieducacio.cat\/senderi\/#\/schema\/person\/c9865137be046215f8131603fb1ddfea"},"breadcrumb":{"@id":"https:\/\/diarieducacio.cat\/senderi\/2022\/06\/13\/escola-de-vida-les-planes-la-florida\/#breadcrumb"},"inLanguage":"ca","potentialAction":[{"@type":"ReadAction","target":["https:\/\/diarieducacio.cat\/senderi\/2022\/06\/13\/escola-de-vida-les-planes-la-florida\/"]}]},{"@type":"ImageObject","inLanguage":"ca","@id":"https:\/\/diarieducacio.cat\/senderi\/2022\/06\/13\/escola-de-vida-les-planes-la-florida\/#primaryimage","url":"https:\/\/diarieducacio.cat\/senderi\/wp-content\/uploads\/sites\/27\/2022\/06\/escola-de-vida-2.jpeg","contentUrl":"https:\/\/diarieducacio.cat\/senderi\/wp-content\/uploads\/sites\/27\/2022\/06\/escola-de-vida-2.jpeg","width":600,"height":450,"caption":"Escola de vida"},{"@type":"BreadcrumbList","@id":"https:\/\/diarieducacio.cat\/senderi\/2022\/06\/13\/escola-de-vida-les-planes-la-florida\/#breadcrumb","itemListElement":[{"@type":"ListItem","position":1,"name":"Inici","item":"https:\/\/diarieducacio.cat\/senderi\/"},{"@type":"ListItem","position":2,"name":"Escola de Vida Les Planes &#8211; La Florida"}]},{"@type":"WebSite","@id":"https:\/\/diarieducacio.cat\/senderi\/#website","url":"https:\/\/diarieducacio.cat\/senderi\/","name":"Senderi","description":"Un blog de El Diari de l&#039;Educaci\u00f3","potentialAction":[{"@type":"SearchAction","target":{"@type":"EntryPoint","urlTemplate":"https:\/\/diarieducacio.cat\/senderi\/?s={search_term_string}"},"query-input":{"@type":"PropertyValueSpecification","valueRequired":true,"valueName":"search_term_string"}}],"inLanguage":"ca"},{"@type":"Person","@id":"https:\/\/diarieducacio.cat\/senderi\/#\/schema\/person\/c9865137be046215f8131603fb1ddfea","name":"Jordi Ib\u00e1\u00f1ez i Figuera","image":{"@type":"ImageObject","inLanguage":"ca","@id":"https:\/\/secure.gravatar.com\/avatar\/e11bdaa0037dc3679724e2dcf818841d50263929c6c0ea46d22ccc92ff47ad9c?s=96&d=mm&r=g","url":"https:\/\/secure.gravatar.com\/avatar\/e11bdaa0037dc3679724e2dcf818841d50263929c6c0ea46d22ccc92ff47ad9c?s=96&d=mm&r=g","contentUrl":"https:\/\/secure.gravatar.com\/avatar\/e11bdaa0037dc3679724e2dcf818841d50263929c6c0ea46d22ccc92ff47ad9c?s=96&d=mm&r=g","caption":"Jordi Ib\u00e1\u00f1ez i Figuera"},"url":"https:\/\/diarieducacio.cat\/senderi\/author\/jibanez\/"}]}},"_links":{"self":[{"href":"https:\/\/diarieducacio.cat\/senderi\/wp-json\/wp\/v2\/posts\/1335","targetHints":{"allow":["GET"]}}],"collection":[{"href":"https:\/\/diarieducacio.cat\/senderi\/wp-json\/wp\/v2\/posts"}],"about":[{"href":"https:\/\/diarieducacio.cat\/senderi\/wp-json\/wp\/v2\/types\/post"}],"author":[{"embeddable":true,"href":"https:\/\/diarieducacio.cat\/senderi\/wp-json\/wp\/v2\/users\/450"}],"replies":[{"embeddable":true,"href":"https:\/\/diarieducacio.cat\/senderi\/wp-json\/wp\/v2\/comments?post=1335"}],"version-history":[{"count":1,"href":"https:\/\/diarieducacio.cat\/senderi\/wp-json\/wp\/v2\/posts\/1335\/revisions"}],"predecessor-version":[{"id":1982,"href":"https:\/\/diarieducacio.cat\/senderi\/wp-json\/wp\/v2\/posts\/1335\/revisions\/1982"}],"wp:featuredmedia":[{"embeddable":true,"href":"https:\/\/diarieducacio.cat\/senderi\/wp-json\/wp\/v2\/media\/1336"}],"wp:attachment":[{"href":"https:\/\/diarieducacio.cat\/senderi\/wp-json\/wp\/v2\/media?parent=1335"}],"wp:term":[{"taxonomy":"category","embeddable":true,"href":"https:\/\/diarieducacio.cat\/senderi\/wp-json\/wp\/v2\/categories?post=1335"},{"taxonomy":"post_tag","embeddable":true,"href":"https:\/\/diarieducacio.cat\/senderi\/wp-json\/wp\/v2\/tags?post=1335"},{"taxonomy":"tipo","embeddable":true,"href":"https:\/\/diarieducacio.cat\/senderi\/wp-json\/wp\/v2\/tipo?post=1335"}],"curies":[{"name":"wp","href":"https:\/\/api.w.org\/{rel}","templated":true}]}}