{"id":2193,"date":"2025-03-04T16:46:11","date_gmt":"2025-03-04T15:46:11","guid":{"rendered":"https:\/\/diarieducacio.cat\/senderi\/?p=2193"},"modified":"2025-03-04T16:47:54","modified_gmt":"2025-03-04T15:47:54","slug":"fem-de-lecologisme-i-el-feminisme-una-manera-de-veure-i-viure","status":"publish","type":"post","link":"https:\/\/diarieducacio.cat\/senderi\/2025\/03\/04\/fem-de-lecologisme-i-el-feminisme-una-manera-de-veure-i-viure\/","title":{"rendered":"Fem de l&#8217;ecologisme i el feminisme una manera de veure i viure"},"content":{"rendered":"<div class=\"wp-block-image\">\n<figure class=\"aligncenter size-full\"><img fetchpriority=\"high\" decoding=\"async\" width=\"450\" height=\"563\" src=\"https:\/\/diarieducacio.cat\/senderi\/wp-content\/uploads\/sites\/27\/2025\/03\/fotovertical-copia.jpg\" alt=\"\" class=\"wp-image-2195\" srcset=\"https:\/\/diarieducacio.cat\/senderi\/wp-content\/uploads\/sites\/27\/2025\/03\/fotovertical-copia.jpg 450w, https:\/\/diarieducacio.cat\/senderi\/wp-content\/uploads\/sites\/27\/2025\/03\/fotovertical-copia-240x300.jpg 240w, https:\/\/diarieducacio.cat\/senderi\/wp-content\/uploads\/sites\/27\/2025\/03\/fotovertical-copia-150x188.jpg 150w\" sizes=\"(max-width: 450px) 100vw, 450px\" \/><\/figure>\n<\/div>\n\n\n<p>L&#8217;emerg\u00e8ncia clim\u00e0tica i social ens alerta de la necessitat de canviar la mirada en relaci\u00f3 amb la cura al medi i a les persones. Des de 2020 el projecte educatiu Fem Eco de la Fundaci\u00f3 Akwaba proporciona cr\u00edtica i transformaci\u00f3 tant a alumnes com a docents, un pas m\u00e9s per caminar conjuntament cap a la sostenibilitat global.<\/p>\n\n\n\n<p>Des d&#8217;Occident sovint s&#8217;ha ent\u00e8s l&#8217;hum\u00e0 com a quelcom a\u00efllat de la resta d&#8217;organismes vius, per\u00f2, realment els vincles que ens uneixen amb la naturalesa s\u00f3n infinits, tants com que som filles d&#8217;aquesta i en formem part. Necessitem aliments, aigua, materials i energia que provenen d&#8217;aquest entorn; trepitgem la terra i respirem l&#8217;aire. Els humans, com la resta d&#8217;esp\u00e8cies, som ecodependents, depenem dels ecosistemes que ens envolten per a viure; com diu Yayo Herrero: <em>Lo inerte forma parte de la vida, de la misma a la que pertenecemos; necesitamos esos elementos para seguir vivos, como el agua que es parte de nuestras mol\u00e9culas, de los sistemas de cultivo y de producci\u00f3n<\/em>&#8221; (Herrero, Yayo 2024).<\/p>\n\n\n\n<p>Amb el simple \u00fas individual d&#8217;aquests recursos no en tenim prou per a viure. Tamb\u00e9 som interdependents, som \u00e9ssers socials que necessitem altres humans per a viure i per a satisfer les nostres necessitats b\u00e0siques de cures, afecte, protecci\u00f3 o reconeixement.<\/p>\n\n\n\n<p>Tot i tenir cada vegada m\u00e9s clares aquestes relacions essencials, vivim en un sistema social, econ\u00f2mic i pol\u00edtic que ens planteja una realitat diferent; una realitat allunyada de la naturalesa i que emmascara les relacions de reciprocitat i cures imprescindibles per al sosteniment de la vida. Una realitat que s&#8217;allunya tant de la vida, que l&#8217;acaba vulnerant, tant la de les persones com la del medi ambient i els organismes que hi viuen.<\/p>\n\n\n\n<p>\u00c9s en aquest context de cerca d&#8217;unitat amb el m\u00f3n que vivim i de voluntat de construir societats m\u00e9s justes i igualit\u00e0ries que neix el projecte&nbsp;<em>Fem Eco: connectem el g\u00e8nere i el medi ambient a l&#8217;escola i al m\u00f3n. &#8220;Mirar a trav\u00e9s d&#8217;unes &#8216;ulleres ecofeministes&#8217; per a reflexionar i debatre sobre les construccions socials de g\u00e8nere associades a l&#8217;\u00fas i l&#8217;acc\u00e9s de recursos, com i qu\u00e8 implica posar la cura dels \u00e9ssers humans i no humans al centre, i com considerar les relacions d&#8217;interdepend\u00e8ncia i la vulnerabilitat com a part fonamental de la just\u00edcia global, m\u00e9s enll\u00e0 de l&#8217;obsessi\u00f3 pel creixement econ\u00f2mic<\/em>&#8221; (Akwaba, 2021).<\/p>\n\n\n\n<p>Aix\u00ed, davant la crisi ecosocial considerem central donar import\u00e0ncia a la perspectiva que ens aporta l&#8217;ecofeminisme; la lluita per la cura de les persones i el medi que ha de trobar-se per sobre de les explotacions voraces que presenta el sistema imperant. Entenem l&#8217;ecofeminisme com a forma de pensar, actuar i sentir. Aquesta \u00e9s una de les l\u00ednies que guia la nostra feina i \u00e9s un dels eixos que ens mou en la nostra tasca a les aules; l&#8217;ecofeminisme per a canviar la realitat de les joves i per a afavorir un canvi sist\u00e8mic m\u00e9s ampli, a nivell d&#8217;escola, institut i entorn local.<\/p>\n\n\n\n<p>Despr\u00e9s de la implementaci\u00f3 de la primera i la segona fase, en els cursos 2020-2022, el curs 2023-2024 s&#8217;ha implementat el projecte Fem Eco, en un format que recull bones pr\u00e0ctiques fruit de l&#8217;experi\u00e8ncia pr\u00e8via d&#8217;un format m\u00e9s extens. El projecte d&#8217;Aprenentatge Servei s&#8217;ha implementat als municipis de Rub\u00ed, Esplugues de Llobregat i Sant Climent de Llobregat en 5 centres, amb el suport de la Diputaci\u00f3 de Barcelona. Les participants han estat infants i joves de 5\u00e8 i 6\u00e8 de prim\u00e0ria, de 1r, 3r i 4t d&#8217;ESO i adultes de GESO 2. El projecte ha tingut cabuda en diferents modalitats, com a part de les assignatures de valors, o d&#8217;\u00e8tica. En el cas d&#8217;un institut de Rub\u00ed s&#8217;emmarcava dins del servei comunitari i a Esplugues de Llobregat en un CFA i amb el projecte \u00c8XIT. Una bona oportunitat per implementar la CC4 de la Compet\u00e8ncia ciutadana de prim\u00e0ria i secund\u00e0ria.<\/p>\n\n\n\n<p>En les sessions, fem servir metodologies vivencials, creatives i art\u00edstiques, aix\u00ed com l&#8217;IAP (Investigaci\u00f3 Acci\u00f3 Participaci\u00f3), on l&#8217;alumnat deixa de ser oient passiu de continguts i passa a ser agent generador de sabers, per a incorporar la seva experi\u00e8ncia en el proc\u00e9s d&#8217;aprenentatge. I \u00e9s a partir de la seva experi\u00e8ncia que es treballa.<\/p>\n\n\n\n<p>El projecte consta, principalment de tres parts: a la primera, per a apropar el marc conceptual a partir de din\u00e0miques i activitats de moviment corporal art\u00edstiques, introdu\u00efm conceptes centrals del projecte: ecodepend\u00e8ncia, interdepend\u00e8ncia, cures, vulnerabilitat i interseccionalitat.<\/p>\n\n\n\n<p>Com a segona part, un cop compartides les bases amb les quals treballarem ens encaminem amb l&#8217;alumnat a fer la investigaci\u00f3. Ens posem les ulleres ecofeministes i sortim de les aules per a investigar el centre educatiu i l&#8217;entorn proper. L&#8217;objectiu \u00e9s detectar vulneracions de drets al medi ambient i a les persones, aix\u00ed com pr\u00e0ctiques positives. Amb la informaci\u00f3 recollida ja estem llestes per a la tercera part: l&#8217;artivisme. Com a final de projecte, per tal d&#8217;aplicar all\u00f2 apr\u00e8s al propi context l&#8217;alumnat desenvolupa un projecte art\u00edstic i d&#8217;incid\u00e8ncia, el Servei, per a denunciar injust\u00edcies, visibilitzar desigualtats i destacar bones pr\u00e0ctiques de cura al medi i a les persones que contribueixen en l&#8217;exercici dels drets treballats.<\/p>\n\n\n\n<p>Per a finalitzar, en el projecte hem pogut veure com alumnat i professorat aprofundeix en temes de sostenibilitat i equitat de g\u00e8nere. Des d&#8217;Akwaba aportem formaci\u00f3 des d&#8217;una perspectiva local i global.<\/p>\n\n\n\n<p>Del projecte, tamb\u00e9 en destaquem la import\u00e0ncia de les cures entre persones i amb el medi ambient com a element per a l&#8217;assoliment del dret a la no discriminaci\u00f3 i el dret al medi ambient sa. Aix\u00ed com la import\u00e0ncia de l&#8217;educaci\u00f3 per a la transformaci\u00f3 social; apostem pel treball a les aules com a manera d&#8217;afavorir societats m\u00e9s justes i igualit\u00e0ries, per a viure en societats m\u00e9s sostenibles ambientalment i humanament. Continuar educant perqu\u00e8 la futura poblaci\u00f3 tingui una mirada cr\u00edtica envers el nostre entorn i es mogui per a transformar el present en futurs millors.<\/p>\n\n\n\n<p><strong>Testimonis<\/strong><br>&#8220;Hem treballat el respecte a les persones i al medi ambient d&#8217;una forma diferent, m\u00e9s din\u00e0mica treballant tant a dins l&#8217;aula com a fora de l&#8217;aula, per veure mancances i faltes de respecte a la gent i al medi ambient. Hem fet una comunitat per veure com podem solucionar-ho, aquestes col\u00b7laboracions s\u00f3n molt importants per a l&#8217;alumnat perqu\u00e8 el missatge arriba millor de forma m\u00e9s l\u00fadica i din\u00e0mica.&#8221;<br>(Marta, professora de l&#8217;Escola Maristes Rub\u00ed)<\/p>\n\n\n\n<p>&#8220;Per a que la gent reflexioni sobre el medi ambient, les relacions entre professorat i alumnat i tamb\u00e9 la igualtat de g\u00e8nere. Estem creant un arbre amb missatges que ajuden que la gent canvi\u00ef aquesta manera de pensar.&#8221;<br>(\u00c1ngel, alumne Institut Joanot Martorell d&#8217;Esplugues de Llobregat)<\/p>\n\n\n\n<p>&#8220;El Fem Eco tamb\u00e9 es fa amb m\u00e9s escoles, no nom\u00e9s amb aquesta [&#8230;] ens van posar per tres grups, i pos\u00e0vem qu\u00e8 canviaries del m\u00f3n i qu\u00e8 canviaries de Sant Climent i qu\u00e8 canviaries de l&#8217;escola.&#8221;<br>(Nora, alumna Escola Sant Climent de Sant Climent de Llobregat)<\/p>\n\n\n\n<p><strong>Bibliografia<\/strong><br>Fundaci\u00f3 Akwaba (2024).<em> Recull d&#8217;experi\u00e8ncies Fem Eco curs 2023\/2024<\/em><br>Herrero, Yayo. (2024). <em>Violencias ecol\u00f3gicas y alternativas desde una mirada ecofeminista. Confer\u00e8ncia <\/em>UAB 11 de gener de 2024.<br>Fundaci\u00f3 Akwaba (2021). <em>GUIA PEDAG\u00d2GICA. Primera fase Fem Eco: connectem el g\u00e8nere i el medi ambient a l&#8217;escola i al m\u00f3n. p\u00e0g. 229<\/em>.<\/p>\n","protected":false},"excerpt":{"rendered":"<p>L&#8217;emerg\u00e8ncia clim\u00e0tica i social ens alerta de la necessitat de canviar la mirada en relaci\u00f3 amb la cura al medi i a les persones. Des de 2020 el projecte educatiu Fem Eco de la Fundaci\u00f3 Akwaba proporciona cr\u00edtica i transformaci\u00f3 tant a alumnes com a docents, un pas m\u00e9s per caminar conjuntament cap a la<\/p>\n","protected":false},"author":2011,"featured_media":2197,"comment_status":"open","ping_status":"open","sticky":false,"template":"","format":"standard","meta":{"footnotes":""},"categories":[126],"tags":[363,329],"tipo":[],"class_list":{"0":"post-2193","1":"post","2":"type-post","3":"status-publish","4":"format-standard","5":"has-post-thumbnail","7":"category-experiencia-i-intercanvi","8":"tag-educacio-emocional","9":"tag-educacio-en-valors"},"yoast_head":"<!-- This site is optimized with the Yoast SEO plugin v27.5 - https:\/\/yoast.com\/product\/yoast-seo-wordpress\/ -->\n<title>Fem de l&#039;ecologisme i el feminisme una manera de veure i viure - Senderi<\/title>\n<meta name=\"robots\" content=\"index, follow, max-snippet:-1, max-image-preview:large, max-video-preview:-1\" \/>\n<link rel=\"canonical\" href=\"https:\/\/diarieducacio.cat\/senderi\/2025\/03\/04\/fem-de-lecologisme-i-el-feminisme-una-manera-de-veure-i-viure\/\" \/>\n<meta property=\"og:locale\" content=\"ca_ES\" \/>\n<meta property=\"og:type\" content=\"article\" \/>\n<meta property=\"og:title\" content=\"Fem de l&#039;ecologisme i el feminisme una manera de veure i viure - Senderi\" \/>\n<meta property=\"og:description\" content=\"L&#8217;emerg\u00e8ncia clim\u00e0tica i social ens alerta de la necessitat de canviar la mirada en relaci\u00f3 amb la cura al medi i a les persones. Des de 2020 el projecte educatiu Fem Eco de la Fundaci\u00f3 Akwaba proporciona cr\u00edtica i transformaci\u00f3 tant a alumnes com a docents, un pas m\u00e9s per caminar conjuntament cap a la\" \/>\n<meta property=\"og:url\" content=\"https:\/\/diarieducacio.cat\/senderi\/2025\/03\/04\/fem-de-lecologisme-i-el-feminisme-una-manera-de-veure-i-viure\/\" \/>\n<meta property=\"og:site_name\" content=\"Senderi\" \/>\n<meta property=\"article:publisher\" content=\"https:\/\/www.facebook.com\/diarieducacio\/\" \/>\n<meta property=\"article:published_time\" content=\"2025-03-04T15:46:11+00:00\" \/>\n<meta property=\"article:modified_time\" content=\"2025-03-04T15:47:54+00:00\" \/>\n<meta property=\"og:image\" content=\"https:\/\/diarieducacio.cat\/senderi\/wp-content\/uploads\/sites\/27\/2025\/03\/fotovertical-copia-1.jpg\" \/>\n\t<meta property=\"og:image:width\" content=\"200\" \/>\n\t<meta property=\"og:image:height\" content=\"200\" \/>\n\t<meta property=\"og:image:type\" content=\"image\/jpeg\" \/>\n<meta name=\"author\" content=\"Pol Batlle\" \/>\n<meta name=\"twitter:card\" content=\"summary_large_image\" \/>\n<meta name=\"twitter:creator\" content=\"@DiariEducacio\" \/>\n<meta name=\"twitter:site\" content=\"@DiariEducacio\" \/>\n<meta name=\"twitter:label1\" content=\"Escrit per\" \/>\n\t<meta name=\"twitter:data1\" content=\"Pol Batlle\" \/>\n\t<meta name=\"twitter:label2\" content=\"Temps estimat de lectura\" \/>\n\t<meta name=\"twitter:data2\" content=\"6 minuts\" \/>\n<script type=\"application\/ld+json\" class=\"yoast-schema-graph\">{\"@context\":\"https:\\\/\\\/schema.org\",\"@graph\":[{\"@type\":\"Article\",\"@id\":\"https:\\\/\\\/diarieducacio.cat\\\/senderi\\\/2025\\\/03\\\/04\\\/fem-de-lecologisme-i-el-feminisme-una-manera-de-veure-i-viure\\\/#article\",\"isPartOf\":{\"@id\":\"https:\\\/\\\/diarieducacio.cat\\\/senderi\\\/2025\\\/03\\\/04\\\/fem-de-lecologisme-i-el-feminisme-una-manera-de-veure-i-viure\\\/\"},\"author\":{\"name\":\"Pol Batlle\",\"@id\":\"https:\\\/\\\/diarieducacio.cat\\\/senderi\\\/#\\\/schema\\\/person\\\/76053e84ffd5705cf82315cc01b4b366\"},\"headline\":\"Fem de l&#8217;ecologisme i el feminisme una manera de veure i viure\",\"datePublished\":\"2025-03-04T15:46:11+00:00\",\"dateModified\":\"2025-03-04T15:47:54+00:00\",\"mainEntityOfPage\":{\"@id\":\"https:\\\/\\\/diarieducacio.cat\\\/senderi\\\/2025\\\/03\\\/04\\\/fem-de-lecologisme-i-el-feminisme-una-manera-de-veure-i-viure\\\/\"},\"wordCount\":1335,\"commentCount\":0,\"image\":{\"@id\":\"https:\\\/\\\/diarieducacio.cat\\\/senderi\\\/2025\\\/03\\\/04\\\/fem-de-lecologisme-i-el-feminisme-una-manera-de-veure-i-viure\\\/#primaryimage\"},\"thumbnailUrl\":\"https:\\\/\\\/diarieducacio.cat\\\/senderi\\\/wp-content\\\/uploads\\\/sites\\\/27\\\/2025\\\/03\\\/fotovertical-copia-1.jpg\",\"keywords\":[\"educaci\u00f3 emocional\",\"educaci\u00f3 en valors\"],\"articleSection\":[\"Experi\u00e8ncia i intercanvi\"],\"inLanguage\":\"ca\",\"potentialAction\":[{\"@type\":\"CommentAction\",\"name\":\"Comment\",\"target\":[\"https:\\\/\\\/diarieducacio.cat\\\/senderi\\\/2025\\\/03\\\/04\\\/fem-de-lecologisme-i-el-feminisme-una-manera-de-veure-i-viure\\\/#respond\"]}]},{\"@type\":\"WebPage\",\"@id\":\"https:\\\/\\\/diarieducacio.cat\\\/senderi\\\/2025\\\/03\\\/04\\\/fem-de-lecologisme-i-el-feminisme-una-manera-de-veure-i-viure\\\/\",\"url\":\"https:\\\/\\\/diarieducacio.cat\\\/senderi\\\/2025\\\/03\\\/04\\\/fem-de-lecologisme-i-el-feminisme-una-manera-de-veure-i-viure\\\/\",\"name\":\"Fem de l'ecologisme i el feminisme una manera de veure i viure - Senderi\",\"isPartOf\":{\"@id\":\"https:\\\/\\\/diarieducacio.cat\\\/senderi\\\/#website\"},\"primaryImageOfPage\":{\"@id\":\"https:\\\/\\\/diarieducacio.cat\\\/senderi\\\/2025\\\/03\\\/04\\\/fem-de-lecologisme-i-el-feminisme-una-manera-de-veure-i-viure\\\/#primaryimage\"},\"image\":{\"@id\":\"https:\\\/\\\/diarieducacio.cat\\\/senderi\\\/2025\\\/03\\\/04\\\/fem-de-lecologisme-i-el-feminisme-una-manera-de-veure-i-viure\\\/#primaryimage\"},\"thumbnailUrl\":\"https:\\\/\\\/diarieducacio.cat\\\/senderi\\\/wp-content\\\/uploads\\\/sites\\\/27\\\/2025\\\/03\\\/fotovertical-copia-1.jpg\",\"datePublished\":\"2025-03-04T15:46:11+00:00\",\"dateModified\":\"2025-03-04T15:47:54+00:00\",\"author\":{\"@id\":\"https:\\\/\\\/diarieducacio.cat\\\/senderi\\\/#\\\/schema\\\/person\\\/76053e84ffd5705cf82315cc01b4b366\"},\"breadcrumb\":{\"@id\":\"https:\\\/\\\/diarieducacio.cat\\\/senderi\\\/2025\\\/03\\\/04\\\/fem-de-lecologisme-i-el-feminisme-una-manera-de-veure-i-viure\\\/#breadcrumb\"},\"inLanguage\":\"ca\",\"potentialAction\":[{\"@type\":\"ReadAction\",\"target\":[\"https:\\\/\\\/diarieducacio.cat\\\/senderi\\\/2025\\\/03\\\/04\\\/fem-de-lecologisme-i-el-feminisme-una-manera-de-veure-i-viure\\\/\"]}]},{\"@type\":\"ImageObject\",\"inLanguage\":\"ca\",\"@id\":\"https:\\\/\\\/diarieducacio.cat\\\/senderi\\\/2025\\\/03\\\/04\\\/fem-de-lecologisme-i-el-feminisme-una-manera-de-veure-i-viure\\\/#primaryimage\",\"url\":\"https:\\\/\\\/diarieducacio.cat\\\/senderi\\\/wp-content\\\/uploads\\\/sites\\\/27\\\/2025\\\/03\\\/fotovertical-copia-1.jpg\",\"contentUrl\":\"https:\\\/\\\/diarieducacio.cat\\\/senderi\\\/wp-content\\\/uploads\\\/sites\\\/27\\\/2025\\\/03\\\/fotovertical-copia-1.jpg\",\"width\":200,\"height\":200},{\"@type\":\"BreadcrumbList\",\"@id\":\"https:\\\/\\\/diarieducacio.cat\\\/senderi\\\/2025\\\/03\\\/04\\\/fem-de-lecologisme-i-el-feminisme-una-manera-de-veure-i-viure\\\/#breadcrumb\",\"itemListElement\":[{\"@type\":\"ListItem\",\"position\":1,\"name\":\"Inici\",\"item\":\"https:\\\/\\\/diarieducacio.cat\\\/senderi\\\/\"},{\"@type\":\"ListItem\",\"position\":2,\"name\":\"Fem de l&#8217;ecologisme i el feminisme una manera de veure i viure\"}]},{\"@type\":\"WebSite\",\"@id\":\"https:\\\/\\\/diarieducacio.cat\\\/senderi\\\/#website\",\"url\":\"https:\\\/\\\/diarieducacio.cat\\\/senderi\\\/\",\"name\":\"Senderi\",\"description\":\"Un blog de El Diari de l&#039;Educaci\u00f3\",\"potentialAction\":[{\"@type\":\"SearchAction\",\"target\":{\"@type\":\"EntryPoint\",\"urlTemplate\":\"https:\\\/\\\/diarieducacio.cat\\\/senderi\\\/?s={search_term_string}\"},\"query-input\":{\"@type\":\"PropertyValueSpecification\",\"valueRequired\":true,\"valueName\":\"search_term_string\"}}],\"inLanguage\":\"ca\"},{\"@type\":\"Person\",\"@id\":\"https:\\\/\\\/diarieducacio.cat\\\/senderi\\\/#\\\/schema\\\/person\\\/76053e84ffd5705cf82315cc01b4b366\",\"name\":\"Pol Batlle\",\"image\":{\"@type\":\"ImageObject\",\"inLanguage\":\"ca\",\"@id\":\"https:\\\/\\\/diarieducacio.cat\\\/senderi\\\/wp-content\\\/uploads\\\/sites\\\/27\\\/2025\\\/03\\\/pol-batlle_avatar-96x96.jpg\",\"url\":\"https:\\\/\\\/diarieducacio.cat\\\/senderi\\\/wp-content\\\/uploads\\\/sites\\\/27\\\/2025\\\/03\\\/pol-batlle_avatar-96x96.jpg\",\"contentUrl\":\"https:\\\/\\\/diarieducacio.cat\\\/senderi\\\/wp-content\\\/uploads\\\/sites\\\/27\\\/2025\\\/03\\\/pol-batlle_avatar-96x96.jpg\",\"caption\":\"Pol Batlle\"},\"description\":\"Fundaci\u00f3 Akwava\",\"url\":\"https:\\\/\\\/diarieducacio.cat\\\/senderi\\\/author\\\/pbatlle\\\/\"}]}<\/script>\n<!-- \/ Yoast SEO plugin. -->","yoast_head_json":{"title":"Fem de l'ecologisme i el feminisme una manera de veure i viure - Senderi","robots":{"index":"index","follow":"follow","max-snippet":"max-snippet:-1","max-image-preview":"max-image-preview:large","max-video-preview":"max-video-preview:-1"},"canonical":"https:\/\/diarieducacio.cat\/senderi\/2025\/03\/04\/fem-de-lecologisme-i-el-feminisme-una-manera-de-veure-i-viure\/","og_locale":"ca_ES","og_type":"article","og_title":"Fem de l'ecologisme i el feminisme una manera de veure i viure - Senderi","og_description":"L&#8217;emerg\u00e8ncia clim\u00e0tica i social ens alerta de la necessitat de canviar la mirada en relaci\u00f3 amb la cura al medi i a les persones. Des de 2020 el projecte educatiu Fem Eco de la Fundaci\u00f3 Akwaba proporciona cr\u00edtica i transformaci\u00f3 tant a alumnes com a docents, un pas m\u00e9s per caminar conjuntament cap a la","og_url":"https:\/\/diarieducacio.cat\/senderi\/2025\/03\/04\/fem-de-lecologisme-i-el-feminisme-una-manera-de-veure-i-viure\/","og_site_name":"Senderi","article_publisher":"https:\/\/www.facebook.com\/diarieducacio\/","article_published_time":"2025-03-04T15:46:11+00:00","article_modified_time":"2025-03-04T15:47:54+00:00","og_image":[{"width":200,"height":200,"url":"https:\/\/diarieducacio.cat\/senderi\/wp-content\/uploads\/sites\/27\/2025\/03\/fotovertical-copia-1.jpg","type":"image\/jpeg"}],"author":"Pol Batlle","twitter_card":"summary_large_image","twitter_creator":"@DiariEducacio","twitter_site":"@DiariEducacio","twitter_misc":{"Escrit per":"Pol Batlle","Temps estimat de lectura":"6 minuts"},"schema":{"@context":"https:\/\/schema.org","@graph":[{"@type":"Article","@id":"https:\/\/diarieducacio.cat\/senderi\/2025\/03\/04\/fem-de-lecologisme-i-el-feminisme-una-manera-de-veure-i-viure\/#article","isPartOf":{"@id":"https:\/\/diarieducacio.cat\/senderi\/2025\/03\/04\/fem-de-lecologisme-i-el-feminisme-una-manera-de-veure-i-viure\/"},"author":{"name":"Pol Batlle","@id":"https:\/\/diarieducacio.cat\/senderi\/#\/schema\/person\/76053e84ffd5705cf82315cc01b4b366"},"headline":"Fem de l&#8217;ecologisme i el feminisme una manera de veure i viure","datePublished":"2025-03-04T15:46:11+00:00","dateModified":"2025-03-04T15:47:54+00:00","mainEntityOfPage":{"@id":"https:\/\/diarieducacio.cat\/senderi\/2025\/03\/04\/fem-de-lecologisme-i-el-feminisme-una-manera-de-veure-i-viure\/"},"wordCount":1335,"commentCount":0,"image":{"@id":"https:\/\/diarieducacio.cat\/senderi\/2025\/03\/04\/fem-de-lecologisme-i-el-feminisme-una-manera-de-veure-i-viure\/#primaryimage"},"thumbnailUrl":"https:\/\/diarieducacio.cat\/senderi\/wp-content\/uploads\/sites\/27\/2025\/03\/fotovertical-copia-1.jpg","keywords":["educaci\u00f3 emocional","educaci\u00f3 en valors"],"articleSection":["Experi\u00e8ncia i intercanvi"],"inLanguage":"ca","potentialAction":[{"@type":"CommentAction","name":"Comment","target":["https:\/\/diarieducacio.cat\/senderi\/2025\/03\/04\/fem-de-lecologisme-i-el-feminisme-una-manera-de-veure-i-viure\/#respond"]}]},{"@type":"WebPage","@id":"https:\/\/diarieducacio.cat\/senderi\/2025\/03\/04\/fem-de-lecologisme-i-el-feminisme-una-manera-de-veure-i-viure\/","url":"https:\/\/diarieducacio.cat\/senderi\/2025\/03\/04\/fem-de-lecologisme-i-el-feminisme-una-manera-de-veure-i-viure\/","name":"Fem de l'ecologisme i el feminisme una manera de veure i viure - Senderi","isPartOf":{"@id":"https:\/\/diarieducacio.cat\/senderi\/#website"},"primaryImageOfPage":{"@id":"https:\/\/diarieducacio.cat\/senderi\/2025\/03\/04\/fem-de-lecologisme-i-el-feminisme-una-manera-de-veure-i-viure\/#primaryimage"},"image":{"@id":"https:\/\/diarieducacio.cat\/senderi\/2025\/03\/04\/fem-de-lecologisme-i-el-feminisme-una-manera-de-veure-i-viure\/#primaryimage"},"thumbnailUrl":"https:\/\/diarieducacio.cat\/senderi\/wp-content\/uploads\/sites\/27\/2025\/03\/fotovertical-copia-1.jpg","datePublished":"2025-03-04T15:46:11+00:00","dateModified":"2025-03-04T15:47:54+00:00","author":{"@id":"https:\/\/diarieducacio.cat\/senderi\/#\/schema\/person\/76053e84ffd5705cf82315cc01b4b366"},"breadcrumb":{"@id":"https:\/\/diarieducacio.cat\/senderi\/2025\/03\/04\/fem-de-lecologisme-i-el-feminisme-una-manera-de-veure-i-viure\/#breadcrumb"},"inLanguage":"ca","potentialAction":[{"@type":"ReadAction","target":["https:\/\/diarieducacio.cat\/senderi\/2025\/03\/04\/fem-de-lecologisme-i-el-feminisme-una-manera-de-veure-i-viure\/"]}]},{"@type":"ImageObject","inLanguage":"ca","@id":"https:\/\/diarieducacio.cat\/senderi\/2025\/03\/04\/fem-de-lecologisme-i-el-feminisme-una-manera-de-veure-i-viure\/#primaryimage","url":"https:\/\/diarieducacio.cat\/senderi\/wp-content\/uploads\/sites\/27\/2025\/03\/fotovertical-copia-1.jpg","contentUrl":"https:\/\/diarieducacio.cat\/senderi\/wp-content\/uploads\/sites\/27\/2025\/03\/fotovertical-copia-1.jpg","width":200,"height":200},{"@type":"BreadcrumbList","@id":"https:\/\/diarieducacio.cat\/senderi\/2025\/03\/04\/fem-de-lecologisme-i-el-feminisme-una-manera-de-veure-i-viure\/#breadcrumb","itemListElement":[{"@type":"ListItem","position":1,"name":"Inici","item":"https:\/\/diarieducacio.cat\/senderi\/"},{"@type":"ListItem","position":2,"name":"Fem de l&#8217;ecologisme i el feminisme una manera de veure i viure"}]},{"@type":"WebSite","@id":"https:\/\/diarieducacio.cat\/senderi\/#website","url":"https:\/\/diarieducacio.cat\/senderi\/","name":"Senderi","description":"Un blog de El Diari de l&#039;Educaci\u00f3","potentialAction":[{"@type":"SearchAction","target":{"@type":"EntryPoint","urlTemplate":"https:\/\/diarieducacio.cat\/senderi\/?s={search_term_string}"},"query-input":{"@type":"PropertyValueSpecification","valueRequired":true,"valueName":"search_term_string"}}],"inLanguage":"ca"},{"@type":"Person","@id":"https:\/\/diarieducacio.cat\/senderi\/#\/schema\/person\/76053e84ffd5705cf82315cc01b4b366","name":"Pol Batlle","image":{"@type":"ImageObject","inLanguage":"ca","@id":"https:\/\/diarieducacio.cat\/senderi\/wp-content\/uploads\/sites\/27\/2025\/03\/pol-batlle_avatar-96x96.jpg","url":"https:\/\/diarieducacio.cat\/senderi\/wp-content\/uploads\/sites\/27\/2025\/03\/pol-batlle_avatar-96x96.jpg","contentUrl":"https:\/\/diarieducacio.cat\/senderi\/wp-content\/uploads\/sites\/27\/2025\/03\/pol-batlle_avatar-96x96.jpg","caption":"Pol Batlle"},"description":"Fundaci\u00f3 Akwava","url":"https:\/\/diarieducacio.cat\/senderi\/author\/pbatlle\/"}]}},"_links":{"self":[{"href":"https:\/\/diarieducacio.cat\/senderi\/wp-json\/wp\/v2\/posts\/2193","targetHints":{"allow":["GET"]}}],"collection":[{"href":"https:\/\/diarieducacio.cat\/senderi\/wp-json\/wp\/v2\/posts"}],"about":[{"href":"https:\/\/diarieducacio.cat\/senderi\/wp-json\/wp\/v2\/types\/post"}],"author":[{"embeddable":true,"href":"https:\/\/diarieducacio.cat\/senderi\/wp-json\/wp\/v2\/users\/2011"}],"replies":[{"embeddable":true,"href":"https:\/\/diarieducacio.cat\/senderi\/wp-json\/wp\/v2\/comments?post=2193"}],"version-history":[{"count":7,"href":"https:\/\/diarieducacio.cat\/senderi\/wp-json\/wp\/v2\/posts\/2193\/revisions"}],"predecessor-version":[{"id":2203,"href":"https:\/\/diarieducacio.cat\/senderi\/wp-json\/wp\/v2\/posts\/2193\/revisions\/2203"}],"wp:featuredmedia":[{"embeddable":true,"href":"https:\/\/diarieducacio.cat\/senderi\/wp-json\/wp\/v2\/media\/2197"}],"wp:attachment":[{"href":"https:\/\/diarieducacio.cat\/senderi\/wp-json\/wp\/v2\/media?parent=2193"}],"wp:term":[{"taxonomy":"category","embeddable":true,"href":"https:\/\/diarieducacio.cat\/senderi\/wp-json\/wp\/v2\/categories?post=2193"},{"taxonomy":"post_tag","embeddable":true,"href":"https:\/\/diarieducacio.cat\/senderi\/wp-json\/wp\/v2\/tags?post=2193"},{"taxonomy":"tipo","embeddable":true,"href":"https:\/\/diarieducacio.cat\/senderi\/wp-json\/wp\/v2\/tipo?post=2193"}],"curies":[{"name":"wp","href":"https:\/\/api.w.org\/{rel}","templated":true}]}}