{"id":2229,"date":"2025-05-09T10:43:00","date_gmt":"2025-05-09T08:43:00","guid":{"rendered":"https:\/\/diarieducacio.cat\/senderi\/?p=2229"},"modified":"2025-05-09T10:49:53","modified_gmt":"2025-05-09T08:49:53","slug":"la-bona-escola","status":"publish","type":"post","link":"https:\/\/diarieducacio.cat\/senderi\/2025\/05\/09\/la-bona-escola\/","title":{"rendered":"La bona escola"},"content":{"rendered":"<div class=\"wp-block-image\">\n<figure class=\"aligncenter size-full\"><img fetchpriority=\"high\" decoding=\"async\" width=\"450\" height=\"757\" src=\"https:\/\/diarieducacio.cat\/senderi\/wp-content\/uploads\/sites\/27\/2025\/05\/img0718.jpeg\" alt=\"\" class=\"wp-image-2230\" srcset=\"https:\/\/diarieducacio.cat\/senderi\/wp-content\/uploads\/sites\/27\/2025\/05\/img0718.jpeg 450w, https:\/\/diarieducacio.cat\/senderi\/wp-content\/uploads\/sites\/27\/2025\/05\/img0718-178x300.jpeg 178w, https:\/\/diarieducacio.cat\/senderi\/wp-content\/uploads\/sites\/27\/2025\/05\/img0718-150x252.jpeg 150w\" sizes=\"(max-width: 450px) 100vw, 450px\" \/><figcaption class=\"wp-element-caption\">Fotografia de Txell Trull\u00e0s (Projecte aparadors culturals)<\/figcaption><\/figure>\n<\/div>\n\n\n<p>La bona escola necessita mestres que trobin que els dies es fan tan curts, tant, que els dies passen volant. Docents que se sentin molt afortunats per compartir els dies que passen volant amb uns quants dels habitants m\u00e9s fr\u00e0gils del planeta, per\u00f2 que cada dia caminen m\u00e9s segurs i saben aprendre m\u00e9s i m\u00e9s de pressa que ells mateixos, els ensenyants.<\/p>\n\n\n\n<p>La bona escola disposa d&#8217;una biblioteca escolar en plena activitat o d&#8217;una biblioteca p\u00fablica a la vora amb equips de professionals com tamb\u00e9 de voluntaris entusiastes de la lectura. Bibliotecaris i bibliotec\u00e0ries que no reclamen silenci perqu\u00e8 tenen cura de facilitar les atmosferes tranquil\u00b7les.<\/p>\n\n\n\n<p>Igualment, \u00e9s necessari un hort participatiu m\u00e9s que productiu, moltes estones d&#8217;aire lliure o en espais d&#8217;interior on han de succeir les millors experi\u00e8ncies de coneixement que gaireb\u00e9 sempre s\u00f3n en grup -petit o no tant- com tamb\u00e9 les coreografies i les geografies personals o col\u00b7lectives. A la bona escola tothom sap dir bon dia i ad\u00e9u, encara que no se sap com ser\u00e0 o com ha estat el dia si magn\u00edfic o espant\u00f3s.<\/p>\n\n\n\n<p>Els m\u00e9s petits sempre tenen ra\u00f3 quan dialoguen amb els representants dels sindicats de professionals, algun dels quals fa pensar que no va anar a una bona escola. Els costa molt entendre que una escola no \u00e9s com una f\u00e0brica o un centre comercial, que els educadors han d&#8217;exercir tots els drets de reivindicaci\u00f3 laboral de la manera m\u00e9s efectiva i alhora menys lesiva. La bona escola valora amb equitat tots els professionals de la comunitat educativa, els retribueix b\u00e9 i s&#8217;interessa de manera regular pel seu programa de reciclatge, actualitzaci\u00f3 de coneixements o investigacions en curs. S\u00ed. A la bona escola es pot fer recerca compartida amb el m\u00f3n acad\u00e8mic perqu\u00e8 tamb\u00e9 hi ha acad\u00e8mics vivament interessats en les primeres etapes de l&#8217;aprenentatge i els primers nivells de l&#8217;educaci\u00f3. La bona escola deplora l&#8217;inici de curs amb els claustres parlant de festius i ponts. \u00c9s, sempre, una calamitat el professorat de qualsevol nivell a qui no li agrada la seva feina, sentiment que no es pot dissimular i que el silenci dels professionals de l&#8217;entorn agreuja.<\/p>\n\n\n\n<p>A la bona escola s&#8217;hi va a peu, i els trajectes d&#8217;anada i tornada s\u00f3n com una llarga conversa que cada dia recomen\u00e7a.<\/p>\n\n\n\n<blockquote class=\"wp-block-quote is-layout-flow wp-block-quote-is-layout-flow\">\n<p>A la bona escola s&#8217;hi va a peu, i els trajectes d&#8217;anada i tornada s\u00f3n com una llarga conversa que cada dia recomen\u00e7a<\/p>\n<\/blockquote>\n\n\n\n<p>Qui tria anar a l&#8217;escola en cotxe o bus particular est\u00e0 en el seu dret, com tamb\u00e9 en l&#8217;obligaci\u00f3 de pagar-lo \u00edntegrament de la seva butxaca. La bona escola i els seus inspectors vetllen per l&#8217;estabilitat dels equips, s\u00f3n solidaris amb els esfor\u00e7os que fan molts docents i assumeixen la responsabilitat de fer de l&#8217;\u00e8tica el fonament de les molt\u00edssimes relacions humanes que una escola genera.<\/p>\n\n\n\n<p>La capacitat d&#8217;educar est\u00e0 molt lligada al sentit de la responsabilitat, a l&#8217;art d&#8217;adaptar-se a situacions dif\u00edcils amb sentit com\u00fa, a l&#8217;esfor\u00e7 per aprendre a con\u00e8ixer les lli\u00e7ons m\u00e9s afortunades de la hist\u00f2ria de l&#8217;educaci\u00f3, tamb\u00e9 la catalana: l&#8217;escola del Bosc, la del Mar, les classes nocturnes als ateneus, Pau Vila, Alexandre Gal\u00ed, Francesc Ferrer Gu\u00e0rdia, Maria Montessori, Lola Anglada, el C.E.N.U. o Narcisa Freixas.<\/p>\n\n\n\n<p>\u00c9s nefast que un professor de futurs mestres no hagi llegit ni Mohamed Shukri ni Agota Kristof, perqu\u00e8 van haver d&#8217;aprendre de grans i ho van explicar molt b\u00e9 des de la literatura. \u00c9s gaireb\u00e9 una maledicci\u00f3 que hi hagi professors als qui no els agrada llegir o que s\u00f3n indiferents a les ci\u00e8ncies o a les arts. No acabem de trobar la bona escola, la millor, la dels professionals humils i preparad\u00edssims, amb sentit de l&#8217;humor i amb sentit cr\u00edtic, amb sentiment d&#8217;orgull davant dels progressos de tota mena, humans o acad\u00e8mics.<\/p>\n\n\n\n<p>No sabem quina \u00e9s la millor escola. Recordem, per\u00f2, els millors mestres, als qui els dies els passaven volant.<\/p>\n\n\n\n<p><\/p>\n","protected":false},"excerpt":{"rendered":"<p>La bona escola necessita mestres que trobin que els dies es fan tan curts, tant, que els dies passen volant. Docents que se sentin molt afortunats per compartir els dies que passen volant amb uns quants dels habitants m\u00e9s fr\u00e0gils del planeta, per\u00f2 que cada dia caminen m\u00e9s segurs i saben aprendre m\u00e9s i m\u00e9s<\/p>\n","protected":false},"author":2053,"featured_media":2233,"comment_status":"open","ping_status":"open","sticky":false,"template":"","format":"standard","meta":{"footnotes":""},"categories":[111],"tags":[109,192,385,386],"tipo":[379],"class_list":{"0":"post-2229","1":"post","2":"type-post","3":"status-publish","4":"format-standard","5":"has-post-thumbnail","7":"category-articles","8":"tag-educacio","9":"tag-escola","10":"tag-mestres","11":"tag-pedagogia","12":"tipo-opinio"},"yoast_head":"<!-- This site is optimized with the Yoast SEO plugin v27.4 - https:\/\/yoast.com\/product\/yoast-seo-wordpress\/ -->\n<title>La bona escola - Senderi<\/title>\n<meta name=\"robots\" content=\"index, follow, max-snippet:-1, max-image-preview:large, max-video-preview:-1\" \/>\n<link rel=\"canonical\" href=\"https:\/\/diarieducacio.cat\/senderi\/2025\/05\/09\/la-bona-escola\/\" \/>\n<meta property=\"og:locale\" content=\"ca_ES\" \/>\n<meta property=\"og:type\" content=\"article\" \/>\n<meta property=\"og:title\" content=\"La bona escola - Senderi\" \/>\n<meta property=\"og:description\" content=\"La bona escola necessita mestres que trobin que els dies es fan tan curts, tant, que els dies passen volant. Docents que se sentin molt afortunats per compartir els dies que passen volant amb uns quants dels habitants m\u00e9s fr\u00e0gils del planeta, per\u00f2 que cada dia caminen m\u00e9s segurs i saben aprendre m\u00e9s i m\u00e9s\" \/>\n<meta property=\"og:url\" content=\"https:\/\/diarieducacio.cat\/senderi\/2025\/05\/09\/la-bona-escola\/\" \/>\n<meta property=\"og:site_name\" content=\"Senderi\" \/>\n<meta property=\"article:publisher\" content=\"https:\/\/www.facebook.com\/diarieducacio\/\" \/>\n<meta property=\"article:published_time\" content=\"2025-05-09T08:43:00+00:00\" \/>\n<meta property=\"article:modified_time\" content=\"2025-05-09T08:49:53+00:00\" \/>\n<meta property=\"og:image\" content=\"https:\/\/diarieducacio.cat\/senderi\/wp-content\/uploads\/sites\/27\/2025\/05\/img0718-1.jpeg\" \/>\n\t<meta property=\"og:image:width\" content=\"200\" \/>\n\t<meta property=\"og:image:height\" content=\"200\" \/>\n\t<meta property=\"og:image:type\" content=\"image\/jpeg\" \/>\n<meta name=\"author\" content=\"Pruden Panad\u00e8s\" \/>\n<meta name=\"twitter:card\" content=\"summary_large_image\" \/>\n<meta name=\"twitter:creator\" content=\"@DiariEducacio\" \/>\n<meta name=\"twitter:site\" content=\"@DiariEducacio\" \/>\n<meta name=\"twitter:label1\" content=\"Escrit per\" \/>\n\t<meta name=\"twitter:data1\" content=\"Pruden Panad\u00e8s\" \/>\n\t<meta name=\"twitter:label2\" content=\"Temps estimat de lectura\" \/>\n\t<meta name=\"twitter:data2\" content=\"3 minuts\" \/>\n<script type=\"application\/ld+json\" class=\"yoast-schema-graph\">{\"@context\":\"https:\\\/\\\/schema.org\",\"@graph\":[{\"@type\":\"Article\",\"@id\":\"https:\\\/\\\/diarieducacio.cat\\\/senderi\\\/2025\\\/05\\\/09\\\/la-bona-escola\\\/#article\",\"isPartOf\":{\"@id\":\"https:\\\/\\\/diarieducacio.cat\\\/senderi\\\/2025\\\/05\\\/09\\\/la-bona-escola\\\/\"},\"author\":{\"name\":\"Pruden Panad\u00e8s\",\"@id\":\"https:\\\/\\\/diarieducacio.cat\\\/senderi\\\/#\\\/schema\\\/person\\\/97115f82ea958fa37b5101c507fd2efa\"},\"headline\":\"La bona escola\",\"datePublished\":\"2025-05-09T08:43:00+00:00\",\"dateModified\":\"2025-05-09T08:49:53+00:00\",\"mainEntityOfPage\":{\"@id\":\"https:\\\/\\\/diarieducacio.cat\\\/senderi\\\/2025\\\/05\\\/09\\\/la-bona-escola\\\/\"},\"wordCount\":726,\"commentCount\":0,\"image\":{\"@id\":\"https:\\\/\\\/diarieducacio.cat\\\/senderi\\\/2025\\\/05\\\/09\\\/la-bona-escola\\\/#primaryimage\"},\"thumbnailUrl\":\"https:\\\/\\\/diarieducacio.cat\\\/senderi\\\/wp-content\\\/uploads\\\/sites\\\/27\\\/2025\\\/05\\\/img0718-1.jpeg\",\"keywords\":[\"educaci\u00f3\",\"Escola\",\"mestres\",\"pedagogia\"],\"articleSection\":[\"Opini\u00f3\"],\"inLanguage\":\"ca\",\"potentialAction\":[{\"@type\":\"CommentAction\",\"name\":\"Comment\",\"target\":[\"https:\\\/\\\/diarieducacio.cat\\\/senderi\\\/2025\\\/05\\\/09\\\/la-bona-escola\\\/#respond\"]}]},{\"@type\":\"WebPage\",\"@id\":\"https:\\\/\\\/diarieducacio.cat\\\/senderi\\\/2025\\\/05\\\/09\\\/la-bona-escola\\\/\",\"url\":\"https:\\\/\\\/diarieducacio.cat\\\/senderi\\\/2025\\\/05\\\/09\\\/la-bona-escola\\\/\",\"name\":\"La bona escola - Senderi\",\"isPartOf\":{\"@id\":\"https:\\\/\\\/diarieducacio.cat\\\/senderi\\\/#website\"},\"primaryImageOfPage\":{\"@id\":\"https:\\\/\\\/diarieducacio.cat\\\/senderi\\\/2025\\\/05\\\/09\\\/la-bona-escola\\\/#primaryimage\"},\"image\":{\"@id\":\"https:\\\/\\\/diarieducacio.cat\\\/senderi\\\/2025\\\/05\\\/09\\\/la-bona-escola\\\/#primaryimage\"},\"thumbnailUrl\":\"https:\\\/\\\/diarieducacio.cat\\\/senderi\\\/wp-content\\\/uploads\\\/sites\\\/27\\\/2025\\\/05\\\/img0718-1.jpeg\",\"datePublished\":\"2025-05-09T08:43:00+00:00\",\"dateModified\":\"2025-05-09T08:49:53+00:00\",\"author\":{\"@id\":\"https:\\\/\\\/diarieducacio.cat\\\/senderi\\\/#\\\/schema\\\/person\\\/97115f82ea958fa37b5101c507fd2efa\"},\"breadcrumb\":{\"@id\":\"https:\\\/\\\/diarieducacio.cat\\\/senderi\\\/2025\\\/05\\\/09\\\/la-bona-escola\\\/#breadcrumb\"},\"inLanguage\":\"ca\",\"potentialAction\":[{\"@type\":\"ReadAction\",\"target\":[\"https:\\\/\\\/diarieducacio.cat\\\/senderi\\\/2025\\\/05\\\/09\\\/la-bona-escola\\\/\"]}]},{\"@type\":\"ImageObject\",\"inLanguage\":\"ca\",\"@id\":\"https:\\\/\\\/diarieducacio.cat\\\/senderi\\\/2025\\\/05\\\/09\\\/la-bona-escola\\\/#primaryimage\",\"url\":\"https:\\\/\\\/diarieducacio.cat\\\/senderi\\\/wp-content\\\/uploads\\\/sites\\\/27\\\/2025\\\/05\\\/img0718-1.jpeg\",\"contentUrl\":\"https:\\\/\\\/diarieducacio.cat\\\/senderi\\\/wp-content\\\/uploads\\\/sites\\\/27\\\/2025\\\/05\\\/img0718-1.jpeg\",\"width\":200,\"height\":200},{\"@type\":\"BreadcrumbList\",\"@id\":\"https:\\\/\\\/diarieducacio.cat\\\/senderi\\\/2025\\\/05\\\/09\\\/la-bona-escola\\\/#breadcrumb\",\"itemListElement\":[{\"@type\":\"ListItem\",\"position\":1,\"name\":\"Inici\",\"item\":\"https:\\\/\\\/diarieducacio.cat\\\/senderi\\\/\"},{\"@type\":\"ListItem\",\"position\":2,\"name\":\"La bona escola\"}]},{\"@type\":\"WebSite\",\"@id\":\"https:\\\/\\\/diarieducacio.cat\\\/senderi\\\/#website\",\"url\":\"https:\\\/\\\/diarieducacio.cat\\\/senderi\\\/\",\"name\":\"Senderi\",\"description\":\"Un blog de El Diari de l&#039;Educaci\u00f3\",\"potentialAction\":[{\"@type\":\"SearchAction\",\"target\":{\"@type\":\"EntryPoint\",\"urlTemplate\":\"https:\\\/\\\/diarieducacio.cat\\\/senderi\\\/?s={search_term_string}\"},\"query-input\":{\"@type\":\"PropertyValueSpecification\",\"valueRequired\":true,\"valueName\":\"search_term_string\"}}],\"inLanguage\":\"ca\"},{\"@type\":\"Person\",\"@id\":\"https:\\\/\\\/diarieducacio.cat\\\/senderi\\\/#\\\/schema\\\/person\\\/97115f82ea958fa37b5101c507fd2efa\",\"name\":\"Pruden Panad\u00e8s\",\"image\":{\"@type\":\"ImageObject\",\"inLanguage\":\"ca\",\"@id\":\"https:\\\/\\\/secure.gravatar.com\\\/avatar\\\/ecbb81586abc9058963a5f3d23189e5cc4d185676bba043d3e74251cbc5c27ba?s=96&d=mm&r=g\",\"url\":\"https:\\\/\\\/secure.gravatar.com\\\/avatar\\\/ecbb81586abc9058963a5f3d23189e5cc4d185676bba043d3e74251cbc5c27ba?s=96&d=mm&r=g\",\"contentUrl\":\"https:\\\/\\\/secure.gravatar.com\\\/avatar\\\/ecbb81586abc9058963a5f3d23189e5cc4d185676bba043d3e74251cbc5c27ba?s=96&d=mm&r=g\",\"caption\":\"Pruden Panad\u00e8s\"},\"url\":\"https:\\\/\\\/diarieducacio.cat\\\/senderi\\\/author\\\/ppanades\\\/\"}]}<\/script>\n<!-- \/ Yoast SEO plugin. -->","yoast_head_json":{"title":"La bona escola - Senderi","robots":{"index":"index","follow":"follow","max-snippet":"max-snippet:-1","max-image-preview":"max-image-preview:large","max-video-preview":"max-video-preview:-1"},"canonical":"https:\/\/diarieducacio.cat\/senderi\/2025\/05\/09\/la-bona-escola\/","og_locale":"ca_ES","og_type":"article","og_title":"La bona escola - Senderi","og_description":"La bona escola necessita mestres que trobin que els dies es fan tan curts, tant, que els dies passen volant. Docents que se sentin molt afortunats per compartir els dies que passen volant amb uns quants dels habitants m\u00e9s fr\u00e0gils del planeta, per\u00f2 que cada dia caminen m\u00e9s segurs i saben aprendre m\u00e9s i m\u00e9s","og_url":"https:\/\/diarieducacio.cat\/senderi\/2025\/05\/09\/la-bona-escola\/","og_site_name":"Senderi","article_publisher":"https:\/\/www.facebook.com\/diarieducacio\/","article_published_time":"2025-05-09T08:43:00+00:00","article_modified_time":"2025-05-09T08:49:53+00:00","og_image":[{"width":200,"height":200,"url":"https:\/\/diarieducacio.cat\/senderi\/wp-content\/uploads\/sites\/27\/2025\/05\/img0718-1.jpeg","type":"image\/jpeg"}],"author":"Pruden Panad\u00e8s","twitter_card":"summary_large_image","twitter_creator":"@DiariEducacio","twitter_site":"@DiariEducacio","twitter_misc":{"Escrit per":"Pruden Panad\u00e8s","Temps estimat de lectura":"3 minuts"},"schema":{"@context":"https:\/\/schema.org","@graph":[{"@type":"Article","@id":"https:\/\/diarieducacio.cat\/senderi\/2025\/05\/09\/la-bona-escola\/#article","isPartOf":{"@id":"https:\/\/diarieducacio.cat\/senderi\/2025\/05\/09\/la-bona-escola\/"},"author":{"name":"Pruden Panad\u00e8s","@id":"https:\/\/diarieducacio.cat\/senderi\/#\/schema\/person\/97115f82ea958fa37b5101c507fd2efa"},"headline":"La bona escola","datePublished":"2025-05-09T08:43:00+00:00","dateModified":"2025-05-09T08:49:53+00:00","mainEntityOfPage":{"@id":"https:\/\/diarieducacio.cat\/senderi\/2025\/05\/09\/la-bona-escola\/"},"wordCount":726,"commentCount":0,"image":{"@id":"https:\/\/diarieducacio.cat\/senderi\/2025\/05\/09\/la-bona-escola\/#primaryimage"},"thumbnailUrl":"https:\/\/diarieducacio.cat\/senderi\/wp-content\/uploads\/sites\/27\/2025\/05\/img0718-1.jpeg","keywords":["educaci\u00f3","Escola","mestres","pedagogia"],"articleSection":["Opini\u00f3"],"inLanguage":"ca","potentialAction":[{"@type":"CommentAction","name":"Comment","target":["https:\/\/diarieducacio.cat\/senderi\/2025\/05\/09\/la-bona-escola\/#respond"]}]},{"@type":"WebPage","@id":"https:\/\/diarieducacio.cat\/senderi\/2025\/05\/09\/la-bona-escola\/","url":"https:\/\/diarieducacio.cat\/senderi\/2025\/05\/09\/la-bona-escola\/","name":"La bona escola - Senderi","isPartOf":{"@id":"https:\/\/diarieducacio.cat\/senderi\/#website"},"primaryImageOfPage":{"@id":"https:\/\/diarieducacio.cat\/senderi\/2025\/05\/09\/la-bona-escola\/#primaryimage"},"image":{"@id":"https:\/\/diarieducacio.cat\/senderi\/2025\/05\/09\/la-bona-escola\/#primaryimage"},"thumbnailUrl":"https:\/\/diarieducacio.cat\/senderi\/wp-content\/uploads\/sites\/27\/2025\/05\/img0718-1.jpeg","datePublished":"2025-05-09T08:43:00+00:00","dateModified":"2025-05-09T08:49:53+00:00","author":{"@id":"https:\/\/diarieducacio.cat\/senderi\/#\/schema\/person\/97115f82ea958fa37b5101c507fd2efa"},"breadcrumb":{"@id":"https:\/\/diarieducacio.cat\/senderi\/2025\/05\/09\/la-bona-escola\/#breadcrumb"},"inLanguage":"ca","potentialAction":[{"@type":"ReadAction","target":["https:\/\/diarieducacio.cat\/senderi\/2025\/05\/09\/la-bona-escola\/"]}]},{"@type":"ImageObject","inLanguage":"ca","@id":"https:\/\/diarieducacio.cat\/senderi\/2025\/05\/09\/la-bona-escola\/#primaryimage","url":"https:\/\/diarieducacio.cat\/senderi\/wp-content\/uploads\/sites\/27\/2025\/05\/img0718-1.jpeg","contentUrl":"https:\/\/diarieducacio.cat\/senderi\/wp-content\/uploads\/sites\/27\/2025\/05\/img0718-1.jpeg","width":200,"height":200},{"@type":"BreadcrumbList","@id":"https:\/\/diarieducacio.cat\/senderi\/2025\/05\/09\/la-bona-escola\/#breadcrumb","itemListElement":[{"@type":"ListItem","position":1,"name":"Inici","item":"https:\/\/diarieducacio.cat\/senderi\/"},{"@type":"ListItem","position":2,"name":"La bona escola"}]},{"@type":"WebSite","@id":"https:\/\/diarieducacio.cat\/senderi\/#website","url":"https:\/\/diarieducacio.cat\/senderi\/","name":"Senderi","description":"Un blog de El Diari de l&#039;Educaci\u00f3","potentialAction":[{"@type":"SearchAction","target":{"@type":"EntryPoint","urlTemplate":"https:\/\/diarieducacio.cat\/senderi\/?s={search_term_string}"},"query-input":{"@type":"PropertyValueSpecification","valueRequired":true,"valueName":"search_term_string"}}],"inLanguage":"ca"},{"@type":"Person","@id":"https:\/\/diarieducacio.cat\/senderi\/#\/schema\/person\/97115f82ea958fa37b5101c507fd2efa","name":"Pruden Panad\u00e8s","image":{"@type":"ImageObject","inLanguage":"ca","@id":"https:\/\/secure.gravatar.com\/avatar\/ecbb81586abc9058963a5f3d23189e5cc4d185676bba043d3e74251cbc5c27ba?s=96&d=mm&r=g","url":"https:\/\/secure.gravatar.com\/avatar\/ecbb81586abc9058963a5f3d23189e5cc4d185676bba043d3e74251cbc5c27ba?s=96&d=mm&r=g","contentUrl":"https:\/\/secure.gravatar.com\/avatar\/ecbb81586abc9058963a5f3d23189e5cc4d185676bba043d3e74251cbc5c27ba?s=96&d=mm&r=g","caption":"Pruden Panad\u00e8s"},"url":"https:\/\/diarieducacio.cat\/senderi\/author\/ppanades\/"}]}},"_links":{"self":[{"href":"https:\/\/diarieducacio.cat\/senderi\/wp-json\/wp\/v2\/posts\/2229","targetHints":{"allow":["GET"]}}],"collection":[{"href":"https:\/\/diarieducacio.cat\/senderi\/wp-json\/wp\/v2\/posts"}],"about":[{"href":"https:\/\/diarieducacio.cat\/senderi\/wp-json\/wp\/v2\/types\/post"}],"author":[{"embeddable":true,"href":"https:\/\/diarieducacio.cat\/senderi\/wp-json\/wp\/v2\/users\/2053"}],"replies":[{"embeddable":true,"href":"https:\/\/diarieducacio.cat\/senderi\/wp-json\/wp\/v2\/comments?post=2229"}],"version-history":[{"count":6,"href":"https:\/\/diarieducacio.cat\/senderi\/wp-json\/wp\/v2\/posts\/2229\/revisions"}],"predecessor-version":[{"id":2242,"href":"https:\/\/diarieducacio.cat\/senderi\/wp-json\/wp\/v2\/posts\/2229\/revisions\/2242"}],"wp:featuredmedia":[{"embeddable":true,"href":"https:\/\/diarieducacio.cat\/senderi\/wp-json\/wp\/v2\/media\/2233"}],"wp:attachment":[{"href":"https:\/\/diarieducacio.cat\/senderi\/wp-json\/wp\/v2\/media?parent=2229"}],"wp:term":[{"taxonomy":"category","embeddable":true,"href":"https:\/\/diarieducacio.cat\/senderi\/wp-json\/wp\/v2\/categories?post=2229"},{"taxonomy":"post_tag","embeddable":true,"href":"https:\/\/diarieducacio.cat\/senderi\/wp-json\/wp\/v2\/tags?post=2229"},{"taxonomy":"tipo","embeddable":true,"href":"https:\/\/diarieducacio.cat\/senderi\/wp-json\/wp\/v2\/tipo?post=2229"}],"curies":[{"name":"wp","href":"https:\/\/api.w.org\/{rel}","templated":true}]}}