{"id":2304,"date":"2025-10-23T12:04:33","date_gmt":"2025-10-23T10:04:33","guid":{"rendered":"https:\/\/diarieducacio.cat\/senderi\/?p=2304"},"modified":"2025-10-23T12:04:35","modified_gmt":"2025-10-23T10:04:35","slug":"fins-aqui-hem-arribat","status":"publish","type":"post","link":"https:\/\/diarieducacio.cat\/senderi\/2025\/10\/23\/fins-aqui-hem-arribat\/","title":{"rendered":"Fins aqu\u00ed hem arribat"},"content":{"rendered":"<div class=\"wp-block-image\">\n<figure class=\"aligncenter size-full\"><img fetchpriority=\"high\" decoding=\"async\" width=\"450\" height=\"608\" src=\"https:\/\/diarieducacio.cat\/senderi\/wp-content\/uploads\/sites\/27\/2025\/10\/1-1.jpeg\" alt=\"\" class=\"wp-image-2306\" srcset=\"https:\/\/diarieducacio.cat\/senderi\/wp-content\/uploads\/sites\/27\/2025\/10\/1-1.jpeg 450w, https:\/\/diarieducacio.cat\/senderi\/wp-content\/uploads\/sites\/27\/2025\/10\/1-1-222x300.jpeg 222w, https:\/\/diarieducacio.cat\/senderi\/wp-content\/uploads\/sites\/27\/2025\/10\/1-1-150x203.jpeg 150w\" sizes=\"(max-width: 450px) 100vw, 450px\" \/><\/figure>\n<\/div>\n\n\n<p><strong>Senderi<\/strong>&nbsp;va n\u00e0ixer amb la voluntat d&#8217;ajudar a generar i intercanviar idees, experi\u00e8ncies pr\u00e0ctiques, publicacions i materials d&#8217;educaci\u00f3 en valors. I aix\u00ed s&#8217;ha mantingut fins ara, amb una visi\u00f3 de di\u00e0leg i l&#8217;objectiu de contribuir a la construcci\u00f3 d&#8217;una societat democr\u00e0tica i una ciutadania solid\u00e0ria.<\/p>\n\n\n\n<p>Es va crear com a projecte compartit i transversal d&#8217;un bon nombre d&#8217;entitats i institucions dedicades a diversos \u00e0mbits de&nbsp;l&#8217;educaci\u00f3: Moviments de Renovaci\u00f3 Pedag\u00f2gica, Federacions d&#8217;entitats del lleure, Entitats de cooperaci\u00f3, Grups universitaris de recerca especialitzats en el tema, o Fundacions, per citar les m\u00e9s significatives.<\/p>\n\n\n\n<p>Ha tingut tres etapes: la primera amb una estructura professional aixoplugada i finan\u00e7ada per les fundacions Serveis de Cultura Popular primer i Jaume Bofill despr\u00e9s. Una segona, emmarcada com a projecte associatiu i cooperatiu de diverses persones i entitats, amb una redu\u00efda estructura professional i finan\u00e7ament diversificat. I la darrera, de prop de deu anys, assumida de forma totalment volunt\u00e0ria per un petit grup de persones que ja hi hav\u00edem estat vinculades anteriorment. Tot plegat m\u00e9s de 25 anys.<\/p>\n\n\n\n<h3 class=\"wp-block-heading\">Qu\u00e8 hem fet ?<\/h3>\n\n\n\n<p>Hem facilitat la difusi\u00f3 de reflexions, propostes i bones pr\u00e0ctiques entorn l&#8217;educaci\u00f3 i els valors, alhora que hem donat veu a persones, grups i col\u00b7lectius que tenien m\u00e9s dificultats d&#8217;accedir a d&#8217;altres publicacions per expressar les seves experi\u00e8ncies i punts de vista.<\/p>\n\n\n\n<p>Al llarg de tota la traject\u00f2ria, hem mantingut una freq\u00fc\u00e8ncia constant de publicaci\u00f3, en forma de n\u00fameros monogr\u00e0fics inicialment i d&#8217;incorporaci\u00f3 continuada d&#8217;articles i refer\u00e8ncies al web m\u00e9s endavant, per respondre al canvi d&#8217;usos i maneres d&#8217;accedir a la informaci\u00f3 digital. Un espai web que s&#8217;ha renovat tres vegades a nivell estructural i de disseny en el conjunt de les etapes.<\/p>\n\n\n\n<p>Certament no hem estat un gran altaveu, potser nom\u00e9s un meg\u00e0fon, per\u00f2 tenim la sensaci\u00f3 d&#8217;haver creat un espai \u00fatil per a la informaci\u00f3 i la reflexi\u00f3 de persones interessades en el tema. Com la imatge del nostre avatar, una pedra m\u00e9s per construir un marge s\u00f2lid.<\/p>\n\n\n\n<p>En una primera fase, la participaci\u00f3 i el treball en xarxa d&#8217;un nombre significatiu d&#8217;entitats i institucions va permetre generar un espai de reflexi\u00f3 conjunt que s&#8217;expressava a trav\u00e9s dels editorials i els n\u00fameros monogr\u00e0fics de la publicaci\u00f3. M\u00e9s endavant, el contingut s&#8217;ha configurat de forma m\u00e9s individualitzada i ha reflectit la perspectiva de les persones i el sector dels quals provenia la col\u00b7laboraci\u00f3.<\/p>\n\n\n\n<p>Des del seu inici, el projecte es va pensar com una publicaci\u00f3 digital per\u00f2, per tal de promocionar-la, a l&#8217;inici es van editar tres n\u00fameros en paper. Aix\u00f2 d\u00f3na idea de com han evolucionat les coses en l&#8217;\u00e0mbit de les publicacions digitals que, d&#8217;altra banda, ens ha perm\u00e8s en etapes m\u00e9s recents tenir interrelaci\u00f3 amb d&#8217;altres cap\u00e7aleres i webs del m\u00f3n de l&#8217;educaci\u00f3.<\/p>\n\n\n<div class=\"wp-block-image\">\n<figure class=\"aligncenter size-full\"><img decoding=\"async\" width=\"450\" height=\"555\" src=\"https:\/\/diarieducacio.cat\/senderi\/wp-content\/uploads\/sites\/27\/2025\/10\/2-2.jpeg\" alt=\"\" class=\"wp-image-2307\" srcset=\"https:\/\/diarieducacio.cat\/senderi\/wp-content\/uploads\/sites\/27\/2025\/10\/2-2.jpeg 450w, https:\/\/diarieducacio.cat\/senderi\/wp-content\/uploads\/sites\/27\/2025\/10\/2-2-243x300.jpeg 243w, https:\/\/diarieducacio.cat\/senderi\/wp-content\/uploads\/sites\/27\/2025\/10\/2-2-150x185.jpeg 150w\" sizes=\"(max-width: 450px) 100vw, 450px\" \/><\/figure>\n<\/div>\n\n\n<h3 class=\"wp-block-heading\">Raons i motius de finalitzar l&#8217;edici\u00f3<\/h3>\n\n\n\n<p>Com que a difer\u00e8ncia de les primeres, en aquesta darrera etapa no ten\u00edem mandat, ni tan sols podem fer rendiment de comptes. Tanmateix, sempre ens ha guiat la voluntat de servei i la il\u00b7lusi\u00f3 de ser \u00fatils i d&#8217;oferir un producte fet amb el m\u00e0xim rigor i dignitat possible.<\/p>\n\n\n\n<p>El nucli molt redu\u00eft de l&#8217;equip editor, el progressiu allunyament de la primera l\u00ednia de les aules, dels equips associatius i dels nuclis impulsors dels projectes m\u00e9s nous i innovadors, ens ha fet pensar que ha arribat l&#8217;hora de tancar el projecte. No haur\u00edem portat b\u00e9 arribar a un moment en qu\u00e8 hagu\u00e9ssim de plegar perqu\u00e8 ens ha petat el sistema del web i no ten\u00edem recursos per encarregar-ne un de nou. Encara menys per no ser capa\u00e7os d&#8217;incloure articles amb idees, experi\u00e8ncies, ressenyes o not\u00edcies prou interessants per la incapacitat de con\u00e8ixer-les i connectar-les.<\/p>\n\n\n\n<blockquote class=\"wp-block-quote is-layout-flow wp-block-quote-is-layout-flow\">\n<p>El nucli molt redu\u00eft de l&#8217;equip editor, el progressiu allunyament de la primera l\u00ednia de les aules, dels equips associatius i dels nuclis impulsors dels projectes m\u00e9s nous i innovadors, ens ha fet pensar que ha arribat l&#8217;hora de tancar el projecte<\/p>\n<\/blockquote>\n\n\n\n<p>Per aix\u00f2 hem decidit plegar i acomiadar-nos. Ho fem agraint molt\u00edssim a totes les persones que heu tingut en un moment o altre relaci\u00f3 amb Senderi o amb les persones que l&#8217;hem impulsat, b\u00e9 sigui com a col\u00b7laboradores, com a participants i tamb\u00e9 com a lectores. Tamb\u00e9, \u00e9s clar, estem molt agra\u00efts a les entitats i institucions que van creure en l&#8217;inter\u00e8s i la necessitat d&#8217;apostar per l&#8217;educaci\u00f3 en valors i van sostenir amb recursos econ\u00f2mics i personals el projecte durant algun temps. I a les que de forma m\u00e9s parcial han fet aportacions i contribucions en algun moment del llarg recorregut.<\/p>\n\n\n\n<p>De manera especial expressem el nostre reconeixement i agra\u00efment a les companyes que en les diverses etapes van assumir la responsabilitat de pensar, coordinar i editar els continguts a partir d&#8217;un enc\u00e0rrec professional: Fathiha Benhamou, Anna Novella i Anna Cardona. La seva dedicaci\u00f3 i estima pel projecte va anar m\u00e9s enll\u00e0 de l&#8217;enc\u00e0rrec que tenien.<\/p>\n\n\n\n<p>Tamb\u00e9 volem agrair a totes les persones i entitats que ens han ajudat a mantenir viu Senderi en aquesta darrera etapa quan, motivats pel moment i les maneres com s&#8217;abordava i s&#8217;implementava l&#8217;educaci\u00f3 en valors als centres educatius, vam decidir emprendre volunt\u00e0ria i voluntariosament la seva continu\u00eftat. No podem relacionar les nombroses persones i entitats que han col\u00b7laborat i respost a les nostres propostes, la llista seria massa extensa. Per\u00f2 ens atorguem la llibertat de nomenar un &#8220;representant&#8221; de tot aquest sector: en Jaume Cela, un col\u00b7laborador permanent, (fins i tot intens en \u00e8poca de pand\u00e8mia) que sempre ens aporta una mirada educadora, humana i d&#8217;humor, especialment amb les seves cr\u00f2niques i comentaris sobre cinema. Com que \u00e9s gener\u00f3s, no li sabr\u00e0 greu compartir la gratitud que li expressem.<\/p>\n\n\n<div class=\"wp-block-image\">\n<figure class=\"aligncenter size-full\"><img decoding=\"async\" width=\"450\" height=\"636\" src=\"https:\/\/diarieducacio.cat\/senderi\/wp-content\/uploads\/sites\/27\/2025\/10\/3.jpeg\" alt=\"\" class=\"wp-image-2308\" srcset=\"https:\/\/diarieducacio.cat\/senderi\/wp-content\/uploads\/sites\/27\/2025\/10\/3.jpeg 450w, https:\/\/diarieducacio.cat\/senderi\/wp-content\/uploads\/sites\/27\/2025\/10\/3-212x300.jpeg 212w, https:\/\/diarieducacio.cat\/senderi\/wp-content\/uploads\/sites\/27\/2025\/10\/3-150x212.jpeg 150w\" sizes=\"(max-width: 450px) 100vw, 450px\" \/><\/figure>\n<\/div>\n\n\n<h3 class=\"wp-block-heading\">No ens donem de baixa<\/h3>\n\n\n\n<p>Tal com diu el lema del nostre darrer n\u00famero&nbsp;<strong>Hi ha futur!<\/strong><\/p>\n\n\n\n<p>Apostar per l&#8217;educaci\u00f3 en valors, \u00e9s a dir, per l&#8217;Educaci\u00f3, \u00e9s indispensable. Necessari en un context i un moment hist\u00f2ric on els canvis de tot ordre ens han portat a un m\u00f3n ple d&#8217;oportunitats, per\u00f2 tamb\u00e9 de desconcert, desorientaci\u00f3 i dubtes per encarar una transformaci\u00f3 social imprescindible per a qu\u00e8 la idea d&#8217;una societat m\u00e9s justa, solid\u00e0ria i pac\u00edfica esdevingui realitat.<\/p>\n\n\n\n<p>En aquest sentit volem recomanar-vos intensament el darrer article que incorporarem al nostre web: <strong>\u00a0<a href=\"https:\/\/www.senderi.org\/cat\/articles\/474\/la-revolta-de-lesperanca\" target=\"_blank\" rel=\"noreferrer noopener\">La revolta de l&#8217;esperan\u00e7a<\/a>,\u00a0<\/strong>de l&#8217;amic Josep M. Puig Rovira, puntal fonamental de Senderi i del nostre grup. Tal com ell diu, Transmetre esperan\u00e7a \u00e9s, avui, una de les tasques m\u00e9s urgents de l&#8217;educaci\u00f3 en valors.<\/p>\n\n\n\n<p>Pleguem conven\u00e7uts de qu\u00e8, com ara mateix, continuaran havent-hi iniciatives interessants i s\u00f2lides que es proposen objectius semblants als nostres, i que en aquestes i d&#8217;altres activitats que malden per refor\u00e7ar i millorar l&#8217;educaci\u00f3 del nostre pa\u00eds ens hi trobarem i seguirem la conversa. I la col\u00b7laboraci\u00f3.<\/p>\n\n\n\n<p>Salutacions cordials, abra\u00e7ades fraternals i molta for\u00e7a i encert en els vostres projectes i les vostres vides!<\/p>\n\n\n\n<p><\/p>\n\n\n\n<p><strong>Teresa Climent Castell\u00f3, Grup editor de Senderi*<\/strong><\/p>\n\n\n\n<p>* <em>Grup editor de Senderi: Josep M. Puig, Anna Cardona, Ernesto Bravo, Josep Palos, Teresa Climent<\/em><\/p>\n\n\n\n<p><\/p>\n\n\n\n<p>Encara podreu tenir acc\u00e9s als continguts de Senderi un parell de mesos a la mateixa adre\u00e7a<\/p>\n\n\n\n<p><strong><a href=\"https:\/\/www.senderi.org\/cat\/inici\">www.senderi.org<\/a>  i alguns articles al blog:  <a href=\"https:\/\/diarieducacio.cat\/senderi\/\">Senderi del Diari de l&#8217;Educaci\u00f3<\/a><\/strong><\/p>\n\n\n\n<p><\/p>\n","protected":false},"excerpt":{"rendered":"<p>Senderi&nbsp;va n\u00e0ixer amb la voluntat d&#8217;ajudar a generar i intercanviar idees, experi\u00e8ncies pr\u00e0ctiques, publicacions i materials d&#8217;educaci\u00f3 en valors. I aix\u00ed s&#8217;ha mantingut fins ara, amb una visi\u00f3 de di\u00e0leg i l&#8217;objectiu de contribuir a la construcci\u00f3 d&#8217;una societat democr\u00e0tica i una ciutadania solid\u00e0ria. Es va crear com a projecte compartit i transversal d&#8217;un bon<\/p>\n","protected":false},"author":438,"featured_media":2311,"comment_status":"open","ping_status":"open","sticky":false,"template":"","format":"standard","meta":{"footnotes":""},"categories":[2],"tags":[329],"tipo":[],"class_list":{"0":"post-2304","1":"post","2":"type-post","3":"status-publish","4":"format-standard","5":"has-post-thumbnail","7":"category-general","8":"tag-educacio-en-valors"},"yoast_head":"<!-- This site is optimized with the Yoast SEO plugin v27.5 - https:\/\/yoast.com\/product\/yoast-seo-wordpress\/ -->\n<title>Fins aqu\u00ed hem arribat - Senderi<\/title>\n<meta name=\"robots\" content=\"index, follow, max-snippet:-1, max-image-preview:large, max-video-preview:-1\" \/>\n<link rel=\"canonical\" href=\"https:\/\/diarieducacio.cat\/senderi\/2025\/10\/23\/fins-aqui-hem-arribat\/\" \/>\n<meta property=\"og:locale\" content=\"ca_ES\" \/>\n<meta property=\"og:type\" content=\"article\" \/>\n<meta property=\"og:title\" content=\"Fins aqu\u00ed hem arribat - Senderi\" \/>\n<meta property=\"og:description\" content=\"Senderi&nbsp;va n\u00e0ixer amb la voluntat d&#8217;ajudar a generar i intercanviar idees, experi\u00e8ncies pr\u00e0ctiques, publicacions i materials d&#8217;educaci\u00f3 en valors. I aix\u00ed s&#8217;ha mantingut fins ara, amb una visi\u00f3 de di\u00e0leg i l&#8217;objectiu de contribuir a la construcci\u00f3 d&#8217;una societat democr\u00e0tica i una ciutadania solid\u00e0ria. Es va crear com a projecte compartit i transversal d&#8217;un bon\" \/>\n<meta property=\"og:url\" content=\"https:\/\/diarieducacio.cat\/senderi\/2025\/10\/23\/fins-aqui-hem-arribat\/\" \/>\n<meta property=\"og:site_name\" content=\"Senderi\" \/>\n<meta property=\"article:publisher\" content=\"https:\/\/www.facebook.com\/diarieducacio\/\" \/>\n<meta property=\"article:published_time\" content=\"2025-10-23T10:04:33+00:00\" \/>\n<meta property=\"article:modified_time\" content=\"2025-10-23T10:04:35+00:00\" \/>\n<meta property=\"og:image\" content=\"https:\/\/diarieducacio.cat\/senderi\/wp-content\/uploads\/sites\/27\/2025\/10\/1-2.jpeg\" \/>\n\t<meta property=\"og:image:width\" content=\"200\" \/>\n\t<meta property=\"og:image:height\" content=\"200\" \/>\n\t<meta property=\"og:image:type\" content=\"image\/jpeg\" \/>\n<meta name=\"author\" content=\"Teresa Climent Castell\u00f3\" \/>\n<meta name=\"twitter:card\" content=\"summary_large_image\" \/>\n<meta name=\"twitter:creator\" content=\"@DiariEducacio\" \/>\n<meta name=\"twitter:site\" content=\"@DiariEducacio\" \/>\n<meta name=\"twitter:label1\" content=\"Escrit per\" \/>\n\t<meta name=\"twitter:data1\" content=\"Teresa Climent Castell\u00f3\" \/>\n\t<meta name=\"twitter:label2\" content=\"Temps estimat de lectura\" \/>\n\t<meta name=\"twitter:data2\" content=\"7 minuts\" \/>\n<script type=\"application\/ld+json\" class=\"yoast-schema-graph\">{\"@context\":\"https:\\\/\\\/schema.org\",\"@graph\":[{\"@type\":\"Article\",\"@id\":\"https:\\\/\\\/diarieducacio.cat\\\/senderi\\\/2025\\\/10\\\/23\\\/fins-aqui-hem-arribat\\\/#article\",\"isPartOf\":{\"@id\":\"https:\\\/\\\/diarieducacio.cat\\\/senderi\\\/2025\\\/10\\\/23\\\/fins-aqui-hem-arribat\\\/\"},\"author\":{\"name\":\"Teresa Climent Castell\u00f3\",\"@id\":\"https:\\\/\\\/diarieducacio.cat\\\/senderi\\\/#\\\/schema\\\/person\\\/b7da877f88ea28ec19bea93cbe33403e\"},\"headline\":\"Fins aqu\u00ed hem arribat\",\"datePublished\":\"2025-10-23T10:04:33+00:00\",\"dateModified\":\"2025-10-23T10:04:35+00:00\",\"mainEntityOfPage\":{\"@id\":\"https:\\\/\\\/diarieducacio.cat\\\/senderi\\\/2025\\\/10\\\/23\\\/fins-aqui-hem-arribat\\\/\"},\"wordCount\":1325,\"commentCount\":0,\"image\":{\"@id\":\"https:\\\/\\\/diarieducacio.cat\\\/senderi\\\/2025\\\/10\\\/23\\\/fins-aqui-hem-arribat\\\/#primaryimage\"},\"thumbnailUrl\":\"https:\\\/\\\/diarieducacio.cat\\\/senderi\\\/wp-content\\\/uploads\\\/sites\\\/27\\\/2025\\\/10\\\/1-2.jpeg\",\"keywords\":[\"educaci\u00f3 en valors\"],\"articleSection\":[\"General\"],\"inLanguage\":\"ca\",\"potentialAction\":[{\"@type\":\"CommentAction\",\"name\":\"Comment\",\"target\":[\"https:\\\/\\\/diarieducacio.cat\\\/senderi\\\/2025\\\/10\\\/23\\\/fins-aqui-hem-arribat\\\/#respond\"]}]},{\"@type\":\"WebPage\",\"@id\":\"https:\\\/\\\/diarieducacio.cat\\\/senderi\\\/2025\\\/10\\\/23\\\/fins-aqui-hem-arribat\\\/\",\"url\":\"https:\\\/\\\/diarieducacio.cat\\\/senderi\\\/2025\\\/10\\\/23\\\/fins-aqui-hem-arribat\\\/\",\"name\":\"Fins aqu\u00ed hem arribat - Senderi\",\"isPartOf\":{\"@id\":\"https:\\\/\\\/diarieducacio.cat\\\/senderi\\\/#website\"},\"primaryImageOfPage\":{\"@id\":\"https:\\\/\\\/diarieducacio.cat\\\/senderi\\\/2025\\\/10\\\/23\\\/fins-aqui-hem-arribat\\\/#primaryimage\"},\"image\":{\"@id\":\"https:\\\/\\\/diarieducacio.cat\\\/senderi\\\/2025\\\/10\\\/23\\\/fins-aqui-hem-arribat\\\/#primaryimage\"},\"thumbnailUrl\":\"https:\\\/\\\/diarieducacio.cat\\\/senderi\\\/wp-content\\\/uploads\\\/sites\\\/27\\\/2025\\\/10\\\/1-2.jpeg\",\"datePublished\":\"2025-10-23T10:04:33+00:00\",\"dateModified\":\"2025-10-23T10:04:35+00:00\",\"author\":{\"@id\":\"https:\\\/\\\/diarieducacio.cat\\\/senderi\\\/#\\\/schema\\\/person\\\/b7da877f88ea28ec19bea93cbe33403e\"},\"breadcrumb\":{\"@id\":\"https:\\\/\\\/diarieducacio.cat\\\/senderi\\\/2025\\\/10\\\/23\\\/fins-aqui-hem-arribat\\\/#breadcrumb\"},\"inLanguage\":\"ca\",\"potentialAction\":[{\"@type\":\"ReadAction\",\"target\":[\"https:\\\/\\\/diarieducacio.cat\\\/senderi\\\/2025\\\/10\\\/23\\\/fins-aqui-hem-arribat\\\/\"]}]},{\"@type\":\"ImageObject\",\"inLanguage\":\"ca\",\"@id\":\"https:\\\/\\\/diarieducacio.cat\\\/senderi\\\/2025\\\/10\\\/23\\\/fins-aqui-hem-arribat\\\/#primaryimage\",\"url\":\"https:\\\/\\\/diarieducacio.cat\\\/senderi\\\/wp-content\\\/uploads\\\/sites\\\/27\\\/2025\\\/10\\\/1-2.jpeg\",\"contentUrl\":\"https:\\\/\\\/diarieducacio.cat\\\/senderi\\\/wp-content\\\/uploads\\\/sites\\\/27\\\/2025\\\/10\\\/1-2.jpeg\",\"width\":200,\"height\":200},{\"@type\":\"BreadcrumbList\",\"@id\":\"https:\\\/\\\/diarieducacio.cat\\\/senderi\\\/2025\\\/10\\\/23\\\/fins-aqui-hem-arribat\\\/#breadcrumb\",\"itemListElement\":[{\"@type\":\"ListItem\",\"position\":1,\"name\":\"Inici\",\"item\":\"https:\\\/\\\/diarieducacio.cat\\\/senderi\\\/\"},{\"@type\":\"ListItem\",\"position\":2,\"name\":\"Fins aqu\u00ed hem arribat\"}]},{\"@type\":\"WebSite\",\"@id\":\"https:\\\/\\\/diarieducacio.cat\\\/senderi\\\/#website\",\"url\":\"https:\\\/\\\/diarieducacio.cat\\\/senderi\\\/\",\"name\":\"Senderi\",\"description\":\"Un blog de El Diari de l&#039;Educaci\u00f3\",\"potentialAction\":[{\"@type\":\"SearchAction\",\"target\":{\"@type\":\"EntryPoint\",\"urlTemplate\":\"https:\\\/\\\/diarieducacio.cat\\\/senderi\\\/?s={search_term_string}\"},\"query-input\":{\"@type\":\"PropertyValueSpecification\",\"valueRequired\":true,\"valueName\":\"search_term_string\"}}],\"inLanguage\":\"ca\"},{\"@type\":\"Person\",\"@id\":\"https:\\\/\\\/diarieducacio.cat\\\/senderi\\\/#\\\/schema\\\/person\\\/b7da877f88ea28ec19bea93cbe33403e\",\"name\":\"Teresa Climent Castell\u00f3\",\"image\":{\"@type\":\"ImageObject\",\"inLanguage\":\"ca\",\"@id\":\"https:\\\/\\\/diarieducacio.cat\\\/senderi\\\/wp-content\\\/uploads\\\/sites\\\/27\\\/2025\\\/10\\\/teresa-climent-castello_avatar-96x96.jpg\",\"url\":\"https:\\\/\\\/diarieducacio.cat\\\/senderi\\\/wp-content\\\/uploads\\\/sites\\\/27\\\/2025\\\/10\\\/teresa-climent-castello_avatar-96x96.jpg\",\"contentUrl\":\"https:\\\/\\\/diarieducacio.cat\\\/senderi\\\/wp-content\\\/uploads\\\/sites\\\/27\\\/2025\\\/10\\\/teresa-climent-castello_avatar-96x96.jpg\",\"caption\":\"Teresa Climent Castell\u00f3\"},\"url\":\"https:\\\/\\\/diarieducacio.cat\\\/senderi\\\/author\\\/tcliment\\\/\"}]}<\/script>\n<!-- \/ Yoast SEO plugin. -->","yoast_head_json":{"title":"Fins aqu\u00ed hem arribat - Senderi","robots":{"index":"index","follow":"follow","max-snippet":"max-snippet:-1","max-image-preview":"max-image-preview:large","max-video-preview":"max-video-preview:-1"},"canonical":"https:\/\/diarieducacio.cat\/senderi\/2025\/10\/23\/fins-aqui-hem-arribat\/","og_locale":"ca_ES","og_type":"article","og_title":"Fins aqu\u00ed hem arribat - Senderi","og_description":"Senderi&nbsp;va n\u00e0ixer amb la voluntat d&#8217;ajudar a generar i intercanviar idees, experi\u00e8ncies pr\u00e0ctiques, publicacions i materials d&#8217;educaci\u00f3 en valors. I aix\u00ed s&#8217;ha mantingut fins ara, amb una visi\u00f3 de di\u00e0leg i l&#8217;objectiu de contribuir a la construcci\u00f3 d&#8217;una societat democr\u00e0tica i una ciutadania solid\u00e0ria. Es va crear com a projecte compartit i transversal d&#8217;un bon","og_url":"https:\/\/diarieducacio.cat\/senderi\/2025\/10\/23\/fins-aqui-hem-arribat\/","og_site_name":"Senderi","article_publisher":"https:\/\/www.facebook.com\/diarieducacio\/","article_published_time":"2025-10-23T10:04:33+00:00","article_modified_time":"2025-10-23T10:04:35+00:00","og_image":[{"width":200,"height":200,"url":"https:\/\/diarieducacio.cat\/senderi\/wp-content\/uploads\/sites\/27\/2025\/10\/1-2.jpeg","type":"image\/jpeg"}],"author":"Teresa Climent Castell\u00f3","twitter_card":"summary_large_image","twitter_creator":"@DiariEducacio","twitter_site":"@DiariEducacio","twitter_misc":{"Escrit per":"Teresa Climent Castell\u00f3","Temps estimat de lectura":"7 minuts"},"schema":{"@context":"https:\/\/schema.org","@graph":[{"@type":"Article","@id":"https:\/\/diarieducacio.cat\/senderi\/2025\/10\/23\/fins-aqui-hem-arribat\/#article","isPartOf":{"@id":"https:\/\/diarieducacio.cat\/senderi\/2025\/10\/23\/fins-aqui-hem-arribat\/"},"author":{"name":"Teresa Climent Castell\u00f3","@id":"https:\/\/diarieducacio.cat\/senderi\/#\/schema\/person\/b7da877f88ea28ec19bea93cbe33403e"},"headline":"Fins aqu\u00ed hem arribat","datePublished":"2025-10-23T10:04:33+00:00","dateModified":"2025-10-23T10:04:35+00:00","mainEntityOfPage":{"@id":"https:\/\/diarieducacio.cat\/senderi\/2025\/10\/23\/fins-aqui-hem-arribat\/"},"wordCount":1325,"commentCount":0,"image":{"@id":"https:\/\/diarieducacio.cat\/senderi\/2025\/10\/23\/fins-aqui-hem-arribat\/#primaryimage"},"thumbnailUrl":"https:\/\/diarieducacio.cat\/senderi\/wp-content\/uploads\/sites\/27\/2025\/10\/1-2.jpeg","keywords":["educaci\u00f3 en valors"],"articleSection":["General"],"inLanguage":"ca","potentialAction":[{"@type":"CommentAction","name":"Comment","target":["https:\/\/diarieducacio.cat\/senderi\/2025\/10\/23\/fins-aqui-hem-arribat\/#respond"]}]},{"@type":"WebPage","@id":"https:\/\/diarieducacio.cat\/senderi\/2025\/10\/23\/fins-aqui-hem-arribat\/","url":"https:\/\/diarieducacio.cat\/senderi\/2025\/10\/23\/fins-aqui-hem-arribat\/","name":"Fins aqu\u00ed hem arribat - Senderi","isPartOf":{"@id":"https:\/\/diarieducacio.cat\/senderi\/#website"},"primaryImageOfPage":{"@id":"https:\/\/diarieducacio.cat\/senderi\/2025\/10\/23\/fins-aqui-hem-arribat\/#primaryimage"},"image":{"@id":"https:\/\/diarieducacio.cat\/senderi\/2025\/10\/23\/fins-aqui-hem-arribat\/#primaryimage"},"thumbnailUrl":"https:\/\/diarieducacio.cat\/senderi\/wp-content\/uploads\/sites\/27\/2025\/10\/1-2.jpeg","datePublished":"2025-10-23T10:04:33+00:00","dateModified":"2025-10-23T10:04:35+00:00","author":{"@id":"https:\/\/diarieducacio.cat\/senderi\/#\/schema\/person\/b7da877f88ea28ec19bea93cbe33403e"},"breadcrumb":{"@id":"https:\/\/diarieducacio.cat\/senderi\/2025\/10\/23\/fins-aqui-hem-arribat\/#breadcrumb"},"inLanguage":"ca","potentialAction":[{"@type":"ReadAction","target":["https:\/\/diarieducacio.cat\/senderi\/2025\/10\/23\/fins-aqui-hem-arribat\/"]}]},{"@type":"ImageObject","inLanguage":"ca","@id":"https:\/\/diarieducacio.cat\/senderi\/2025\/10\/23\/fins-aqui-hem-arribat\/#primaryimage","url":"https:\/\/diarieducacio.cat\/senderi\/wp-content\/uploads\/sites\/27\/2025\/10\/1-2.jpeg","contentUrl":"https:\/\/diarieducacio.cat\/senderi\/wp-content\/uploads\/sites\/27\/2025\/10\/1-2.jpeg","width":200,"height":200},{"@type":"BreadcrumbList","@id":"https:\/\/diarieducacio.cat\/senderi\/2025\/10\/23\/fins-aqui-hem-arribat\/#breadcrumb","itemListElement":[{"@type":"ListItem","position":1,"name":"Inici","item":"https:\/\/diarieducacio.cat\/senderi\/"},{"@type":"ListItem","position":2,"name":"Fins aqu\u00ed hem arribat"}]},{"@type":"WebSite","@id":"https:\/\/diarieducacio.cat\/senderi\/#website","url":"https:\/\/diarieducacio.cat\/senderi\/","name":"Senderi","description":"Un blog de El Diari de l&#039;Educaci\u00f3","potentialAction":[{"@type":"SearchAction","target":{"@type":"EntryPoint","urlTemplate":"https:\/\/diarieducacio.cat\/senderi\/?s={search_term_string}"},"query-input":{"@type":"PropertyValueSpecification","valueRequired":true,"valueName":"search_term_string"}}],"inLanguage":"ca"},{"@type":"Person","@id":"https:\/\/diarieducacio.cat\/senderi\/#\/schema\/person\/b7da877f88ea28ec19bea93cbe33403e","name":"Teresa Climent Castell\u00f3","image":{"@type":"ImageObject","inLanguage":"ca","@id":"https:\/\/diarieducacio.cat\/senderi\/wp-content\/uploads\/sites\/27\/2025\/10\/teresa-climent-castello_avatar-96x96.jpg","url":"https:\/\/diarieducacio.cat\/senderi\/wp-content\/uploads\/sites\/27\/2025\/10\/teresa-climent-castello_avatar-96x96.jpg","contentUrl":"https:\/\/diarieducacio.cat\/senderi\/wp-content\/uploads\/sites\/27\/2025\/10\/teresa-climent-castello_avatar-96x96.jpg","caption":"Teresa Climent Castell\u00f3"},"url":"https:\/\/diarieducacio.cat\/senderi\/author\/tcliment\/"}]}},"_links":{"self":[{"href":"https:\/\/diarieducacio.cat\/senderi\/wp-json\/wp\/v2\/posts\/2304","targetHints":{"allow":["GET"]}}],"collection":[{"href":"https:\/\/diarieducacio.cat\/senderi\/wp-json\/wp\/v2\/posts"}],"about":[{"href":"https:\/\/diarieducacio.cat\/senderi\/wp-json\/wp\/v2\/types\/post"}],"author":[{"embeddable":true,"href":"https:\/\/diarieducacio.cat\/senderi\/wp-json\/wp\/v2\/users\/438"}],"replies":[{"embeddable":true,"href":"https:\/\/diarieducacio.cat\/senderi\/wp-json\/wp\/v2\/comments?post=2304"}],"version-history":[{"count":5,"href":"https:\/\/diarieducacio.cat\/senderi\/wp-json\/wp\/v2\/posts\/2304\/revisions"}],"predecessor-version":[{"id":2315,"href":"https:\/\/diarieducacio.cat\/senderi\/wp-json\/wp\/v2\/posts\/2304\/revisions\/2315"}],"wp:featuredmedia":[{"embeddable":true,"href":"https:\/\/diarieducacio.cat\/senderi\/wp-json\/wp\/v2\/media\/2311"}],"wp:attachment":[{"href":"https:\/\/diarieducacio.cat\/senderi\/wp-json\/wp\/v2\/media?parent=2304"}],"wp:term":[{"taxonomy":"category","embeddable":true,"href":"https:\/\/diarieducacio.cat\/senderi\/wp-json\/wp\/v2\/categories?post=2304"},{"taxonomy":"post_tag","embeddable":true,"href":"https:\/\/diarieducacio.cat\/senderi\/wp-json\/wp\/v2\/tags?post=2304"},{"taxonomy":"tipo","embeddable":true,"href":"https:\/\/diarieducacio.cat\/senderi\/wp-json\/wp\/v2\/tipo?post=2304"}],"curies":[{"name":"wp","href":"https:\/\/api.w.org\/{rel}","templated":true}]}}