{"id":535,"date":"2015-04-29T06:35:31","date_gmt":"2015-04-29T06:35:31","guid":{"rendered":"https:\/\/diarieducacio.cat\/senderi\/?p=535"},"modified":"2024-05-13T13:08:54","modified_gmt":"2024-05-13T11:08:54","slug":"els-fills-dels-altres-o-els-infants-de-tothom-desigualtats-i-pobresa-en-la-infancia","status":"publish","type":"post","link":"https:\/\/diarieducacio.cat\/senderi\/2015\/04\/29\/els-fills-dels-altres-o-els-infants-de-tothom-desigualtats-i-pobresa-en-la-infancia\/","title":{"rendered":"Els fills dels altres o els infants de tothom? Desigualtats i pobresa en la inf\u00e0ncia"},"content":{"rendered":"<p>A Catalunya i a Espanya partim d\u2019un d\u00e8ficit hist\u00f2ric en pol\u00edtiques d\u2019inf\u00e0ncia i suport a les fam\u00edlies amb fills, entre d\u2019altres, perqu\u00e8 socialment continuem pensant que els infants s\u00f3n de les seves fam\u00edlies i que s\u00f3n elles les que se n\u2019han d\u2019encarregar com bonament puguin. No \u00e9s casualitat, per tant, que ja abans de la crisi la inversi\u00f3 p\u00fablica en inf\u00e0ncia fos baixa i inefica\u00e7 i que seguim per sota de la meitat de la mitjana europea dedicat a suports a la fam\u00edlia: un 0,9% a Catalunya, versus un 2,2% a la UE-28 (i un 1,4% a Espanya). Als pa\u00efsos europeus hi ha evid\u00e8ncies que amb una major despesa en protecci\u00f3 social dels infants sobre el PIB, la taxa de pobresa infantil \u00e9s menor, i viceversa.<\/p>\n<p>Si a aquest coix\u00ed tant poc consistent de protecci\u00f3 social per als infants li sumem, per un costat, els efectes de la crisi econ\u00f2mica, amb la pujada de l\u2019atur (s\u2019ha multiplicat per cinc des del 2007 els infants en llars on ning\u00fa treballa), precarietat i salaris m\u00e9s baixos, sobreendeutament de les fam\u00edlies i la vida m\u00e9s cara; i per l\u2019altre costat, sumem els efectes de les pol\u00edtiques d\u2019austeritat (amb una reducci\u00f3 d\u2019un 15% dels pressupostos en inf\u00e0ncia, menys ajuts i serveis p\u00fablics menys assequibles i en pitjors condicions); el resultat \u00e9s que 3 de cada 10 ciutadans menors de 18 anys a Catalunya afronten situacions de pobresa i exclusi\u00f3 social, \u00e9s a dir, 430.000 (segons la taxa AROPE que mesura renda insuficient, privaci\u00f3 material severa i baixa intensitat del treball).<\/p>\n<p>Aix\u00f2 no ve de nou, la pobresa infantil ja era preocupant abans de la recessi\u00f3. Durant els anys de vaques grasses ni a Catalunya ni a Espanya es va fer prou per construir un sistema s\u00f2lid de pol\u00edtiques de suport als infants i les seves fam\u00edlies com s\u00ed que tenen la majoria de pa\u00efsos europeus. En aquest escenari de poc pes de la inf\u00e0ncia en les pol\u00edtiques, no ens hauria de sorprendre que estiguem a la cua d\u2019Europa en benestar infantil i que els indicadors de pobresa entre els menors d\u2019edat siguin molt superiors als del conjunt de la poblaci\u00f3 (29,5% i 24,3% respectivament): la pobresa t\u00e9 rostre d\u2019infant. A m\u00e9s, la pobresa infantil no nom\u00e9s s\u2019est\u00e0 estenent, sin\u00f3 tamb\u00e9 intensificant: la severa ha augmentat 10 punts els darrers anys a Catalunya (i 3 punts a Espanya). Si ho mirem en termes de la dist\u00e0ncia que separa els infants que tenen m\u00e9s i els que tenen menys, tamb\u00e9 sortim malparats: la desigualtat de renda creix m\u00e9s entre els ciutadans menors de 18 anys que en el global de la societat. En altres paraules, aix\u00f2 suposa trobar-se portes tancades i que els estiguem deixant enrere. Com sabem, a desigualtat creixent, drets minvants.<\/p>\n<p>Aquest empitjorament del benestar dels infants, arran tan de la crisi com de les pol\u00edtiques de resposta, \u00e9s com\u00fa a molts pa\u00efsos rics, per\u00f2 no a tots. Segons l\u2019estudi d\u2019UNICEF <em>Los ni\u00f1os de la recesi\u00f3n<\/em> en 18 dels 41 pa\u00efsos rics analitzats s\u2019ha aconseguit reduir les taxes de pobresa infantil durant aquests anys i, per tant, la recessi\u00f3 no s\u2019ha convertit en una crisi per als nens i nenes ni ha suposat m\u00e9s vulneracions dels seus drets. Com han respost aquests pa\u00efsos a la crisi? Principalment, amb una pol\u00edtica de garantia de rendes a les fam\u00edlies amb infants en situaci\u00f3 de m\u00e9s pobresa per protegir-les i que, alhora, ha impulsat l\u2019economia.<\/p>\n<p>A banda de la comparativa amb altres pa\u00efsos, tamb\u00e9 podem corroborar que l\u2019alta pobresa infantil \u00e9s evitable si observem les pol\u00edtiques p\u00fabliques per protegir altres grups de poblaci\u00f3: gr\u00e0cies a les transfer\u00e8ncies, la pobresa es redueix 70 punts percentuals entre els majors de 65 anys, mentre que entre els menors d\u2019edat nom\u00e9s la redueix 12 punts. Encara no tenim un sistema que blindi els seus drets i per aix\u00f2 UNICEF, amb altres entitats, est\u00e0 treballant per assolir un Pacte d\u2019Estat per la Inf\u00e0ncia que garanteixi pressupostos per als infants com en el seu dia es va fer amb el Pacte de Toledo per a la gent gran. I, a escala catalana, proposa una s\u00e8rie de mesures de pol\u00edtica p\u00fablica que permetrien avan\u00e7ar en l\u2019exercici del dret dels infants a un nivell de vida adequat, entre elles, una prestaci\u00f3 per a infant (de 0 a 17 anys) en llars per sota el llindar de la pobresa que hem estimat que amb una quantia de 100 euros al mes permetria reduir un 20% la taxa de pobresa infantil. Una mesura com aquesta refor\u00e7aria les actuals pol\u00edtiques familiars, que combinen prestacions i deduccions estatals i auton\u00f2miques, i que s\u00f3n tan d\u00e8bils i poc eficaces en la lluita contra la pobresa infantil. \u00d2bviament, caldria integrar-la en un conjunt d\u2019altres actuacions per assegurar recursos suficients a les fam\u00edlies amb fills en situacions m\u00e9s vulnerables i serveis p\u00fablics assequibles i de qualitat en educaci\u00f3, salut, habitatge i benestar social, aix\u00ed com la participaci\u00f3 dels infants en la vida comunit\u00e0ria i social, en l\u00ednia amb la recomanaci\u00f3 europea <em>Invertir en inf\u00e0ncia<\/em>.<\/p>\n<p>Malgrat el que reconeix la Convenci\u00f3 sobre els Drets de l\u2019Infant (i que recull l\u2019Estatut de Catalunya i la Llei 14\/2010), lluny de protegir la inf\u00e0ncia de la pobresa i promoure-la com un per\u00edode de la vida estrat\u00e8gic per a la igualtat d\u2019oportunitats, la realitat \u00e9s que no acompanyem prou els infants i que tenir fills s\u2019ha convertit en un factor de risc de pobresa per a les fam\u00edlies. No les estem deixant massa soles en les seves responsabilitats en el benestar dels infants? Per qu\u00e8 seguim creient, socialment, que no ens toca, que \u00e9s un problema dels fills d\u2019altres fam\u00edlies? Des d\u2019un punt de vista de drets humans, social i gener\u00f3s haurien de preocupar-nos la injust\u00edcia i les vulneracions dels drets a causa de circumst\u00e0ncies familiars que castigaran els nens i nenes molt m\u00e9s enll\u00e0 de qualsevol recuperaci\u00f3 econ\u00f2mica. I des d\u2019un punt de vista m\u00e9s econ\u00f2mic, individual i interessat, una societat amb menys infants, menys formada i m\u00e9s desigual comporta enormes costos que hipotequen el benestar de tota la societat a llarg termini i surt molt m\u00e9s car tapar forats de les conseq\u00fc\u00e8ncies de la desprotecci\u00f3 que redistribuir oportunitats des de la petita inf\u00e0ncia (aix\u00f2 ho diuen, fins i tot, Novells d\u2019economia com Heckman o Stiglitz).<\/p>\n<p>La Convenci\u00f3 \u00e9s molt clara: s\u00ed, les fam\u00edlies s\u00f3n les primeres responsables de proporcionar les condicions de vida necess\u00e0ries per al desenvolupament dels seus fills, per\u00f2 s\u00f3n els governs els que tenen l\u2019obligaci\u00f3 de garantir el suport per fer efectiu el dret a un nivell de vida adequat (especialment en alimentaci\u00f3 i habitatge) i aix\u00f2 exigeix m\u00e9s i millor inversi\u00f3 p\u00fablica. No podem seguir pensant les pol\u00edtiques p\u00fabliques sense valorar el seu impacte en la inf\u00e0ncia (com l\u2019enduriment de la renda m\u00ednima d\u2019inserci\u00f3 que va suposar que m\u00e9s de 10.000 infants en quedessin exclosos) ni reduir la lluita contra la pobresa infantil a beques menjadors, actuacions purament assistencials sense marcs educatius i gr\u00e0cies a finan\u00e7aments ben\u00e8fics. Calen enfocaments m\u00e9s globals que tractin el problema des de la base: les fam\u00edlies necessiten suports i ingressos suficients per cuidar els infants i adolescents amb dignitat. A Catalunya hi ha immensos recursos per activar en aquesta direcci\u00f3: un teixit social comunitari i entitats arrelades que fan una gran tasca; una Llei d\u2019inf\u00e0ncia que cal seguir desplegant; un consens social i pol\u00edtic en forma de Pacte per a la Inf\u00e0ncia (malgrat no estableix prioritats, metes ni blindi pressupostos); unes recomanacions concretes del S\u00edndic que vetlla pels drets dels infants; i tamb\u00e9, malgrat tot, diners p\u00fablics.<\/p>\n<p>Qu\u00e8 ha de passar per tal que prioritzem la inf\u00e0ncia en les pol\u00edtiques p\u00fabliques i a l\u2019hora de repartir el past\u00eds? Fins quan seguirem mirant els nens i les nenes com els fills d\u2019alg\u00fa altre? Quan comprenguem que tamb\u00e9 ens toca, que hi tenim responsabilitats col\u00b7lectives i que, a m\u00e9s, tamb\u00e9 ens interessa potser, llavors, entendrem que no estem gastant diners en els fills dels altres (en prestacions, escola bressol, beques o habitatge), sin\u00f3 que estem invertint en els \u201cnostres nanos\u201d perqu\u00e8 els reservem un lloc important en la societat. Quan deixem de pensar-los com ap\u00e8ndixs de les seves fam\u00edlies i els veiem com ciutadans subjectes de drets independents i amb interessos espec\u00edfics que hem de tenir en compte de manera primordial, potser, llavors, ens convencerem de la import\u00e0ncia de la igualtat d\u2019oportunitats i aleshores, els nens i nenes empobrits i deixats als marges ser\u00e0 cosa del passat. Mentrestant correm el risc d\u2019acabar-ho considerant inevitable o, fins i tot, normal.<\/p>\n<p style=\"text-align: center\"><a href=\"https:\/\/nostalgic-ishizaka.82-223-1-47.plesk.page\/senderi\/wp-content\/uploads\/sites\/27\/2015\/04\/infografia.png\"><img fetchpriority=\"high\" decoding=\"async\" class=\"aligncenter  wp-image-539\" src=\"https:\/\/diarieducacio.cat\/senderi\/wp-content\/uploads\/sites\/12\/2015\/04\/infografia-300x213.png\" alt=\"infografia\" width=\"602\" height=\"426\" \/><\/a><\/p>\n<p><strong><br \/>\nBIBLIOGRAFIA<\/strong><\/p>\n<ul>\n<li>UNICEF Comit\u00e8 Catalunya: <a href=\"http:\/\/www.unicef.es\/sites\/www.unicef.es\/files\/infografia_pobresa_infantil_cat_unicef_0.pdf\">infografia sobre la pobresa infantil a Catalunya<\/a>. (2015)<\/li>\n<li>Juli\u00e0, A. (2014) \u201c<a href=\"http:\/\/www.unicef.es\/sites\/www.unicef.es\/files\/docs-mesures_pobresa_infantil_prestacio.pdf\">Mesures de lluita contra la pobresa infantil: prestaci\u00f3 per a infants en situaci\u00f3 de pobresa<\/a>\u201d a la col\u00b7lecci\u00f3 <em>Docs Inf\u00e0ncia a Catalunya d\u2019UNICEF<\/em>. Barcelona: UNICEF Comit\u00e8 Catalunya:<\/li>\n<li>Mari-Klose, P. i Mari-Klose, M. (2012) \u201c<a href=\"http:\/\/www.unicef.es\/sites\/www.unicef.es\/files\/DOCS-CRISI_I_POBRESA_INFANTIL.pdf\">Crisi i pobresa infantil a Catalunya<\/a>\u201d a la col\u00b7lecci\u00f3 <em>Docs Inf\u00e0ncia a Catalunya d\u2019UNICEF<\/em>. Barcelona: UNICEF Comit\u00e8 Catalunya:<\/li>\n<li>UNICEF Innocenti (2014) <a href=\"https:\/\/www.unicef.es\/sites\/www.unicef.es\/files\/report_card_12._los_ninos_de_la_recesion.pdf\"><em>Los ni\u00f1os de la recesi\u00f3n<\/em><\/a><em>. El impacto de la crisis econ\u00f3mica en el bienestar infantil en los pa\u00edses ricos<\/em>. Report Card n\u00ba12. Flor\u00e8ncia: Centre d\u2019Investigaci\u00f3 Innocentti d\u2019UNICEF<\/li>\n<li>UNICEF Comit\u00e8 espanyol (2014) <a href=\"http:\/\/www.unicef.es\/sites\/www.unicef.es\/files\/infancia-espana\/unicef_informe_la_infancia_en_espana_2014.pdf\"><em>Infancia en Espa\u00f1a 2014<\/em><\/a><em>: el valor social de los ni\u00f1os hacia un Pacto de Estado por la infancia. <\/em>Madrid: UNICEF Comit\u00e8 espanyol<\/li>\n<li>Video \u201c<a href=\"http:\/\/bit.ly\/11jP593\">Veus d\u2019infants en temps de crisi<\/a>\u201d d\u2019UNICEF Comit\u00e8 Catalunya i el Casal dels Infants<\/li>\n<li>Campanya \u201cYo pido Pacto de Estado por la Infacia\u201d: <a href=\"http:\/\/www.unicef.es\/pactoinfancia\">unicef.es\/pactoinfancia<\/a><\/li>\n<\/ul>\n","protected":false},"excerpt":{"rendered":"<p>A Catalunya i a Espanya partim d\u2019un d\u00e8ficit hist\u00f2ric en pol\u00edtiques d\u2019inf\u00e0ncia i suport a les fam\u00edlies amb fills, entre d\u2019altres, perqu\u00e8 socialment continuem pensant que els infants s\u00f3n de les seves fam\u00edlies i que s\u00f3n elles les que se n\u2019han d\u2019encarregar com bonament puguin.<\/p>\n","protected":false},"author":427,"featured_media":537,"comment_status":"open","ping_status":"open","sticky":false,"template":"","format":"standard","meta":{"footnotes":""},"categories":[111],"tags":[272,273,274,275],"tipo":[],"class_list":{"0":"post-535","1":"post","2":"type-post","3":"status-publish","4":"format-standard","5":"has-post-thumbnail","7":"category-articles","8":"tag-drets-dels-infants","9":"tag-pobresa-infantil","10":"tag-politiques-publiques","11":"tag-unicef"},"yoast_head":"<!-- This site is optimized with the Yoast SEO plugin v27.4 - https:\/\/yoast.com\/product\/yoast-seo-wordpress\/ -->\n<title>Els fills dels altres o els infants de tothom? Desigualtats i pobresa en la inf\u00e0ncia - Senderi<\/title>\n<meta name=\"robots\" content=\"index, follow, max-snippet:-1, max-image-preview:large, max-video-preview:-1\" \/>\n<link rel=\"canonical\" href=\"https:\/\/diarieducacio.cat\/senderi\/2015\/04\/29\/els-fills-dels-altres-o-els-infants-de-tothom-desigualtats-i-pobresa-en-la-infancia\/\" \/>\n<meta property=\"og:locale\" content=\"ca_ES\" \/>\n<meta property=\"og:type\" content=\"article\" \/>\n<meta property=\"og:title\" content=\"Els fills dels altres o els infants de tothom? Desigualtats i pobresa en la inf\u00e0ncia - Senderi\" \/>\n<meta property=\"og:description\" content=\"A Catalunya i a Espanya partim d\u2019un d\u00e8ficit hist\u00f2ric en pol\u00edtiques d\u2019inf\u00e0ncia i suport a les fam\u00edlies amb fills, entre d\u2019altres, perqu\u00e8 socialment continuem pensant que els infants s\u00f3n de les seves fam\u00edlies i que s\u00f3n elles les que se n\u2019han d\u2019encarregar com bonament puguin.\" \/>\n<meta property=\"og:url\" content=\"https:\/\/diarieducacio.cat\/senderi\/2015\/04\/29\/els-fills-dels-altres-o-els-infants-de-tothom-desigualtats-i-pobresa-en-la-infancia\/\" \/>\n<meta property=\"og:site_name\" content=\"Senderi\" \/>\n<meta property=\"article:publisher\" content=\"https:\/\/www.facebook.com\/diarieducacio\/\" \/>\n<meta property=\"article:published_time\" content=\"2015-04-29T06:35:31+00:00\" \/>\n<meta property=\"article:modified_time\" content=\"2024-05-13T11:08:54+00:00\" \/>\n<meta property=\"og:image\" content=\"https:\/\/diarieducacio.cat\/senderi\/wp-content\/uploads\/sites\/27\/2015\/04\/infografia-174x131-1.png\" \/>\n\t<meta property=\"og:image:width\" content=\"174\" \/>\n\t<meta property=\"og:image:height\" content=\"131\" \/>\n\t<meta property=\"og:image:type\" content=\"image\/png\" \/>\n<meta name=\"author\" content=\"Maria Tru\u00f1\u00f3\" \/>\n<meta name=\"twitter:card\" content=\"summary_large_image\" \/>\n<meta name=\"twitter:creator\" content=\"@DiariEducacio\" \/>\n<meta name=\"twitter:site\" content=\"@DiariEducacio\" \/>\n<meta name=\"twitter:label1\" content=\"Escrit per\" \/>\n\t<meta name=\"twitter:data1\" content=\"Maria Tru\u00f1\u00f3\" \/>\n\t<meta name=\"twitter:label2\" content=\"Temps estimat de lectura\" \/>\n\t<meta name=\"twitter:data2\" content=\"8 minuts\" \/>\n<script type=\"application\/ld+json\" class=\"yoast-schema-graph\">{\"@context\":\"https:\\\/\\\/schema.org\",\"@graph\":[{\"@type\":\"Article\",\"@id\":\"https:\\\/\\\/diarieducacio.cat\\\/senderi\\\/2015\\\/04\\\/29\\\/els-fills-dels-altres-o-els-infants-de-tothom-desigualtats-i-pobresa-en-la-infancia\\\/#article\",\"isPartOf\":{\"@id\":\"https:\\\/\\\/diarieducacio.cat\\\/senderi\\\/2015\\\/04\\\/29\\\/els-fills-dels-altres-o-els-infants-de-tothom-desigualtats-i-pobresa-en-la-infancia\\\/\"},\"author\":{\"name\":\"Maria Tru\u00f1\u00f3\",\"@id\":\"https:\\\/\\\/diarieducacio.cat\\\/senderi\\\/#\\\/schema\\\/person\\\/9975402daf9c4bb092c1be7110587afc\"},\"headline\":\"Els fills dels altres o els infants de tothom? Desigualtats i pobresa en la inf\u00e0ncia\",\"datePublished\":\"2015-04-29T06:35:31+00:00\",\"dateModified\":\"2024-05-13T11:08:54+00:00\",\"mainEntityOfPage\":{\"@id\":\"https:\\\/\\\/diarieducacio.cat\\\/senderi\\\/2015\\\/04\\\/29\\\/els-fills-dels-altres-o-els-infants-de-tothom-desigualtats-i-pobresa-en-la-infancia\\\/\"},\"wordCount\":1712,\"commentCount\":0,\"image\":{\"@id\":\"https:\\\/\\\/diarieducacio.cat\\\/senderi\\\/2015\\\/04\\\/29\\\/els-fills-dels-altres-o-els-infants-de-tothom-desigualtats-i-pobresa-en-la-infancia\\\/#primaryimage\"},\"thumbnailUrl\":\"https:\\\/\\\/diarieducacio.cat\\\/senderi\\\/wp-content\\\/uploads\\\/sites\\\/27\\\/2015\\\/04\\\/infografia-174x131-1.png\",\"keywords\":[\"drets dels infants\",\"pobresa infantil\",\"pol\u00edtiques p\u00fabliques\",\"Unicef\"],\"articleSection\":[\"Opini\u00f3\"],\"inLanguage\":\"ca\",\"potentialAction\":[{\"@type\":\"CommentAction\",\"name\":\"Comment\",\"target\":[\"https:\\\/\\\/diarieducacio.cat\\\/senderi\\\/2015\\\/04\\\/29\\\/els-fills-dels-altres-o-els-infants-de-tothom-desigualtats-i-pobresa-en-la-infancia\\\/#respond\"]}]},{\"@type\":\"WebPage\",\"@id\":\"https:\\\/\\\/diarieducacio.cat\\\/senderi\\\/2015\\\/04\\\/29\\\/els-fills-dels-altres-o-els-infants-de-tothom-desigualtats-i-pobresa-en-la-infancia\\\/\",\"url\":\"https:\\\/\\\/diarieducacio.cat\\\/senderi\\\/2015\\\/04\\\/29\\\/els-fills-dels-altres-o-els-infants-de-tothom-desigualtats-i-pobresa-en-la-infancia\\\/\",\"name\":\"Els fills dels altres o els infants de tothom? Desigualtats i pobresa en la inf\u00e0ncia - Senderi\",\"isPartOf\":{\"@id\":\"https:\\\/\\\/diarieducacio.cat\\\/senderi\\\/#website\"},\"primaryImageOfPage\":{\"@id\":\"https:\\\/\\\/diarieducacio.cat\\\/senderi\\\/2015\\\/04\\\/29\\\/els-fills-dels-altres-o-els-infants-de-tothom-desigualtats-i-pobresa-en-la-infancia\\\/#primaryimage\"},\"image\":{\"@id\":\"https:\\\/\\\/diarieducacio.cat\\\/senderi\\\/2015\\\/04\\\/29\\\/els-fills-dels-altres-o-els-infants-de-tothom-desigualtats-i-pobresa-en-la-infancia\\\/#primaryimage\"},\"thumbnailUrl\":\"https:\\\/\\\/diarieducacio.cat\\\/senderi\\\/wp-content\\\/uploads\\\/sites\\\/27\\\/2015\\\/04\\\/infografia-174x131-1.png\",\"datePublished\":\"2015-04-29T06:35:31+00:00\",\"dateModified\":\"2024-05-13T11:08:54+00:00\",\"author\":{\"@id\":\"https:\\\/\\\/diarieducacio.cat\\\/senderi\\\/#\\\/schema\\\/person\\\/9975402daf9c4bb092c1be7110587afc\"},\"breadcrumb\":{\"@id\":\"https:\\\/\\\/diarieducacio.cat\\\/senderi\\\/2015\\\/04\\\/29\\\/els-fills-dels-altres-o-els-infants-de-tothom-desigualtats-i-pobresa-en-la-infancia\\\/#breadcrumb\"},\"inLanguage\":\"ca\",\"potentialAction\":[{\"@type\":\"ReadAction\",\"target\":[\"https:\\\/\\\/diarieducacio.cat\\\/senderi\\\/2015\\\/04\\\/29\\\/els-fills-dels-altres-o-els-infants-de-tothom-desigualtats-i-pobresa-en-la-infancia\\\/\"]}]},{\"@type\":\"ImageObject\",\"inLanguage\":\"ca\",\"@id\":\"https:\\\/\\\/diarieducacio.cat\\\/senderi\\\/2015\\\/04\\\/29\\\/els-fills-dels-altres-o-els-infants-de-tothom-desigualtats-i-pobresa-en-la-infancia\\\/#primaryimage\",\"url\":\"https:\\\/\\\/diarieducacio.cat\\\/senderi\\\/wp-content\\\/uploads\\\/sites\\\/27\\\/2015\\\/04\\\/infografia-174x131-1.png\",\"contentUrl\":\"https:\\\/\\\/diarieducacio.cat\\\/senderi\\\/wp-content\\\/uploads\\\/sites\\\/27\\\/2015\\\/04\\\/infografia-174x131-1.png\",\"width\":174,\"height\":131},{\"@type\":\"BreadcrumbList\",\"@id\":\"https:\\\/\\\/diarieducacio.cat\\\/senderi\\\/2015\\\/04\\\/29\\\/els-fills-dels-altres-o-els-infants-de-tothom-desigualtats-i-pobresa-en-la-infancia\\\/#breadcrumb\",\"itemListElement\":[{\"@type\":\"ListItem\",\"position\":1,\"name\":\"Inici\",\"item\":\"https:\\\/\\\/diarieducacio.cat\\\/senderi\\\/\"},{\"@type\":\"ListItem\",\"position\":2,\"name\":\"Els fills dels altres o els infants de tothom? Desigualtats i pobresa en la inf\u00e0ncia\"}]},{\"@type\":\"WebSite\",\"@id\":\"https:\\\/\\\/diarieducacio.cat\\\/senderi\\\/#website\",\"url\":\"https:\\\/\\\/diarieducacio.cat\\\/senderi\\\/\",\"name\":\"Senderi\",\"description\":\"Un blog de El Diari de l&#039;Educaci\u00f3\",\"potentialAction\":[{\"@type\":\"SearchAction\",\"target\":{\"@type\":\"EntryPoint\",\"urlTemplate\":\"https:\\\/\\\/diarieducacio.cat\\\/senderi\\\/?s={search_term_string}\"},\"query-input\":{\"@type\":\"PropertyValueSpecification\",\"valueRequired\":true,\"valueName\":\"search_term_string\"}}],\"inLanguage\":\"ca\"},{\"@type\":\"Person\",\"@id\":\"https:\\\/\\\/diarieducacio.cat\\\/senderi\\\/#\\\/schema\\\/person\\\/9975402daf9c4bb092c1be7110587afc\",\"name\":\"Maria Tru\u00f1\u00f3\",\"image\":{\"@type\":\"ImageObject\",\"inLanguage\":\"ca\",\"@id\":\"https:\\\/\\\/secure.gravatar.com\\\/avatar\\\/e211387ffd6e0472c562c48d21af59f6dcc39c9c4cc307b2ab9471b15ed9030a?s=96&d=mm&r=g\",\"url\":\"https:\\\/\\\/secure.gravatar.com\\\/avatar\\\/e211387ffd6e0472c562c48d21af59f6dcc39c9c4cc307b2ab9471b15ed9030a?s=96&d=mm&r=g\",\"contentUrl\":\"https:\\\/\\\/secure.gravatar.com\\\/avatar\\\/e211387ffd6e0472c562c48d21af59f6dcc39c9c4cc307b2ab9471b15ed9030a?s=96&d=mm&r=g\",\"caption\":\"Maria Tru\u00f1\u00f3\"},\"url\":\"https:\\\/\\\/diarieducacio.cat\\\/senderi\\\/author\\\/mtruno\\\/\"}]}<\/script>\n<!-- \/ Yoast SEO plugin. -->","yoast_head_json":{"title":"Els fills dels altres o els infants de tothom? Desigualtats i pobresa en la inf\u00e0ncia - Senderi","robots":{"index":"index","follow":"follow","max-snippet":"max-snippet:-1","max-image-preview":"max-image-preview:large","max-video-preview":"max-video-preview:-1"},"canonical":"https:\/\/diarieducacio.cat\/senderi\/2015\/04\/29\/els-fills-dels-altres-o-els-infants-de-tothom-desigualtats-i-pobresa-en-la-infancia\/","og_locale":"ca_ES","og_type":"article","og_title":"Els fills dels altres o els infants de tothom? Desigualtats i pobresa en la inf\u00e0ncia - Senderi","og_description":"A Catalunya i a Espanya partim d\u2019un d\u00e8ficit hist\u00f2ric en pol\u00edtiques d\u2019inf\u00e0ncia i suport a les fam\u00edlies amb fills, entre d\u2019altres, perqu\u00e8 socialment continuem pensant que els infants s\u00f3n de les seves fam\u00edlies i que s\u00f3n elles les que se n\u2019han d\u2019encarregar com bonament puguin.","og_url":"https:\/\/diarieducacio.cat\/senderi\/2015\/04\/29\/els-fills-dels-altres-o-els-infants-de-tothom-desigualtats-i-pobresa-en-la-infancia\/","og_site_name":"Senderi","article_publisher":"https:\/\/www.facebook.com\/diarieducacio\/","article_published_time":"2015-04-29T06:35:31+00:00","article_modified_time":"2024-05-13T11:08:54+00:00","og_image":[{"width":174,"height":131,"url":"https:\/\/diarieducacio.cat\/senderi\/wp-content\/uploads\/sites\/27\/2015\/04\/infografia-174x131-1.png","type":"image\/png"}],"author":"Maria Tru\u00f1\u00f3","twitter_card":"summary_large_image","twitter_creator":"@DiariEducacio","twitter_site":"@DiariEducacio","twitter_misc":{"Escrit per":"Maria Tru\u00f1\u00f3","Temps estimat de lectura":"8 minuts"},"schema":{"@context":"https:\/\/schema.org","@graph":[{"@type":"Article","@id":"https:\/\/diarieducacio.cat\/senderi\/2015\/04\/29\/els-fills-dels-altres-o-els-infants-de-tothom-desigualtats-i-pobresa-en-la-infancia\/#article","isPartOf":{"@id":"https:\/\/diarieducacio.cat\/senderi\/2015\/04\/29\/els-fills-dels-altres-o-els-infants-de-tothom-desigualtats-i-pobresa-en-la-infancia\/"},"author":{"name":"Maria Tru\u00f1\u00f3","@id":"https:\/\/diarieducacio.cat\/senderi\/#\/schema\/person\/9975402daf9c4bb092c1be7110587afc"},"headline":"Els fills dels altres o els infants de tothom? Desigualtats i pobresa en la inf\u00e0ncia","datePublished":"2015-04-29T06:35:31+00:00","dateModified":"2024-05-13T11:08:54+00:00","mainEntityOfPage":{"@id":"https:\/\/diarieducacio.cat\/senderi\/2015\/04\/29\/els-fills-dels-altres-o-els-infants-de-tothom-desigualtats-i-pobresa-en-la-infancia\/"},"wordCount":1712,"commentCount":0,"image":{"@id":"https:\/\/diarieducacio.cat\/senderi\/2015\/04\/29\/els-fills-dels-altres-o-els-infants-de-tothom-desigualtats-i-pobresa-en-la-infancia\/#primaryimage"},"thumbnailUrl":"https:\/\/diarieducacio.cat\/senderi\/wp-content\/uploads\/sites\/27\/2015\/04\/infografia-174x131-1.png","keywords":["drets dels infants","pobresa infantil","pol\u00edtiques p\u00fabliques","Unicef"],"articleSection":["Opini\u00f3"],"inLanguage":"ca","potentialAction":[{"@type":"CommentAction","name":"Comment","target":["https:\/\/diarieducacio.cat\/senderi\/2015\/04\/29\/els-fills-dels-altres-o-els-infants-de-tothom-desigualtats-i-pobresa-en-la-infancia\/#respond"]}]},{"@type":"WebPage","@id":"https:\/\/diarieducacio.cat\/senderi\/2015\/04\/29\/els-fills-dels-altres-o-els-infants-de-tothom-desigualtats-i-pobresa-en-la-infancia\/","url":"https:\/\/diarieducacio.cat\/senderi\/2015\/04\/29\/els-fills-dels-altres-o-els-infants-de-tothom-desigualtats-i-pobresa-en-la-infancia\/","name":"Els fills dels altres o els infants de tothom? Desigualtats i pobresa en la inf\u00e0ncia - Senderi","isPartOf":{"@id":"https:\/\/diarieducacio.cat\/senderi\/#website"},"primaryImageOfPage":{"@id":"https:\/\/diarieducacio.cat\/senderi\/2015\/04\/29\/els-fills-dels-altres-o-els-infants-de-tothom-desigualtats-i-pobresa-en-la-infancia\/#primaryimage"},"image":{"@id":"https:\/\/diarieducacio.cat\/senderi\/2015\/04\/29\/els-fills-dels-altres-o-els-infants-de-tothom-desigualtats-i-pobresa-en-la-infancia\/#primaryimage"},"thumbnailUrl":"https:\/\/diarieducacio.cat\/senderi\/wp-content\/uploads\/sites\/27\/2015\/04\/infografia-174x131-1.png","datePublished":"2015-04-29T06:35:31+00:00","dateModified":"2024-05-13T11:08:54+00:00","author":{"@id":"https:\/\/diarieducacio.cat\/senderi\/#\/schema\/person\/9975402daf9c4bb092c1be7110587afc"},"breadcrumb":{"@id":"https:\/\/diarieducacio.cat\/senderi\/2015\/04\/29\/els-fills-dels-altres-o-els-infants-de-tothom-desigualtats-i-pobresa-en-la-infancia\/#breadcrumb"},"inLanguage":"ca","potentialAction":[{"@type":"ReadAction","target":["https:\/\/diarieducacio.cat\/senderi\/2015\/04\/29\/els-fills-dels-altres-o-els-infants-de-tothom-desigualtats-i-pobresa-en-la-infancia\/"]}]},{"@type":"ImageObject","inLanguage":"ca","@id":"https:\/\/diarieducacio.cat\/senderi\/2015\/04\/29\/els-fills-dels-altres-o-els-infants-de-tothom-desigualtats-i-pobresa-en-la-infancia\/#primaryimage","url":"https:\/\/diarieducacio.cat\/senderi\/wp-content\/uploads\/sites\/27\/2015\/04\/infografia-174x131-1.png","contentUrl":"https:\/\/diarieducacio.cat\/senderi\/wp-content\/uploads\/sites\/27\/2015\/04\/infografia-174x131-1.png","width":174,"height":131},{"@type":"BreadcrumbList","@id":"https:\/\/diarieducacio.cat\/senderi\/2015\/04\/29\/els-fills-dels-altres-o-els-infants-de-tothom-desigualtats-i-pobresa-en-la-infancia\/#breadcrumb","itemListElement":[{"@type":"ListItem","position":1,"name":"Inici","item":"https:\/\/diarieducacio.cat\/senderi\/"},{"@type":"ListItem","position":2,"name":"Els fills dels altres o els infants de tothom? Desigualtats i pobresa en la inf\u00e0ncia"}]},{"@type":"WebSite","@id":"https:\/\/diarieducacio.cat\/senderi\/#website","url":"https:\/\/diarieducacio.cat\/senderi\/","name":"Senderi","description":"Un blog de El Diari de l&#039;Educaci\u00f3","potentialAction":[{"@type":"SearchAction","target":{"@type":"EntryPoint","urlTemplate":"https:\/\/diarieducacio.cat\/senderi\/?s={search_term_string}"},"query-input":{"@type":"PropertyValueSpecification","valueRequired":true,"valueName":"search_term_string"}}],"inLanguage":"ca"},{"@type":"Person","@id":"https:\/\/diarieducacio.cat\/senderi\/#\/schema\/person\/9975402daf9c4bb092c1be7110587afc","name":"Maria Tru\u00f1\u00f3","image":{"@type":"ImageObject","inLanguage":"ca","@id":"https:\/\/secure.gravatar.com\/avatar\/e211387ffd6e0472c562c48d21af59f6dcc39c9c4cc307b2ab9471b15ed9030a?s=96&d=mm&r=g","url":"https:\/\/secure.gravatar.com\/avatar\/e211387ffd6e0472c562c48d21af59f6dcc39c9c4cc307b2ab9471b15ed9030a?s=96&d=mm&r=g","contentUrl":"https:\/\/secure.gravatar.com\/avatar\/e211387ffd6e0472c562c48d21af59f6dcc39c9c4cc307b2ab9471b15ed9030a?s=96&d=mm&r=g","caption":"Maria Tru\u00f1\u00f3"},"url":"https:\/\/diarieducacio.cat\/senderi\/author\/mtruno\/"}]}},"_links":{"self":[{"href":"https:\/\/diarieducacio.cat\/senderi\/wp-json\/wp\/v2\/posts\/535","targetHints":{"allow":["GET"]}}],"collection":[{"href":"https:\/\/diarieducacio.cat\/senderi\/wp-json\/wp\/v2\/posts"}],"about":[{"href":"https:\/\/diarieducacio.cat\/senderi\/wp-json\/wp\/v2\/types\/post"}],"author":[{"embeddable":true,"href":"https:\/\/diarieducacio.cat\/senderi\/wp-json\/wp\/v2\/users\/427"}],"replies":[{"embeddable":true,"href":"https:\/\/diarieducacio.cat\/senderi\/wp-json\/wp\/v2\/comments?post=535"}],"version-history":[{"count":1,"href":"https:\/\/diarieducacio.cat\/senderi\/wp-json\/wp\/v2\/posts\/535\/revisions"}],"predecessor-version":[{"id":1920,"href":"https:\/\/diarieducacio.cat\/senderi\/wp-json\/wp\/v2\/posts\/535\/revisions\/1920"}],"wp:featuredmedia":[{"embeddable":true,"href":"https:\/\/diarieducacio.cat\/senderi\/wp-json\/wp\/v2\/media\/537"}],"wp:attachment":[{"href":"https:\/\/diarieducacio.cat\/senderi\/wp-json\/wp\/v2\/media?parent=535"}],"wp:term":[{"taxonomy":"category","embeddable":true,"href":"https:\/\/diarieducacio.cat\/senderi\/wp-json\/wp\/v2\/categories?post=535"},{"taxonomy":"post_tag","embeddable":true,"href":"https:\/\/diarieducacio.cat\/senderi\/wp-json\/wp\/v2\/tags?post=535"},{"taxonomy":"tipo","embeddable":true,"href":"https:\/\/diarieducacio.cat\/senderi\/wp-json\/wp\/v2\/tipo?post=535"}],"curies":[{"name":"wp","href":"https:\/\/api.w.org\/{rel}","templated":true}]}}