{"id":56,"date":"2014-10-20T06:45:12","date_gmt":"2014-10-20T06:45:12","guid":{"rendered":"https:\/\/diarieducacio.cat\/senderi\/?p=56"},"modified":"2024-05-13T13:08:50","modified_gmt":"2024-05-13T11:08:50","slug":"amaras-al-projimo","status":"publish","type":"post","link":"https:\/\/diarieducacio.cat\/senderi\/2014\/10\/20\/amaras-al-projimo\/","title":{"rendered":"Amar\u00e1s al pr\u00f3jimo"},"content":{"rendered":"<p>Per anar al cine no calen excuses, per\u00f2 una de les que fa que jo sigui un seguidor del set\u00e8 art \u00e9s l\u2019oportunitat d\u2019escoltar com sonen les lleng\u00fces que no pertanyen al meu cercle m\u00e9s proper. \u201cAmar\u00e1s al pr\u00f3jimo\u201d ens ve de Pol\u00f2nia i seguir la hist\u00f2ria explicada llengua polonesa sempre \u00e9s un valor afegit.<\/p>\n<p>La directora es diu Malgorzata Szumowska, absolutament desconeguda per mi abans d\u2019anar a veure aquesta pel\u2022l\u00edcula, ens mostra la crisi d\u2019un capell\u00e0 que treballa en una mena d\u2019internat per a joves que poden acabar en un reformatori on se suposa que les condicions de vida s\u00f3n m\u00e9s dures.<\/p>\n<p>Tot sembla funcionar prou b\u00e9, tot i els problemes que tenen, fins que arriba una mena d\u2019\u00e0ngel despentinat que fa trontollar les seguretats del moss\u00e8n. No espereu escenes pujades de to, sin\u00f3 m\u00e9s aviat un joc de mirades, de petits gestos que van escenificant els focs interiors dels dos personatges. A m\u00e9s, tot plegat t\u00e9 com escenari un univers absolutament mascul\u00ed i molt carregat d\u2019hormones, si exceptuem la pres\u00e8ncia d\u2019una jove que s\u2019enamora del capell\u00e0.<\/p>\n<p>No \u00e9s la primera vegada que el cine ens mostra la crisi d\u2019un capell\u00e0, la seva continguda homosexualitat -em ve a la mem\u00f2ria la pel\u2022l\u00edcula \u201cPriest, d\u2019Antonia Bird\u201d-, per\u00f2 el m\u00e9s interessant d\u2019aquesta obra \u00e9s contemplar all\u00f2 que he citat abans: com l\u2019univers interior pot arribar a transformar-se quan un element nou incideix de ple en aquella pass\u00ed\u00f3 que intentem tenir lligada de mans i de peus.<\/p>\n<p>Els dos personatges masculins broden els seus papers i deixo els seus noms escrits per si algun dia podem tornar a contemplar la seva saviesa interpretativa a la pantalla: Andrzej Chyra i Mateusz Kosciukieincz.<\/p>\n<p><strong>Fitxa t\u00e8cnica:<br \/>\n<\/strong><strong><a href=\"https:\/\/nostalgic-ishizaka.82-223-1-47.plesk.page\/senderi\/wp-content\/uploads\/sites\/27\/2014\/10\/amaras-al-projimo-cartel.jpg\"><img decoding=\"async\" class=\"alignleft wp-image-57\" src=\"https:\/\/diarieducacio.cat\/senderi\/wp-content\/uploads\/sites\/12\/2014\/10\/amaras-al-projimo-cartel-214x300.jpg\" alt=\"amaras-al-projimo-cartel\" width=\"112\" height=\"157\" srcset=\"https:\/\/diarieducacio.cat\/senderi\/wp-content\/uploads\/sites\/27\/2014\/10\/amaras-al-projimo-cartel-214x300.jpg 214w, https:\/\/diarieducacio.cat\/senderi\/wp-content\/uploads\/sites\/27\/2014\/10\/amaras-al-projimo-cartel-150x210.jpg 150w, https:\/\/diarieducacio.cat\/senderi\/wp-content\/uploads\/sites\/27\/2014\/10\/amaras-al-projimo-cartel-450x630.jpg 450w, https:\/\/diarieducacio.cat\/senderi\/wp-content\/uploads\/sites\/27\/2014\/10\/amaras-al-projimo-cartel.jpg 458w\" sizes=\"(max-width: 112px) 100vw, 112px\" \/><\/a>Direcci\u00f3<\/strong>: Malgoska Szumowska<br \/>\n<strong>Gui\u00f3:<\/strong>\u00a0Malgoska Szumowska i Michal Englert.<br \/>\n<strong>Int\u00e8rprets<\/strong>: Andrzej Chyra, Mateusz Kosciukiewicz, Maja Ostaszewska, Lukasz Simlat, Maria Moj<br \/>\n<strong>Pol\u00f2nia, 2013<\/strong><br \/>\n<strong>Duraci\u00f3<\/strong>: 101&#8242;<br \/>\n<strong>Estrena a Espanya<\/strong>: 10\u00a0octubre 2014<\/p>\n<p style=\"text-align: right\"><em>(font de la fitxa t\u00e8cnica i del cartell: www.labutaca.net)<\/em><\/p>\n","protected":false},"excerpt":{"rendered":"<p>Per anar al cine no calen excuses, per\u00f2 una de les que fa que jo sigui un seguidor del set\u00e8 art \u00e9s l\u2019oportunitat d\u2019escoltar com sonen les lleng\u00fces que no pertanyen al meu cercle m\u00e9s proper. \u201cAmar\u00e1s al pr\u00f3jimo\u201d ens ve de Pol\u00f2nia <a href=\"diarieducacio.cat\/senderi\/2014\/10\/20\/amaras-al-projimo\/\"> [&#8230;]<\/a><br \/>\nJaume Cela comenta la pel.l\u00edcula  de Malgoska Szumowska. Font del cartell i fotografia: www.labutaca.net i http:\/\/en.wikipedia.org<\/p>\n","protected":false},"author":420,"featured_media":182,"comment_status":"open","ping_status":"open","sticky":false,"template":"","format":"standard","meta":{"footnotes":""},"categories":[96],"tags":[95,115,99],"tipo":[],"class_list":{"0":"post-56","1":"post","2":"type-post","3":"status-publish","4":"format-standard","5":"has-post-thumbnail","7":"category-pellicules","8":"tag-cinema-i-valors","9":"tag-malgoska-szumowska","10":"tag-pel-licules"},"yoast_head":"<!-- This site is optimized with the Yoast SEO plugin v27.5 - https:\/\/yoast.com\/product\/yoast-seo-wordpress\/ -->\n<title>Amar\u00e1s al pr\u00f3jimo - Senderi<\/title>\n<meta name=\"robots\" content=\"index, follow, max-snippet:-1, max-image-preview:large, max-video-preview:-1\" \/>\n<link rel=\"canonical\" href=\"https:\/\/diarieducacio.cat\/senderi\/2014\/10\/20\/amaras-al-projimo\/\" \/>\n<meta property=\"og:locale\" content=\"ca_ES\" \/>\n<meta property=\"og:type\" content=\"article\" \/>\n<meta property=\"og:title\" content=\"Amar\u00e1s al pr\u00f3jimo - Senderi\" \/>\n<meta property=\"og:description\" content=\"Per anar al cine no calen excuses, per\u00f2 una de les que fa que jo sigui un seguidor del set\u00e8 art \u00e9s l\u2019oportunitat d\u2019escoltar com sonen les lleng\u00fces que no pertanyen al meu cercle m\u00e9s proper. \u201cAmar\u00e1s al pr\u00f3jimo\u201d ens ve de Pol\u00f2nia [...] Jaume Cela comenta la pel.l\u00edcula de Malgoska Szumowska. Font del cartell i fotografia: www.labutaca.net i http:\/\/en.wikipedia.org\" \/>\n<meta property=\"og:url\" content=\"https:\/\/diarieducacio.cat\/senderi\/2014\/10\/20\/amaras-al-projimo\/\" \/>\n<meta property=\"og:site_name\" content=\"Senderi\" \/>\n<meta property=\"article:publisher\" content=\"https:\/\/www.facebook.com\/diarieducacio\/\" \/>\n<meta property=\"article:published_time\" content=\"2014-10-20T06:45:12+00:00\" \/>\n<meta property=\"article:modified_time\" content=\"2024-05-13T11:08:50+00:00\" \/>\n<meta property=\"og:image\" content=\"https:\/\/diarieducacio.cat\/senderi\/wp-content\/uploads\/sites\/27\/2014\/10\/amaras-al-projimo-174x131-1.jpg\" \/>\n\t<meta property=\"og:image:width\" content=\"174\" \/>\n\t<meta property=\"og:image:height\" content=\"131\" \/>\n\t<meta property=\"og:image:type\" content=\"image\/jpeg\" \/>\n<meta name=\"author\" content=\"Jaume Cela\" \/>\n<meta name=\"twitter:card\" content=\"summary_large_image\" \/>\n<meta name=\"twitter:creator\" content=\"@DiariEducacio\" \/>\n<meta name=\"twitter:site\" content=\"@DiariEducacio\" \/>\n<meta name=\"twitter:label1\" content=\"Escrit per\" \/>\n\t<meta name=\"twitter:data1\" content=\"Jaume Cela\" \/>\n\t<meta name=\"twitter:label2\" content=\"Temps estimat de lectura\" \/>\n\t<meta name=\"twitter:data2\" content=\"2 minuts\" \/>\n<script type=\"application\/ld+json\" class=\"yoast-schema-graph\">{\"@context\":\"https:\\\/\\\/schema.org\",\"@graph\":[{\"@type\":\"Article\",\"@id\":\"https:\\\/\\\/diarieducacio.cat\\\/senderi\\\/2014\\\/10\\\/20\\\/amaras-al-projimo\\\/#article\",\"isPartOf\":{\"@id\":\"https:\\\/\\\/diarieducacio.cat\\\/senderi\\\/2014\\\/10\\\/20\\\/amaras-al-projimo\\\/\"},\"author\":{\"name\":\"Jaume Cela\",\"@id\":\"https:\\\/\\\/diarieducacio.cat\\\/senderi\\\/#\\\/schema\\\/person\\\/cd3570782626570ccf820776310f6bfb\"},\"headline\":\"Amar\u00e1s al pr\u00f3jimo\",\"datePublished\":\"2014-10-20T06:45:12+00:00\",\"dateModified\":\"2024-05-13T11:08:50+00:00\",\"mainEntityOfPage\":{\"@id\":\"https:\\\/\\\/diarieducacio.cat\\\/senderi\\\/2014\\\/10\\\/20\\\/amaras-al-projimo\\\/\"},\"wordCount\":359,\"commentCount\":0,\"image\":{\"@id\":\"https:\\\/\\\/diarieducacio.cat\\\/senderi\\\/2014\\\/10\\\/20\\\/amaras-al-projimo\\\/#primaryimage\"},\"thumbnailUrl\":\"https:\\\/\\\/diarieducacio.cat\\\/senderi\\\/wp-content\\\/uploads\\\/sites\\\/27\\\/2014\\\/10\\\/amaras-al-projimo-174x131-1.jpg\",\"keywords\":[\"cinema i valors\",\"Malgoska Szumowska\",\"pel.l\u00edcules\"],\"articleSection\":[\"Ens trobarem a la cua\"],\"inLanguage\":\"ca\",\"potentialAction\":[{\"@type\":\"CommentAction\",\"name\":\"Comment\",\"target\":[\"https:\\\/\\\/diarieducacio.cat\\\/senderi\\\/2014\\\/10\\\/20\\\/amaras-al-projimo\\\/#respond\"]}]},{\"@type\":\"WebPage\",\"@id\":\"https:\\\/\\\/diarieducacio.cat\\\/senderi\\\/2014\\\/10\\\/20\\\/amaras-al-projimo\\\/\",\"url\":\"https:\\\/\\\/diarieducacio.cat\\\/senderi\\\/2014\\\/10\\\/20\\\/amaras-al-projimo\\\/\",\"name\":\"Amar\u00e1s al pr\u00f3jimo - Senderi\",\"isPartOf\":{\"@id\":\"https:\\\/\\\/diarieducacio.cat\\\/senderi\\\/#website\"},\"primaryImageOfPage\":{\"@id\":\"https:\\\/\\\/diarieducacio.cat\\\/senderi\\\/2014\\\/10\\\/20\\\/amaras-al-projimo\\\/#primaryimage\"},\"image\":{\"@id\":\"https:\\\/\\\/diarieducacio.cat\\\/senderi\\\/2014\\\/10\\\/20\\\/amaras-al-projimo\\\/#primaryimage\"},\"thumbnailUrl\":\"https:\\\/\\\/diarieducacio.cat\\\/senderi\\\/wp-content\\\/uploads\\\/sites\\\/27\\\/2014\\\/10\\\/amaras-al-projimo-174x131-1.jpg\",\"datePublished\":\"2014-10-20T06:45:12+00:00\",\"dateModified\":\"2024-05-13T11:08:50+00:00\",\"author\":{\"@id\":\"https:\\\/\\\/diarieducacio.cat\\\/senderi\\\/#\\\/schema\\\/person\\\/cd3570782626570ccf820776310f6bfb\"},\"breadcrumb\":{\"@id\":\"https:\\\/\\\/diarieducacio.cat\\\/senderi\\\/2014\\\/10\\\/20\\\/amaras-al-projimo\\\/#breadcrumb\"},\"inLanguage\":\"ca\",\"potentialAction\":[{\"@type\":\"ReadAction\",\"target\":[\"https:\\\/\\\/diarieducacio.cat\\\/senderi\\\/2014\\\/10\\\/20\\\/amaras-al-projimo\\\/\"]}]},{\"@type\":\"ImageObject\",\"inLanguage\":\"ca\",\"@id\":\"https:\\\/\\\/diarieducacio.cat\\\/senderi\\\/2014\\\/10\\\/20\\\/amaras-al-projimo\\\/#primaryimage\",\"url\":\"https:\\\/\\\/diarieducacio.cat\\\/senderi\\\/wp-content\\\/uploads\\\/sites\\\/27\\\/2014\\\/10\\\/amaras-al-projimo-174x131-1.jpg\",\"contentUrl\":\"https:\\\/\\\/diarieducacio.cat\\\/senderi\\\/wp-content\\\/uploads\\\/sites\\\/27\\\/2014\\\/10\\\/amaras-al-projimo-174x131-1.jpg\",\"width\":174,\"height\":131},{\"@type\":\"BreadcrumbList\",\"@id\":\"https:\\\/\\\/diarieducacio.cat\\\/senderi\\\/2014\\\/10\\\/20\\\/amaras-al-projimo\\\/#breadcrumb\",\"itemListElement\":[{\"@type\":\"ListItem\",\"position\":1,\"name\":\"Inici\",\"item\":\"https:\\\/\\\/diarieducacio.cat\\\/senderi\\\/\"},{\"@type\":\"ListItem\",\"position\":2,\"name\":\"Amar\u00e1s al pr\u00f3jimo\"}]},{\"@type\":\"WebSite\",\"@id\":\"https:\\\/\\\/diarieducacio.cat\\\/senderi\\\/#website\",\"url\":\"https:\\\/\\\/diarieducacio.cat\\\/senderi\\\/\",\"name\":\"Senderi\",\"description\":\"Un blog de El Diari de l&#039;Educaci\u00f3\",\"potentialAction\":[{\"@type\":\"SearchAction\",\"target\":{\"@type\":\"EntryPoint\",\"urlTemplate\":\"https:\\\/\\\/diarieducacio.cat\\\/senderi\\\/?s={search_term_string}\"},\"query-input\":{\"@type\":\"PropertyValueSpecification\",\"valueRequired\":true,\"valueName\":\"search_term_string\"}}],\"inLanguage\":\"ca\"},{\"@type\":\"Person\",\"@id\":\"https:\\\/\\\/diarieducacio.cat\\\/senderi\\\/#\\\/schema\\\/person\\\/cd3570782626570ccf820776310f6bfb\",\"name\":\"Jaume Cela\",\"image\":{\"@type\":\"ImageObject\",\"inLanguage\":\"ca\",\"@id\":\"https:\\\/\\\/secure.gravatar.com\\\/avatar\\\/0f69a76aef4ca3487b000787763421727c17d5965b926f72a9d615cb82793f6b?s=96&d=mm&r=g\",\"url\":\"https:\\\/\\\/secure.gravatar.com\\\/avatar\\\/0f69a76aef4ca3487b000787763421727c17d5965b926f72a9d615cb82793f6b?s=96&d=mm&r=g\",\"contentUrl\":\"https:\\\/\\\/secure.gravatar.com\\\/avatar\\\/0f69a76aef4ca3487b000787763421727c17d5965b926f72a9d615cb82793f6b?s=96&d=mm&r=g\",\"caption\":\"Jaume Cela\"},\"url\":\"https:\\\/\\\/diarieducacio.cat\\\/senderi\\\/author\\\/jaumecelasenderi\\\/\"}]}<\/script>\n<!-- \/ Yoast SEO plugin. -->","yoast_head_json":{"title":"Amar\u00e1s al pr\u00f3jimo - Senderi","robots":{"index":"index","follow":"follow","max-snippet":"max-snippet:-1","max-image-preview":"max-image-preview:large","max-video-preview":"max-video-preview:-1"},"canonical":"https:\/\/diarieducacio.cat\/senderi\/2014\/10\/20\/amaras-al-projimo\/","og_locale":"ca_ES","og_type":"article","og_title":"Amar\u00e1s al pr\u00f3jimo - Senderi","og_description":"Per anar al cine no calen excuses, per\u00f2 una de les que fa que jo sigui un seguidor del set\u00e8 art \u00e9s l\u2019oportunitat d\u2019escoltar com sonen les lleng\u00fces que no pertanyen al meu cercle m\u00e9s proper. \u201cAmar\u00e1s al pr\u00f3jimo\u201d ens ve de Pol\u00f2nia [...] Jaume Cela comenta la pel.l\u00edcula de Malgoska Szumowska. Font del cartell i fotografia: www.labutaca.net i http:\/\/en.wikipedia.org","og_url":"https:\/\/diarieducacio.cat\/senderi\/2014\/10\/20\/amaras-al-projimo\/","og_site_name":"Senderi","article_publisher":"https:\/\/www.facebook.com\/diarieducacio\/","article_published_time":"2014-10-20T06:45:12+00:00","article_modified_time":"2024-05-13T11:08:50+00:00","og_image":[{"width":174,"height":131,"url":"https:\/\/diarieducacio.cat\/senderi\/wp-content\/uploads\/sites\/27\/2014\/10\/amaras-al-projimo-174x131-1.jpg","type":"image\/jpeg"}],"author":"Jaume Cela","twitter_card":"summary_large_image","twitter_creator":"@DiariEducacio","twitter_site":"@DiariEducacio","twitter_misc":{"Escrit per":"Jaume Cela","Temps estimat de lectura":"2 minuts"},"schema":{"@context":"https:\/\/schema.org","@graph":[{"@type":"Article","@id":"https:\/\/diarieducacio.cat\/senderi\/2014\/10\/20\/amaras-al-projimo\/#article","isPartOf":{"@id":"https:\/\/diarieducacio.cat\/senderi\/2014\/10\/20\/amaras-al-projimo\/"},"author":{"name":"Jaume Cela","@id":"https:\/\/diarieducacio.cat\/senderi\/#\/schema\/person\/cd3570782626570ccf820776310f6bfb"},"headline":"Amar\u00e1s al pr\u00f3jimo","datePublished":"2014-10-20T06:45:12+00:00","dateModified":"2024-05-13T11:08:50+00:00","mainEntityOfPage":{"@id":"https:\/\/diarieducacio.cat\/senderi\/2014\/10\/20\/amaras-al-projimo\/"},"wordCount":359,"commentCount":0,"image":{"@id":"https:\/\/diarieducacio.cat\/senderi\/2014\/10\/20\/amaras-al-projimo\/#primaryimage"},"thumbnailUrl":"https:\/\/diarieducacio.cat\/senderi\/wp-content\/uploads\/sites\/27\/2014\/10\/amaras-al-projimo-174x131-1.jpg","keywords":["cinema i valors","Malgoska Szumowska","pel.l\u00edcules"],"articleSection":["Ens trobarem a la cua"],"inLanguage":"ca","potentialAction":[{"@type":"CommentAction","name":"Comment","target":["https:\/\/diarieducacio.cat\/senderi\/2014\/10\/20\/amaras-al-projimo\/#respond"]}]},{"@type":"WebPage","@id":"https:\/\/diarieducacio.cat\/senderi\/2014\/10\/20\/amaras-al-projimo\/","url":"https:\/\/diarieducacio.cat\/senderi\/2014\/10\/20\/amaras-al-projimo\/","name":"Amar\u00e1s al pr\u00f3jimo - Senderi","isPartOf":{"@id":"https:\/\/diarieducacio.cat\/senderi\/#website"},"primaryImageOfPage":{"@id":"https:\/\/diarieducacio.cat\/senderi\/2014\/10\/20\/amaras-al-projimo\/#primaryimage"},"image":{"@id":"https:\/\/diarieducacio.cat\/senderi\/2014\/10\/20\/amaras-al-projimo\/#primaryimage"},"thumbnailUrl":"https:\/\/diarieducacio.cat\/senderi\/wp-content\/uploads\/sites\/27\/2014\/10\/amaras-al-projimo-174x131-1.jpg","datePublished":"2014-10-20T06:45:12+00:00","dateModified":"2024-05-13T11:08:50+00:00","author":{"@id":"https:\/\/diarieducacio.cat\/senderi\/#\/schema\/person\/cd3570782626570ccf820776310f6bfb"},"breadcrumb":{"@id":"https:\/\/diarieducacio.cat\/senderi\/2014\/10\/20\/amaras-al-projimo\/#breadcrumb"},"inLanguage":"ca","potentialAction":[{"@type":"ReadAction","target":["https:\/\/diarieducacio.cat\/senderi\/2014\/10\/20\/amaras-al-projimo\/"]}]},{"@type":"ImageObject","inLanguage":"ca","@id":"https:\/\/diarieducacio.cat\/senderi\/2014\/10\/20\/amaras-al-projimo\/#primaryimage","url":"https:\/\/diarieducacio.cat\/senderi\/wp-content\/uploads\/sites\/27\/2014\/10\/amaras-al-projimo-174x131-1.jpg","contentUrl":"https:\/\/diarieducacio.cat\/senderi\/wp-content\/uploads\/sites\/27\/2014\/10\/amaras-al-projimo-174x131-1.jpg","width":174,"height":131},{"@type":"BreadcrumbList","@id":"https:\/\/diarieducacio.cat\/senderi\/2014\/10\/20\/amaras-al-projimo\/#breadcrumb","itemListElement":[{"@type":"ListItem","position":1,"name":"Inici","item":"https:\/\/diarieducacio.cat\/senderi\/"},{"@type":"ListItem","position":2,"name":"Amar\u00e1s al pr\u00f3jimo"}]},{"@type":"WebSite","@id":"https:\/\/diarieducacio.cat\/senderi\/#website","url":"https:\/\/diarieducacio.cat\/senderi\/","name":"Senderi","description":"Un blog de El Diari de l&#039;Educaci\u00f3","potentialAction":[{"@type":"SearchAction","target":{"@type":"EntryPoint","urlTemplate":"https:\/\/diarieducacio.cat\/senderi\/?s={search_term_string}"},"query-input":{"@type":"PropertyValueSpecification","valueRequired":true,"valueName":"search_term_string"}}],"inLanguage":"ca"},{"@type":"Person","@id":"https:\/\/diarieducacio.cat\/senderi\/#\/schema\/person\/cd3570782626570ccf820776310f6bfb","name":"Jaume Cela","image":{"@type":"ImageObject","inLanguage":"ca","@id":"https:\/\/secure.gravatar.com\/avatar\/0f69a76aef4ca3487b000787763421727c17d5965b926f72a9d615cb82793f6b?s=96&d=mm&r=g","url":"https:\/\/secure.gravatar.com\/avatar\/0f69a76aef4ca3487b000787763421727c17d5965b926f72a9d615cb82793f6b?s=96&d=mm&r=g","contentUrl":"https:\/\/secure.gravatar.com\/avatar\/0f69a76aef4ca3487b000787763421727c17d5965b926f72a9d615cb82793f6b?s=96&d=mm&r=g","caption":"Jaume Cela"},"url":"https:\/\/diarieducacio.cat\/senderi\/author\/jaumecelasenderi\/"}]}},"_links":{"self":[{"href":"https:\/\/diarieducacio.cat\/senderi\/wp-json\/wp\/v2\/posts\/56","targetHints":{"allow":["GET"]}}],"collection":[{"href":"https:\/\/diarieducacio.cat\/senderi\/wp-json\/wp\/v2\/posts"}],"about":[{"href":"https:\/\/diarieducacio.cat\/senderi\/wp-json\/wp\/v2\/types\/post"}],"author":[{"embeddable":true,"href":"https:\/\/diarieducacio.cat\/senderi\/wp-json\/wp\/v2\/users\/420"}],"replies":[{"embeddable":true,"href":"https:\/\/diarieducacio.cat\/senderi\/wp-json\/wp\/v2\/comments?post=56"}],"version-history":[{"count":1,"href":"https:\/\/diarieducacio.cat\/senderi\/wp-json\/wp\/v2\/posts\/56\/revisions"}],"predecessor-version":[{"id":1882,"href":"https:\/\/diarieducacio.cat\/senderi\/wp-json\/wp\/v2\/posts\/56\/revisions\/1882"}],"wp:featuredmedia":[{"embeddable":true,"href":"https:\/\/diarieducacio.cat\/senderi\/wp-json\/wp\/v2\/media\/182"}],"wp:attachment":[{"href":"https:\/\/diarieducacio.cat\/senderi\/wp-json\/wp\/v2\/media?parent=56"}],"wp:term":[{"taxonomy":"category","embeddable":true,"href":"https:\/\/diarieducacio.cat\/senderi\/wp-json\/wp\/v2\/categories?post=56"},{"taxonomy":"post_tag","embeddable":true,"href":"https:\/\/diarieducacio.cat\/senderi\/wp-json\/wp\/v2\/tags?post=56"},{"taxonomy":"tipo","embeddable":true,"href":"https:\/\/diarieducacio.cat\/senderi\/wp-json\/wp\/v2\/tipo?post=56"}],"curies":[{"name":"wp","href":"https:\/\/api.w.org\/{rel}","templated":true}]}}