{"id":197,"date":"2018-10-22T22:05:12","date_gmt":"2018-10-22T22:05:12","guid":{"rendered":"https:\/\/diarieducacio.cat\/transformarleducacio\/?p=197"},"modified":"2024-05-13T16:45:01","modified_gmt":"2024-05-13T14:45:01","slug":"personalitzacio-de-laprenentatge-des-duna-visio-comunitaria","status":"publish","type":"post","link":"https:\/\/diarieducacio.cat\/transformarleducacio\/2018\/10\/22\/personalitzacio-de-laprenentatge-des-duna-visio-comunitaria\/","title":{"rendered":"Personalitzaci\u00f3 de l\u2019aprenentatge des d\u2019una visi\u00f3 comunit\u00e0ria"},"content":{"rendered":"<p>La jornada va convidar tota la comunitat educativa a debatre i a reflexionar sobre les seg\u00fcents q\u00fcestions clau que han d&#8217;orientar la tasca com a educadors i educadores:<\/p>\n<p>&#8211; \u00c9s la personalitzaci\u00f3 de l&#8217;aprenentatge una estrat\u00e8gia pedag\u00f2gica de l&#8217;Educaci\u00f3 360, educaci\u00f3 a temps complet?<br \/>\n&#8211; Quines metodologies cooperatives de dins i fora de l&#8217;aula contribueixen a l&#8217;\u00e8xit educatiu en clau d&#8217;equitat?<br \/>\n&#8211; Quin \u00e9s el rol dels adults fent que els alumnes siguin els protagonistes del seu aprenentatge?<br \/>\n&#8211; Com generar l&#8217;empoderament de les persones en el seu proc\u00e9s educatiu i com les acompanyem?<br \/>\n&#8211; Quin \u00e9s el reconeixement que hem de donar als aprenentatges de dins i fora de l&#8217;escola i com els alineem\/coordinem?<br \/>\n&#8211; \u00c9s necess\u00e0ria una comunitat que educa perqu\u00e8 sigui possible la personalitzaci\u00f3 de l&#8217;aprenentatge?<\/p>\n<p>Es va iniciar la jornada amb una taula institucional\u00a0composta\u00a0per Rafael\u00a0<span class=\"hiddenSpellError\">Homet<\/span>, diputat delegat d&#8217;educaci\u00f3 de la Diputaci\u00f3 de Barcelona, Pilar\u00a0<span class=\"hiddenSpellError\">Gargallo<\/span>, presidenta de la\u00a0<span class=\"hiddenSpellError\">FMRPC<\/span>, Carles Barba, director de l&#8217;Alian\u00e7a Educaci\u00f3 360, Manuela\u00a0<span class=\"hiddenSpellError\">Rubio<\/span>, inspectora d&#8217;educaci\u00f3 dels serveis territorials de l&#8217;Hospitalet i Jaume Graells, tinent alcalde d&#8217;educaci\u00f3 de l&#8217;Ajuntament d&#8217;Hospitalet.<\/p>\n<p>L&#8217;acte va continuar amb una primera part de blocs de coneixement que va combinar el marc te\u00f2ric i les aplicacions pr\u00e0ctiques, on es va comptar amb les intervencions dels seg\u00fcents ponents:<\/p>\n<p><strong><span class=\"hiddenSpellError\">C\u00e9sar<\/span>\u00a0Coll,<\/strong> doctor en Psicologia i catedr\u00e0tic de Psicologia Evolutiva de la Universitat de Barcelona, va iniciar la secci\u00f3 afirmant que<strong> la personalitzaci\u00f3 de l&#8217;aprenentatge \u00e9s un pas m\u00e9s enll\u00e0 de les propostes que\u00a0hem treballat\u00a0fins ara,\u00a0a escala te\u00f2rica\u00a0i pr\u00e0ctica, d&#8217;atendre la diversitat i oferint una educaci\u00f3 de qualitat que s&#8217;ajusta a les caracter\u00edstiques dels aprenents<\/strong> i va remarcar tres precisions conceptuals:<\/p>\n<p>1. La personalitzaci\u00f3 \u00e9s el conjunt d&#8217;estrat\u00e8gies que permeten avan\u00e7ar a diferents nivells, des del sistema fins a l&#8217;aula, per aconseguir que els nostres alumnes donin sentit i valor a all\u00f2 que aprenen.<br \/>\n2. Avui en dia sabem les caracter\u00edstiques dels processos d&#8217;aprenentatge que ens faciliten a aconseguir que el que s&#8217;apr\u00e8n tingui un sentit per l&#8217;aprenent. Per\u00f2 aix\u00f2 per si sol no funciona. Ens hem d&#8217;ajustar a les necessitats de l&#8217;aprenentatge i per fer-ho, necessitem temps. Temps per reflexionar, temps per establir els objectius, temps per fer el seguiment als alumnes<span class=\"hiddenGrammarError\">,.<\/span>..<br \/>\n3. Si es vol treballar en una educaci\u00f3 360 \u00e9s necessari con\u00e8ixer les experi\u00e8ncies d&#8217;aprenentatges que t\u00e9 l&#8217;alumnat fora del centre educatiu, ja que el focus passa de l&#8217;aprenentatge escolar a l&#8217;educaci\u00f3 des d&#8217;una visi\u00f3 hol\u00edstica, centrada en l&#8217;infant i jove i, per tant, m\u00e9s global.<\/p>\n<figure id=\"attachment_199\" aria-describedby=\"caption-attachment-199\" style=\"width: 1107px\" class=\"wp-caption alignnone\"><a href=\"https:\/\/diarieducacio.cat\/transformarleducacio\/wp-content\/uploads\/sites\/20\/2018\/10\/IMG_7167.jpg\"><img fetchpriority=\"high\" decoding=\"async\" class=\"wp-image-199 size-full\" src=\"https:\/\/diarieducacio.cat\/transformarleducacio\/wp-content\/uploads\/sites\/20\/2018\/10\/IMG_7167.jpg\" alt=\"\" width=\"1107\" height=\"699\" \/><\/a><figcaption id=\"caption-attachment-199\" class=\"wp-caption-text\">Un moment de la jornada | FMRP<\/figcaption><\/figure>\n<p>Per finalitzar, va llen\u00e7ar la proposta d&#8217;elaborar plans educatius que poden proporcionar oportunitats per aprendre, per\u00f2 per aconseguir-ho \u00e9s condici\u00f3 necess\u00e0ria la connexi\u00f3 dels diferents actors educatius. I, per aix\u00f2, va donar tres elements:<\/p>\n<p>&#8211; treballar en xarxa<br \/>\n&#8211; treballar intersectorials (tots els sectors implicats) i\u00a0internivellats\u00a0(tots els nivells implicats)<br \/>\n&#8211; treballar adaptant el projecte al territori i a uns recursos\u00a0<span class=\"hiddenGrammarError\" style=\"padding-bottom: 2px;background-image: url('..\/..\/..\/..\/..\/images\/squiggle.png');background-position: left bottom;cursor: default;color: #666666;font-family: 'Open Sans', Helvetica, Arial, sans-serif;font-size: 16px;font-style: normal;font-weight: 300;letter-spacing: normal;text-align: start;text-indent: 0px;text-transform: none\">espec\u00edfics<\/span><\/p>\n<p><strong>Ra\u00fcl\u00a0<span class=\"hiddenSpellError\">Manzano<\/span><\/strong>, mestre, membre de la\u00a0<span class=\"hiddenSpellError\">FMRPC<\/span>\u00a0i director de la revista Guix, va exposar la part pr\u00e0ctica de l&#8217;aprenentatge personalitzat, a partir d&#8217;un projecte que s&#8217;ha dut a terme des de la Diputaci\u00f3 de Lleida i l&#8217;<span class=\"hiddenSpellError\">IEI<\/span>. En aquest treball es va fer una crida a diferents entitats del territori i se&#8217;ls va demanar agafar una pr\u00e0ctica que estiguessin realitzant i transformar-la per acostar-se a la personalitzaci\u00f3 de l&#8217;aprenentatge.<\/p>\n<p>Per aconseguir-ho, va destacar quatre elements:<\/p>\n<p>1. Gesti\u00f3 d&#8217;interessos, necessitats i capacitats de l&#8217;alumnat.<br \/>\n2. Opcions d&#8217;elecci\u00f3 a l&#8217;alumnat per incidir m\u00e9s en qu\u00e8 i com aprendre.<br \/>\n3. Tenir en compte els aspectes que no es donen en l&#8217;\u00e0mbit escolar.<br \/>\n4. L&#8217;\u00fas de les activitats quotidianes que fa l&#8217;alumnat que tenen un valor d&#8217;aprenentatge.<\/p>\n<p>Per finalitzar, va destacar la import\u00e0ncia de tres aspectes:<br \/>\n&#8211; Tenir un marc te\u00f2ric que acompanyi a la pr\u00e0ctica.<br \/>\n&#8211; El valor aut\u00e8ntic de treballar en xarxa.<br \/>\n&#8211; L&#8217;acompanyament no es pot fer sol, s&#8217;ha de fer acompanya<span class=\"hiddenSpellError\">t.<\/span><\/p>\n<p><strong>Assun\u00a0Llena<\/strong>, professora del Departament de Teoria i Hist\u00f2ria de l&#8217;Educaci\u00f3 a la UB, va donar &#8220;La visi\u00f3 comunit\u00e0ria de la personalitzaci\u00f3 de l&#8217;aprenentatge&#8221;. En primer lloc, va fer refer\u00e8ncia a la reconstrucci\u00f3 del concepte de comunitat on hem de q\u00fcestionar-nos el sentit que t\u00e9 avui parlar de la comunitat i va ressaltar <strong>la import\u00e0ncia que hauria de tenir la comunitat en els processos d&#8217;aprenentatge<\/strong>. En aquesta l\u00ednia, va afegir que la dimensi\u00f3 comunit\u00e0ria hauria de poder-se treballar com una triple dimensi\u00f3:<\/p>\n<p>1. Com espai d&#8217;oportunitats on es poden oferir espais d&#8217;aprenentatge.<br \/>\n2. Com espai de construcci\u00f3 individual i col\u00b7lectiva.<br \/>\n3. Com espai a aprendre i del que es forma part.<\/p>\n<p>La doctora en Pedagogia va finalitzar explicant el cas de Dinamarca on existeix una vinculaci\u00f3 entre l&#8217;escola i els espais comunitaris i, va indicar que \u00e9s el cam\u00ed a seguir, generant i dissenyant espais d&#8217;accions compartides.<\/p>\n<p>Per \u00faltim, <strong>Ricard\u00a0<span class=\"hiddenSpellError\">Vicente<\/span><\/strong>, director del Club d&#8217;Esplai Pubilla Cases-<span class=\"hiddenSpellError\">Can<\/span>\u00a0Vidalet, i <strong>Xavier\u00a0<span class=\"hiddenSpellError\">Castellano<\/span><\/strong>, director Club d&#8217;Esplai Bellvitge-Gornal, van compartir &#8220;Experi\u00e8ncies educatives comunit\u00e0ries i la seva vinculaci\u00f3 amb el temps lectiu&#8221;. Ricard\u00a0<span class=\"hiddenSpellError\">Vicente<\/span>\u00a0va assenyalar la <strong>idone\u00eftat de l&#8217;espai del lleure per l&#8217;aprenentatge de l&#8217;infant i del jove<\/strong> i va destacar la import\u00e0ncia de ser transversals i no quedar-se en centrar l&#8217;aprenentatge en l&#8217;\u00e0mbit formal. D&#8217;altra banda, Xavier\u00a0<span class=\"hiddenSpellError\">Castellano<\/span>\u00a0va explicar quatre experi\u00e8ncies que faciliten la personalitzaci\u00f3 de l&#8217;aprenentatge, que van des de les aules d&#8217;estudi assistit, la vinculaci\u00f3 dels joves amb el barri, els curtmetratges i la import\u00e0ncia de l&#8217;acci\u00f3 comunit\u00e0ria i la responsabilitat social a trav\u00e9s de la campanya de donaci\u00f3 de sang.<\/p>\n<p>En acabar aquest bloc es va iniciar la part de\u00a0<span class=\"hiddenSpellError\">co<\/span>-creaci\u00f3 amb diferents din\u00e0miques amb l&#8217;objectiu d&#8217;identificar i reflexionar sobre quin \u00e9s el rol dels adults en la personalitzaci\u00f3 de l&#8217;aprenentatge i quins en s\u00f3n els condicionants. Aquest bloc de coneixement i\u00a0<span class=\"hiddenSpellError\">co<\/span>-creaci\u00f3 el destinarem a un nou post al bloc, un cop finalitzats els seg\u00fcents seminaris de\u00a0<span class=\"hiddenSpellError\">co<\/span>-creaci\u00f3 que realitzarem\u00a0pr\u00f2ximament.<\/p>\n<p><a href=\"https:\/\/diarieducacio.cat\/transformarleducacio\/wp-content\/uploads\/sites\/20\/2018\/10\/IMG_7205.jpg\"><img decoding=\"async\" class=\"alignnone wp-image-200 size-full\" src=\"https:\/\/diarieducacio.cat\/transformarleducacio\/wp-content\/uploads\/sites\/20\/2018\/10\/IMG_7205.jpg\" alt=\"\" width=\"1185\" height=\"802\" srcset=\"https:\/\/diarieducacio.cat\/transformarleducacio\/wp-content\/uploads\/sites\/29\/2018\/10\/IMG_7205.jpg 1185w, https:\/\/diarieducacio.cat\/transformarleducacio\/wp-content\/uploads\/sites\/29\/2018\/10\/IMG_7205-300x203.jpg 300w, https:\/\/diarieducacio.cat\/transformarleducacio\/wp-content\/uploads\/sites\/29\/2018\/10\/IMG_7205-1024x693.jpg 1024w, https:\/\/diarieducacio.cat\/transformarleducacio\/wp-content\/uploads\/sites\/29\/2018\/10\/IMG_7205-768x520.jpg 768w, https:\/\/diarieducacio.cat\/transformarleducacio\/wp-content\/uploads\/sites\/29\/2018\/10\/IMG_7205-150x102.jpg 150w, https:\/\/diarieducacio.cat\/transformarleducacio\/wp-content\/uploads\/sites\/29\/2018\/10\/IMG_7205-450x305.jpg 450w\" sizes=\"(max-width: 1185px) 100vw, 1185px\" \/><\/a><\/p>\n","protected":false},"excerpt":{"rendered":"<p>Dissabte es va realitzar al Centre C\u00edvic Bellvitge-Gornal la jornada de treball al voltant de la personalitzaci\u00f3 educativa des d\u2019una visi\u00f3 comunit\u00e0ria, organitzada per l&#8217;Alian\u00e7a\u00a0Educaci\u00f3 360 amb la finalitat de dotar de contingut pedag\u00f2gic la proposta i co-crear amb els i les assistents des de la mirada de l&#8217;educaci\u00f3 adaptada a la persona.<\/p>\n","protected":false},"author":479,"featured_media":198,"comment_status":"open","ping_status":"closed","sticky":false,"template":"","format":"standard","meta":{"footnotes":""},"categories":[2],"tags":[],"tipo":[],"class_list":{"0":"post-197","1":"post","2":"type-post","3":"status-publish","4":"format-standard","5":"has-post-thumbnail","7":"category-general"},"yoast_head":"<!-- This site is optimized with the Yoast SEO plugin v27.4 - https:\/\/yoast.com\/product\/yoast-seo-wordpress\/ -->\n<title>Personalitzaci\u00f3 de l\u2019aprenentatge des d\u2019una visi\u00f3 comunit\u00e0ria - Transformar l&#039;Educaci\u00f3<\/title>\n<meta name=\"robots\" content=\"index, follow, max-snippet:-1, max-image-preview:large, max-video-preview:-1\" \/>\n<link rel=\"canonical\" href=\"https:\/\/diarieducacio.cat\/transformarleducacio\/2018\/10\/22\/personalitzacio-de-laprenentatge-des-duna-visio-comunitaria\/\" \/>\n<meta property=\"og:locale\" content=\"ca_ES\" \/>\n<meta property=\"og:type\" content=\"article\" \/>\n<meta property=\"og:title\" content=\"Personalitzaci\u00f3 de l\u2019aprenentatge des d\u2019una visi\u00f3 comunit\u00e0ria - Transformar l&#039;Educaci\u00f3\" \/>\n<meta property=\"og:description\" content=\"Dissabte es va realitzar al Centre C\u00edvic Bellvitge-Gornal la jornada de treball al voltant de la personalitzaci\u00f3 educativa des d\u2019una visi\u00f3 comunit\u00e0ria, organitzada per l&#039;Alian\u00e7a\u00a0Educaci\u00f3 360 amb la finalitat de dotar de contingut pedag\u00f2gic la proposta i co-crear amb els i les assistents des de la mirada de l&#039;educaci\u00f3 adaptada a la persona.\" \/>\n<meta property=\"og:url\" content=\"https:\/\/diarieducacio.cat\/transformarleducacio\/2018\/10\/22\/personalitzacio-de-laprenentatge-des-duna-visio-comunitaria\/\" \/>\n<meta property=\"og:site_name\" content=\"Transformar l&#039;Educaci\u00f3\" \/>\n<meta property=\"article:publisher\" content=\"https:\/\/www.facebook.com\/diarieducacio\/\" \/>\n<meta property=\"article:published_time\" content=\"2018-10-22T22:05:12+00:00\" \/>\n<meta property=\"article:modified_time\" content=\"2024-05-13T14:45:01+00:00\" \/>\n<meta property=\"og:image\" content=\"https:\/\/diarieducacio.cat\/transformarleducacio\/wp-content\/uploads\/sites\/29\/2018\/10\/IMG_7231.jpg\" \/>\n\t<meta property=\"og:image:width\" content=\"1094\" \/>\n\t<meta property=\"og:image:height\" content=\"636\" \/>\n\t<meta property=\"og:image:type\" content=\"image\/jpeg\" \/>\n<meta name=\"author\" content=\"Ana Mar\u00edn\" \/>\n<meta name=\"twitter:card\" content=\"summary_large_image\" \/>\n<meta name=\"twitter:creator\" content=\"@DiariEducacio\" \/>\n<meta name=\"twitter:site\" content=\"@DiariEducacio\" \/>\n<meta name=\"twitter:label1\" content=\"Escrit per\" \/>\n\t<meta name=\"twitter:data1\" content=\"Ana Mar\u00edn\" \/>\n\t<meta name=\"twitter:label2\" content=\"Temps estimat de lectura\" \/>\n\t<meta name=\"twitter:data2\" content=\"5 minuts\" \/>\n<script type=\"application\/ld+json\" class=\"yoast-schema-graph\">{\"@context\":\"https:\\\/\\\/schema.org\",\"@graph\":[{\"@type\":\"Article\",\"@id\":\"https:\\\/\\\/diarieducacio.cat\\\/transformarleducacio\\\/2018\\\/10\\\/22\\\/personalitzacio-de-laprenentatge-des-duna-visio-comunitaria\\\/#article\",\"isPartOf\":{\"@id\":\"https:\\\/\\\/diarieducacio.cat\\\/transformarleducacio\\\/2018\\\/10\\\/22\\\/personalitzacio-de-laprenentatge-des-duna-visio-comunitaria\\\/\"},\"author\":{\"name\":\"Ana Mar\u00edn\",\"@id\":\"https:\\\/\\\/diarieducacio.cat\\\/transformarleducacio\\\/#\\\/schema\\\/person\\\/ba04e317b30df1f5fca4f5634bee9fb6\"},\"headline\":\"Personalitzaci\u00f3 de l\u2019aprenentatge des d\u2019una visi\u00f3 comunit\u00e0ria\",\"datePublished\":\"2018-10-22T22:05:12+00:00\",\"dateModified\":\"2024-05-13T14:45:01+00:00\",\"mainEntityOfPage\":{\"@id\":\"https:\\\/\\\/diarieducacio.cat\\\/transformarleducacio\\\/2018\\\/10\\\/22\\\/personalitzacio-de-laprenentatge-des-duna-visio-comunitaria\\\/\"},\"wordCount\":1101,\"commentCount\":0,\"image\":{\"@id\":\"https:\\\/\\\/diarieducacio.cat\\\/transformarleducacio\\\/2018\\\/10\\\/22\\\/personalitzacio-de-laprenentatge-des-duna-visio-comunitaria\\\/#primaryimage\"},\"thumbnailUrl\":\"https:\\\/\\\/diarieducacio.cat\\\/transformarleducacio\\\/wp-content\\\/uploads\\\/sites\\\/29\\\/2018\\\/10\\\/IMG_7231.jpg\",\"articleSection\":[\"General\"],\"inLanguage\":\"ca\",\"potentialAction\":[{\"@type\":\"CommentAction\",\"name\":\"Comment\",\"target\":[\"https:\\\/\\\/diarieducacio.cat\\\/transformarleducacio\\\/2018\\\/10\\\/22\\\/personalitzacio-de-laprenentatge-des-duna-visio-comunitaria\\\/#respond\"]}]},{\"@type\":\"WebPage\",\"@id\":\"https:\\\/\\\/diarieducacio.cat\\\/transformarleducacio\\\/2018\\\/10\\\/22\\\/personalitzacio-de-laprenentatge-des-duna-visio-comunitaria\\\/\",\"url\":\"https:\\\/\\\/diarieducacio.cat\\\/transformarleducacio\\\/2018\\\/10\\\/22\\\/personalitzacio-de-laprenentatge-des-duna-visio-comunitaria\\\/\",\"name\":\"Personalitzaci\u00f3 de l\u2019aprenentatge des d\u2019una visi\u00f3 comunit\u00e0ria - Transformar l'Educaci\u00f3\",\"isPartOf\":{\"@id\":\"https:\\\/\\\/diarieducacio.cat\\\/transformarleducacio\\\/#website\"},\"primaryImageOfPage\":{\"@id\":\"https:\\\/\\\/diarieducacio.cat\\\/transformarleducacio\\\/2018\\\/10\\\/22\\\/personalitzacio-de-laprenentatge-des-duna-visio-comunitaria\\\/#primaryimage\"},\"image\":{\"@id\":\"https:\\\/\\\/diarieducacio.cat\\\/transformarleducacio\\\/2018\\\/10\\\/22\\\/personalitzacio-de-laprenentatge-des-duna-visio-comunitaria\\\/#primaryimage\"},\"thumbnailUrl\":\"https:\\\/\\\/diarieducacio.cat\\\/transformarleducacio\\\/wp-content\\\/uploads\\\/sites\\\/29\\\/2018\\\/10\\\/IMG_7231.jpg\",\"datePublished\":\"2018-10-22T22:05:12+00:00\",\"dateModified\":\"2024-05-13T14:45:01+00:00\",\"author\":{\"@id\":\"https:\\\/\\\/diarieducacio.cat\\\/transformarleducacio\\\/#\\\/schema\\\/person\\\/ba04e317b30df1f5fca4f5634bee9fb6\"},\"breadcrumb\":{\"@id\":\"https:\\\/\\\/diarieducacio.cat\\\/transformarleducacio\\\/2018\\\/10\\\/22\\\/personalitzacio-de-laprenentatge-des-duna-visio-comunitaria\\\/#breadcrumb\"},\"inLanguage\":\"ca\",\"potentialAction\":[{\"@type\":\"ReadAction\",\"target\":[\"https:\\\/\\\/diarieducacio.cat\\\/transformarleducacio\\\/2018\\\/10\\\/22\\\/personalitzacio-de-laprenentatge-des-duna-visio-comunitaria\\\/\"]}]},{\"@type\":\"ImageObject\",\"inLanguage\":\"ca\",\"@id\":\"https:\\\/\\\/diarieducacio.cat\\\/transformarleducacio\\\/2018\\\/10\\\/22\\\/personalitzacio-de-laprenentatge-des-duna-visio-comunitaria\\\/#primaryimage\",\"url\":\"https:\\\/\\\/diarieducacio.cat\\\/transformarleducacio\\\/wp-content\\\/uploads\\\/sites\\\/29\\\/2018\\\/10\\\/IMG_7231.jpg\",\"contentUrl\":\"https:\\\/\\\/diarieducacio.cat\\\/transformarleducacio\\\/wp-content\\\/uploads\\\/sites\\\/29\\\/2018\\\/10\\\/IMG_7231.jpg\",\"width\":1094,\"height\":636,\"caption\":\"Participants a la jornada | Foto: FMRP\"},{\"@type\":\"BreadcrumbList\",\"@id\":\"https:\\\/\\\/diarieducacio.cat\\\/transformarleducacio\\\/2018\\\/10\\\/22\\\/personalitzacio-de-laprenentatge-des-duna-visio-comunitaria\\\/#breadcrumb\",\"itemListElement\":[{\"@type\":\"ListItem\",\"position\":1,\"name\":\"Inici\",\"item\":\"https:\\\/\\\/diarieducacio.cat\\\/transformarleducacio\\\/\"},{\"@type\":\"ListItem\",\"position\":2,\"name\":\"Personalitzaci\u00f3 de l\u2019aprenentatge des d\u2019una visi\u00f3 comunit\u00e0ria\"}]},{\"@type\":\"WebSite\",\"@id\":\"https:\\\/\\\/diarieducacio.cat\\\/transformarleducacio\\\/#website\",\"url\":\"https:\\\/\\\/diarieducacio.cat\\\/transformarleducacio\\\/\",\"name\":\"Transformar l'Educaci\u00f3\",\"description\":\"Un blog de El Diari de l&#039;Educaci\u00f3\",\"potentialAction\":[{\"@type\":\"SearchAction\",\"target\":{\"@type\":\"EntryPoint\",\"urlTemplate\":\"https:\\\/\\\/diarieducacio.cat\\\/transformarleducacio\\\/?s={search_term_string}\"},\"query-input\":{\"@type\":\"PropertyValueSpecification\",\"valueRequired\":true,\"valueName\":\"search_term_string\"}}],\"inLanguage\":\"ca\"},{\"@type\":\"Person\",\"@id\":\"https:\\\/\\\/diarieducacio.cat\\\/transformarleducacio\\\/#\\\/schema\\\/person\\\/ba04e317b30df1f5fca4f5634bee9fb6\",\"name\":\"Ana Mar\u00edn\",\"image\":{\"@type\":\"ImageObject\",\"inLanguage\":\"ca\",\"@id\":\"https:\\\/\\\/secure.gravatar.com\\\/avatar\\\/a94c371a2c41725b0938f3a4cc93b18485d777ae4f585b79f29aa865f8b96236?s=96&d=mm&r=g\",\"url\":\"https:\\\/\\\/secure.gravatar.com\\\/avatar\\\/a94c371a2c41725b0938f3a4cc93b18485d777ae4f585b79f29aa865f8b96236?s=96&d=mm&r=g\",\"contentUrl\":\"https:\\\/\\\/secure.gravatar.com\\\/avatar\\\/a94c371a2c41725b0938f3a4cc93b18485d777ae4f585b79f29aa865f8b96236?s=96&d=mm&r=g\",\"caption\":\"Ana Mar\u00edn\"},\"url\":\"https:\\\/\\\/diarieducacio.cat\\\/transformarleducacio\\\/author\\\/amarin\\\/\"}]}<\/script>\n<!-- \/ Yoast SEO plugin. -->","yoast_head_json":{"title":"Personalitzaci\u00f3 de l\u2019aprenentatge des d\u2019una visi\u00f3 comunit\u00e0ria - Transformar l'Educaci\u00f3","robots":{"index":"index","follow":"follow","max-snippet":"max-snippet:-1","max-image-preview":"max-image-preview:large","max-video-preview":"max-video-preview:-1"},"canonical":"https:\/\/diarieducacio.cat\/transformarleducacio\/2018\/10\/22\/personalitzacio-de-laprenentatge-des-duna-visio-comunitaria\/","og_locale":"ca_ES","og_type":"article","og_title":"Personalitzaci\u00f3 de l\u2019aprenentatge des d\u2019una visi\u00f3 comunit\u00e0ria - Transformar l'Educaci\u00f3","og_description":"Dissabte es va realitzar al Centre C\u00edvic Bellvitge-Gornal la jornada de treball al voltant de la personalitzaci\u00f3 educativa des d\u2019una visi\u00f3 comunit\u00e0ria, organitzada per l'Alian\u00e7a\u00a0Educaci\u00f3 360 amb la finalitat de dotar de contingut pedag\u00f2gic la proposta i co-crear amb els i les assistents des de la mirada de l'educaci\u00f3 adaptada a la persona.","og_url":"https:\/\/diarieducacio.cat\/transformarleducacio\/2018\/10\/22\/personalitzacio-de-laprenentatge-des-duna-visio-comunitaria\/","og_site_name":"Transformar l'Educaci\u00f3","article_publisher":"https:\/\/www.facebook.com\/diarieducacio\/","article_published_time":"2018-10-22T22:05:12+00:00","article_modified_time":"2024-05-13T14:45:01+00:00","og_image":[{"width":1094,"height":636,"url":"https:\/\/diarieducacio.cat\/transformarleducacio\/wp-content\/uploads\/sites\/29\/2018\/10\/IMG_7231.jpg","type":"image\/jpeg"}],"author":"Ana Mar\u00edn","twitter_card":"summary_large_image","twitter_creator":"@DiariEducacio","twitter_site":"@DiariEducacio","twitter_misc":{"Escrit per":"Ana Mar\u00edn","Temps estimat de lectura":"5 minuts"},"schema":{"@context":"https:\/\/schema.org","@graph":[{"@type":"Article","@id":"https:\/\/diarieducacio.cat\/transformarleducacio\/2018\/10\/22\/personalitzacio-de-laprenentatge-des-duna-visio-comunitaria\/#article","isPartOf":{"@id":"https:\/\/diarieducacio.cat\/transformarleducacio\/2018\/10\/22\/personalitzacio-de-laprenentatge-des-duna-visio-comunitaria\/"},"author":{"name":"Ana Mar\u00edn","@id":"https:\/\/diarieducacio.cat\/transformarleducacio\/#\/schema\/person\/ba04e317b30df1f5fca4f5634bee9fb6"},"headline":"Personalitzaci\u00f3 de l\u2019aprenentatge des d\u2019una visi\u00f3 comunit\u00e0ria","datePublished":"2018-10-22T22:05:12+00:00","dateModified":"2024-05-13T14:45:01+00:00","mainEntityOfPage":{"@id":"https:\/\/diarieducacio.cat\/transformarleducacio\/2018\/10\/22\/personalitzacio-de-laprenentatge-des-duna-visio-comunitaria\/"},"wordCount":1101,"commentCount":0,"image":{"@id":"https:\/\/diarieducacio.cat\/transformarleducacio\/2018\/10\/22\/personalitzacio-de-laprenentatge-des-duna-visio-comunitaria\/#primaryimage"},"thumbnailUrl":"https:\/\/diarieducacio.cat\/transformarleducacio\/wp-content\/uploads\/sites\/29\/2018\/10\/IMG_7231.jpg","articleSection":["General"],"inLanguage":"ca","potentialAction":[{"@type":"CommentAction","name":"Comment","target":["https:\/\/diarieducacio.cat\/transformarleducacio\/2018\/10\/22\/personalitzacio-de-laprenentatge-des-duna-visio-comunitaria\/#respond"]}]},{"@type":"WebPage","@id":"https:\/\/diarieducacio.cat\/transformarleducacio\/2018\/10\/22\/personalitzacio-de-laprenentatge-des-duna-visio-comunitaria\/","url":"https:\/\/diarieducacio.cat\/transformarleducacio\/2018\/10\/22\/personalitzacio-de-laprenentatge-des-duna-visio-comunitaria\/","name":"Personalitzaci\u00f3 de l\u2019aprenentatge des d\u2019una visi\u00f3 comunit\u00e0ria - Transformar l'Educaci\u00f3","isPartOf":{"@id":"https:\/\/diarieducacio.cat\/transformarleducacio\/#website"},"primaryImageOfPage":{"@id":"https:\/\/diarieducacio.cat\/transformarleducacio\/2018\/10\/22\/personalitzacio-de-laprenentatge-des-duna-visio-comunitaria\/#primaryimage"},"image":{"@id":"https:\/\/diarieducacio.cat\/transformarleducacio\/2018\/10\/22\/personalitzacio-de-laprenentatge-des-duna-visio-comunitaria\/#primaryimage"},"thumbnailUrl":"https:\/\/diarieducacio.cat\/transformarleducacio\/wp-content\/uploads\/sites\/29\/2018\/10\/IMG_7231.jpg","datePublished":"2018-10-22T22:05:12+00:00","dateModified":"2024-05-13T14:45:01+00:00","author":{"@id":"https:\/\/diarieducacio.cat\/transformarleducacio\/#\/schema\/person\/ba04e317b30df1f5fca4f5634bee9fb6"},"breadcrumb":{"@id":"https:\/\/diarieducacio.cat\/transformarleducacio\/2018\/10\/22\/personalitzacio-de-laprenentatge-des-duna-visio-comunitaria\/#breadcrumb"},"inLanguage":"ca","potentialAction":[{"@type":"ReadAction","target":["https:\/\/diarieducacio.cat\/transformarleducacio\/2018\/10\/22\/personalitzacio-de-laprenentatge-des-duna-visio-comunitaria\/"]}]},{"@type":"ImageObject","inLanguage":"ca","@id":"https:\/\/diarieducacio.cat\/transformarleducacio\/2018\/10\/22\/personalitzacio-de-laprenentatge-des-duna-visio-comunitaria\/#primaryimage","url":"https:\/\/diarieducacio.cat\/transformarleducacio\/wp-content\/uploads\/sites\/29\/2018\/10\/IMG_7231.jpg","contentUrl":"https:\/\/diarieducacio.cat\/transformarleducacio\/wp-content\/uploads\/sites\/29\/2018\/10\/IMG_7231.jpg","width":1094,"height":636,"caption":"Participants a la jornada | Foto: FMRP"},{"@type":"BreadcrumbList","@id":"https:\/\/diarieducacio.cat\/transformarleducacio\/2018\/10\/22\/personalitzacio-de-laprenentatge-des-duna-visio-comunitaria\/#breadcrumb","itemListElement":[{"@type":"ListItem","position":1,"name":"Inici","item":"https:\/\/diarieducacio.cat\/transformarleducacio\/"},{"@type":"ListItem","position":2,"name":"Personalitzaci\u00f3 de l\u2019aprenentatge des d\u2019una visi\u00f3 comunit\u00e0ria"}]},{"@type":"WebSite","@id":"https:\/\/diarieducacio.cat\/transformarleducacio\/#website","url":"https:\/\/diarieducacio.cat\/transformarleducacio\/","name":"Transformar l'Educaci\u00f3","description":"Un blog de El Diari de l&#039;Educaci\u00f3","potentialAction":[{"@type":"SearchAction","target":{"@type":"EntryPoint","urlTemplate":"https:\/\/diarieducacio.cat\/transformarleducacio\/?s={search_term_string}"},"query-input":{"@type":"PropertyValueSpecification","valueRequired":true,"valueName":"search_term_string"}}],"inLanguage":"ca"},{"@type":"Person","@id":"https:\/\/diarieducacio.cat\/transformarleducacio\/#\/schema\/person\/ba04e317b30df1f5fca4f5634bee9fb6","name":"Ana Mar\u00edn","image":{"@type":"ImageObject","inLanguage":"ca","@id":"https:\/\/secure.gravatar.com\/avatar\/a94c371a2c41725b0938f3a4cc93b18485d777ae4f585b79f29aa865f8b96236?s=96&d=mm&r=g","url":"https:\/\/secure.gravatar.com\/avatar\/a94c371a2c41725b0938f3a4cc93b18485d777ae4f585b79f29aa865f8b96236?s=96&d=mm&r=g","contentUrl":"https:\/\/secure.gravatar.com\/avatar\/a94c371a2c41725b0938f3a4cc93b18485d777ae4f585b79f29aa865f8b96236?s=96&d=mm&r=g","caption":"Ana Mar\u00edn"},"url":"https:\/\/diarieducacio.cat\/transformarleducacio\/author\/amarin\/"}]}},"_links":{"self":[{"href":"https:\/\/diarieducacio.cat\/transformarleducacio\/wp-json\/wp\/v2\/posts\/197","targetHints":{"allow":["GET"]}}],"collection":[{"href":"https:\/\/diarieducacio.cat\/transformarleducacio\/wp-json\/wp\/v2\/posts"}],"about":[{"href":"https:\/\/diarieducacio.cat\/transformarleducacio\/wp-json\/wp\/v2\/types\/post"}],"author":[{"embeddable":true,"href":"https:\/\/diarieducacio.cat\/transformarleducacio\/wp-json\/wp\/v2\/users\/479"}],"replies":[{"embeddable":true,"href":"https:\/\/diarieducacio.cat\/transformarleducacio\/wp-json\/wp\/v2\/comments?post=197"}],"version-history":[{"count":1,"href":"https:\/\/diarieducacio.cat\/transformarleducacio\/wp-json\/wp\/v2\/posts\/197\/revisions"}],"predecessor-version":[{"id":1878,"href":"https:\/\/diarieducacio.cat\/transformarleducacio\/wp-json\/wp\/v2\/posts\/197\/revisions\/1878"}],"wp:featuredmedia":[{"embeddable":true,"href":"https:\/\/diarieducacio.cat\/transformarleducacio\/wp-json\/wp\/v2\/media\/198"}],"wp:attachment":[{"href":"https:\/\/diarieducacio.cat\/transformarleducacio\/wp-json\/wp\/v2\/media?parent=197"}],"wp:term":[{"taxonomy":"category","embeddable":true,"href":"https:\/\/diarieducacio.cat\/transformarleducacio\/wp-json\/wp\/v2\/categories?post=197"},{"taxonomy":"post_tag","embeddable":true,"href":"https:\/\/diarieducacio.cat\/transformarleducacio\/wp-json\/wp\/v2\/tags?post=197"},{"taxonomy":"tipo","embeddable":true,"href":"https:\/\/diarieducacio.cat\/transformarleducacio\/wp-json\/wp\/v2\/tipo?post=197"}],"curies":[{"name":"wp","href":"https:\/\/api.w.org\/{rel}","templated":true}]}}