{"id":2026,"date":"2025-01-20T04:32:00","date_gmt":"2025-01-20T03:32:00","guid":{"rendered":"https:\/\/diarieducacio.cat\/transformarleducacio\/?p=2026"},"modified":"2025-01-20T09:27:39","modified_gmt":"2025-01-20T08:27:39","slug":"el-model-institut-escola-en-leducacio-basica-a-catalunya","status":"publish","type":"post","link":"https:\/\/diarieducacio.cat\/transformarleducacio\/2025\/01\/20\/el-model-institut-escola-en-leducacio-basica-a-catalunya\/","title":{"rendered":"El model institut escola en l\u2019educaci\u00f3 b\u00e0sica a Catalunya"},"content":{"rendered":"\n<h3 class=\"wp-block-heading\">Qu\u00e8 \u00e9s l&#8217;institut escola<\/h3>\n\n\n\n<p>L\u2019any 1931 la Generalitat va crear els primers instituts escola com a centres d\u2019ensenyament secundari vinculats a escoles de prim\u00e0ria. Aquests centres, amb la resta d\u2019institucions de la Generalitat, van ser suprimits l\u2019any 1939 per la dictadura franquista. Avui dia, els instituts escola tenen com a principal valor afegit el fet de ser un model educatiu integrat, que reuneix totes les etapes educatives entre els 3 i els 16 anys. Segons el lloc web del Departament d\u2019Educaci\u00f3, els eixos clau que donen sentit a aquesta tipologia de centres s\u00f3n: Continu\u00eftat formativa entre etapes, enfocament evolutiu del seguiment dels alumnes, Interacci\u00f3 entre infants i adolescents, Interacci\u00f3 entre els diferents cossos docents, metodologies d\u2019aprenentatge globalitzat, perfil docent, horari saludable, lluita contra la segregaci\u00f3 escolar, planificaci\u00f3 consensuada amb els ajuntaments.<\/p>\n\n\n\n<p>Actualment, el curs 24-25 n\u2019hi ha 118 en funcionament i la seva implementaci\u00f3 ha estat desigual al llarg dels darrers 15-20 anys. Aix\u00ed, el 2010 se\u2019n va crear un, i despr\u00e9s 10 el 2012 i 6 el 2013. Els cursos seg\u00fcents es va aturar l\u2019aposta per aquest model de centres fins al 2017, que se\u2019n van crear 7. Els anys de m\u00e0xim creixement van ser el 2019 i 2020 amb 26 i 27 centres, respectivament. Des d\u2019aleshores fins ara, el 2024, se n\u2019han inaugurat 32. La distribuci\u00f3 d\u2019Instituts-Escola no d\u00f3na indicis que el seu desplegament respongui a criteris d&#8217;implantaci\u00f3 territorial. (fig.1)<\/p>\n\n\n<div class=\"wp-block-image\">\n<figure class=\"alignleft size-full\"><img fetchpriority=\"high\" decoding=\"async\" width=\"1000\" height=\"1000\" src=\"https:\/\/diarieducacio.cat\/transformarleducacio\/wp-content\/uploads\/sites\/29\/2025\/01\/fig11.png\" alt=\"\" class=\"wp-image-2027\" srcset=\"https:\/\/diarieducacio.cat\/transformarleducacio\/wp-content\/uploads\/sites\/29\/2025\/01\/fig11.png 1000w, https:\/\/diarieducacio.cat\/transformarleducacio\/wp-content\/uploads\/sites\/29\/2025\/01\/fig11-300x300.png 300w, https:\/\/diarieducacio.cat\/transformarleducacio\/wp-content\/uploads\/sites\/29\/2025\/01\/fig11-150x150.png 150w, https:\/\/diarieducacio.cat\/transformarleducacio\/wp-content\/uploads\/sites\/29\/2025\/01\/fig11-768x768.png 768w, https:\/\/diarieducacio.cat\/transformarleducacio\/wp-content\/uploads\/sites\/29\/2025\/01\/fig11-450x450.png 450w, https:\/\/diarieducacio.cat\/transformarleducacio\/wp-content\/uploads\/sites\/29\/2025\/01\/fig11-400x400.png 400w, https:\/\/diarieducacio.cat\/transformarleducacio\/wp-content\/uploads\/sites\/29\/2025\/01\/fig11-600x600.png 600w\" sizes=\"(max-width: 1000px) 100vw, 1000px\" \/><figcaption class=\"wp-element-caption\">fig1<br>Font : Elaboraci\u00f3 pr\u00f2pia<br>Dades de centres institut &#8211; escola: Departament d\u2019Educaci\u00f3 2023<\/figcaption><\/figure>\n<\/div>\n\n\n<p>M\u00e9s enll\u00e0 dels centres Institut Escola, el mapa escolar de Catalunya mostra una greu mancan\u00e7a d\u2019acc\u00e9s a l\u2019Educaci\u00f3 obligat\u00f2ria en pobles i viles amb una poblaci\u00f3 inferior als 5.000 habitants. Nom\u00e9s el 10% d\u2019aquestes poblacions tenen oferta d\u2019Educaci\u00f3 Secund\u00e0ria Obligat\u00f2ria. (fig.2)<\/p>\n\n\n\n<figure class=\"wp-block-image size-full\"><img decoding=\"async\" width=\"600\" height=\"371\" src=\"https:\/\/diarieducacio.cat\/transformarleducacio\/wp-content\/uploads\/sites\/29\/2025\/01\/fig2.png\" alt=\"\" class=\"wp-image-2028\" srcset=\"https:\/\/diarieducacio.cat\/transformarleducacio\/wp-content\/uploads\/sites\/29\/2025\/01\/fig2.png 600w, https:\/\/diarieducacio.cat\/transformarleducacio\/wp-content\/uploads\/sites\/29\/2025\/01\/fig2-300x186.png 300w, https:\/\/diarieducacio.cat\/transformarleducacio\/wp-content\/uploads\/sites\/29\/2025\/01\/fig2-150x93.png 150w, https:\/\/diarieducacio.cat\/transformarleducacio\/wp-content\/uploads\/sites\/29\/2025\/01\/fig2-450x278.png 450w\" sizes=\"(max-width: 600px) 100vw, 600px\" \/><figcaption class=\"wp-element-caption\">fig2<br>Font: Elaboraci\u00f3 Pr\u00f2pia<br>Dades de centres: Departament d\u2019Educaci\u00f3 2023<br>Dades de Poblaci\u00f3: INE 2023<\/figcaption><\/figure>\n\n\n\n<p>A la resta de l\u2019estat l\u2019Institut-Escola tamb\u00e9 s\u2019ha implementat amb denominacions diverses: Arag\u00f3, Andalusia i Gal\u00edcia s\u00f3n les comunitats on la seva xarxa de centres educatius que integren Infantil, Prim\u00e0ria i Secund\u00e0ria Obligat\u00f2ria t\u00e9 un pes m\u00e9s elevat respecte a la resta d\u2019oferta de Secund\u00e0ria en instituts ordinaris. Aix\u00ed, a Arag\u00f3 hi ha oferta de Secund\u00e0ria en CEIP\u2019s (Centre d\u2019Educaci\u00f3 Infantil i Prim\u00e0ria i alguns CRA (Centro Rural Agrupado), a Gal\u00edcia existeixen els denominats CPI (Centro P\u00fablico Integrado) mentre que a Andalusia hi ha una important xarxa de CEIP que escolaritzen fins a 2n d\u2019ESO. A la resta de territoris de l\u2019estat, el pes de l\u2019Institut &#8211; Escola respecte a la resta de l\u2019oferta de Secund\u00e0ria \u00e9s inferior que la xaraxa d\u2019Institut-Escola que tenim a Catalunya: en destaquem els CPEB (Centro P\u00fablico de Ense\u00f1anza B\u00e1sica) a Ast\u00faries, i els CEO (Centro de Educaci\u00f3n Obligatoria) a Can\u00e0ries.<\/p>\n\n\n\n<h3 class=\"wp-block-heading\"><a><\/a><strong>Marc Normatiu <\/strong><strong><\/strong><\/h3>\n\n\n\n<p>Malgrat Catalunya sigui la Comunitat Aut\u00f2noma de l\u2019estat que compta amb m\u00e9s centres que integren l\u2019etapa prim\u00e0ria i secund\u00e0ria, no existeix un marc normatiu que els doni suport, fonamenti, doti d\u2019estructura organitzativa i de funcionament clara. A Catalunya no existeix decret de Reglament Org\u00e0nic per\u00f2 s\u00ed la denominaci\u00f3 Institut Escola \u00e9s recollida a la LEC 2009 art 75 1e. El darrer document oficial \u00a0\u00e9s el \u201cCriteris per al desplegament dels nous instituts escola \u201cjuliol 2022. El document en \u00a0q\u00fcesti\u00f3 \u00e9s un conjunt d\u2019intencions sobre la bondat del model, afegint aspectes propis d\u2019un ROC i indicacions pels nous instituts escola i cont\u00e9 for\u00e7a elements que poden formar part de l\u2019estructura d\u2019un possible decret.<\/p>\n\n\n\n<p>Aquesta manca de suport legal t\u00e9 conseq\u00fc\u00e8ncies.<\/p>\n\n\n\n<h3 class=\"wp-block-heading\"><a><\/a><strong>LA IMPLEMENTACI\u00d3 DELS INSTITUTS-ESCOLA A CATALUNYA: DIAGNOSI I REPTES<\/strong><strong><\/strong><\/h3>\n\n\n\n<h3 class=\"wp-block-heading\"><a><\/a><strong>L&#8217;acc\u00e9s a l&#8217;educaci\u00f3 obligat\u00f2ria: una q\u00fcesti\u00f3 de drets i equitat<\/strong><strong><\/strong><\/h3>\n\n\n\n<p>El mapa escolar catal\u00e0 revela una preocupant desigualtat territorial en l&#8217;acc\u00e9s a l&#8217;educaci\u00f3 obligat\u00f2ria. Nom\u00e9s el 2% dels municipis amb menys de 2.000 habitants disposen d&#8217;oferta d&#8217;Educaci\u00f3 Secund\u00e0ria Obligat\u00f2ria (ESO), mentre que en poblacions de fins a 5.000 habitants, aquesta oferta \u00e9s manifestament insuficient per garantir la igualtat d&#8217;oportunitats. Estem davant, doncs, d\u2019un desequilibri que afecta greument els entorns rurals, ampliant la bretxa educativa respecte a les zones urbanes.<\/p>\n\n\n\n<p>Garantir el dret a l\u2019educaci\u00f3 \u00e9s una responsabilitat clau de la Generalitat, per\u00f2 l&#8217;actual distribuci\u00f3 de centres no aconsegueix oferir igualtat de condicions per a tot l&#8217;alumnat. A m\u00e9s, l&#8217;acc\u00e9s a una educaci\u00f3 propera, de qualitat i adaptada al context local no nom\u00e9s potencia el desenvolupament personal dels estudiants, sin\u00f3 que tamb\u00e9 refor\u00e7a les din\u00e0miques socials i econ\u00f2miques de les comunitats rurals.<\/p>\n\n\n\n<h3 class=\"wp-block-heading\"><a><\/a><strong>Un nou curr\u00edculum per una educaci\u00f3 integrada<\/strong><strong><\/strong><\/h3>\n\n\n\n<p>La darrera revisi\u00f3 del curr\u00edculum b\u00e0sic posa l&#8217;accent en elements transversals com l&#8217;enfocament competencial, la inclusi\u00f3, el benestar emocional i la promoci\u00f3 de la ciutadania global. Malgrat aquestes intencions, es disposa d\u2019evid\u00e8ncies que les transicions educatives entre Prim\u00e0ria i Secund\u00e0ria continuen sent un punt feble. L\u2019alumnat sovint experimenta inseguretat, baixades en el rendiment escolar i una falta de continu\u00eftat curricular que posa en risc l\u2019\u00e8xit acad\u00e8mic i personal.<\/p>\n\n\n\n<p>Els centres Institut-Escola, ja des de la seva definici\u00f3, es plantegen com una estrat\u00e8gia per solucionar aquests reptes, integrant un curr\u00edculum coherent i promovent una transici\u00f3 efectiva &nbsp;entre etapes.<\/p>\n\n\n\n<h3 class=\"wp-block-heading\"><a><\/a><strong>Creaci\u00f3 i gesti\u00f3 de nous Instituts-Escola<\/strong><strong><\/strong><\/h3>\n\n\n\n<p>Tot i els beneficis demostrats del model, la creaci\u00f3 de nous Instituts-Escola ha estat irregular en els darrers anys. Des de les primeres Jornades IE organitzades des de la FMRPC s\u2019han identificat mancances estructurals en la planificaci\u00f3 i execuci\u00f3 d\u2019aquests projectes, assenyalant la necessitat d\u2019una pol\u00edtica clara per part del Departament d\u2019Educaci\u00f3.<\/p>\n\n\n\n<p>La comunicaci\u00f3 amb els centres educatius en les fases pr\u00e8vies \u00e9s insuficient, i els processos administratius s\u00f3n percebuts com a complexos i poc acompanyats. Si b\u00e9 iniciatives com la xarxa d\u2019Instituts-Escola i la publicaci\u00f3 del document d\u2019orientacions han estat ben valorades, encara que la seva execuci\u00f3 s\u2019ha fet amb alguns desencerts. \u00c9s evident que cal &nbsp;protocol clar que faciliti la creaci\u00f3 d\u2019aquests centres.<\/p>\n\n\n\n<h3 class=\"wp-block-heading\"><a><\/a><strong>Mancances estructurals: recursos i equipaments<\/strong><strong><\/strong><\/h3>\n\n\n\n<p>Els Instituts-Escola afronten reptes significatius en l\u2019organitzaci\u00f3 i els recursos disponibles. La conviv\u00e8ncia de normativa per a Prim\u00e0ria i Secund\u00e0ria obliga els centres a adaptar-se sense instruccions espec\u00edfiques, generant tensions organitzatives. A aix\u00f2 s\u2019hi sumen dificultats en la gesti\u00f3 dels equips docents, amb condicions laborals desiguals segons els cossos professionals, i mancances en infraestructures que sovint no s\u2019adapten a les necessitats pedag\u00f2giques.<\/p>\n\n\n\n<p>Els elements de diagn\u00f2stic i experi\u00e8ncies recollides durant aquests anys coincideixen que \u00e9s imprescindible posar el focus en el projecte educatiu, garantint recursos i suport adequat per poder desplegar-lo amb confian\u00e7a. Sense aquesta base, les oportunitats que ofereixen els Instituts-Escola queden infrautilitzades, generant desafecci\u00f3 i malestar en la comunitat educativa.<\/p>\n\n\n\n<h3 class=\"wp-block-heading\"><a><\/a><strong>PROPOSTES PER REFOR\u00c7AR EL MODEL INSTITUT-ESCOLA A CATALUNYA<\/strong><strong><\/strong><\/h3>\n\n\n\n<p>En els diferents grups de treball i Jornades sobre Instituts-Escola s&#8217;han identificat una s\u00e8rie de propostes clau per avan\u00e7ar en la implementaci\u00f3 d&#8217;aquest model educatiu, adaptat a les necessitats dels municipis petits i pensat per garantir una educaci\u00f3 equitativa i coherent. Aquestes recomanacions inclouen mesures legals, administratives i organitzatives per millorar la qualitat i l&#8217;efic\u00e0cia d&#8217;aquests centres i s\u2019han elaborat en funci\u00f3 d\u2019aquells elements de diagnosi que s\u2019han apuntat anteriorment.<\/p>\n\n\n\n<h3 class=\"wp-block-heading\"><a><\/a><strong>Protecci\u00f3 legal per als Instituts-Escola<\/strong><strong><\/strong><\/h3>\n\n\n\n<p>La necessitat d&#8217;un marc normatiu espec\u00edfic per als Instituts-Escola, que garanteixi el seu funcionament i en protegeixi el model es percep com una mesura imprescindible. Tot i que la LEC i la LOMLOE ja mencionen aquesta tipologia de centre, caldria avan\u00e7ar en la concreci\u00f3 d&#8217;aquestes disposicions. La creaci\u00f3 d&#8217;un Reglament Org\u00e0nic espec\u00edfic, doncs, \u00e9s essencial per oferir garanties administratives i protocols clars.<\/p>\n\n\n\n<p>Aquest reglament hauria d\u2019incorporar aspectes que la comunitat educativa reclama reiteradament, com ara una millor organitzaci\u00f3 interna, mesures de coordinaci\u00f3 i un enfocament adaptat a la realitat de cada centre. No es tracta de privilegiar aquests centres, sin\u00f3 d\u2019oferir-los les eines necess\u00e0ries per garantir l\u2019equitat i la qualitat educativa.<\/p>\n\n\n\n<h3 class=\"wp-block-heading\"><a><\/a><strong>Creaci\u00f3 de nous Instituts-Escola: cap a una pol\u00edtica m\u00e9s clara<\/strong><strong><\/strong><\/h3>\n\n\n\n<p>Pel que fa a l\u2019expansi\u00f3 del model, es proposa una pol\u00edtica educativa m\u00e9s definida per a la creaci\u00f3 de nous Instituts-Escola. Aquesta hauria d\u2019estar basada en una planificaci\u00f3 territorial transparent, amb mecanismes participatius que permetin als municipis expressar les seves necessitats i definir criteris clars per a l\u2019obertura de centres. Els protocols de creaci\u00f3 administrativa tamb\u00e9 necessiten simplificaci\u00f3 i especificitat segons la tipologia del centre (nova creaci\u00f3, fusi\u00f3 o creixement). Aix\u00f2 inclou la reducci\u00f3 de la c\u00e0rrega administrativa que recau sobre els centres i l\u2019establiment d\u2019un full de ruta clar i f\u00e0cil de seguir. Tot plegat no seria efectiu sense una revisi\u00f3 de Serveis Educatius i Inspecci\u00f3 amb l\u2019objectiu de garantir que coneguin la singularitat d\u2019aquests centres i en puguin oferir un acompanyament adequat.<\/p>\n\n\n\n<p>Amb tot, no es tracta de generar una xarxa alternativa de centres educatius paral\u00b7lela a la d\u2019escoles i instituts sin\u00f3 de possibilitar una gesti\u00f3 educativa del territori centrada en necessitats i planificaci\u00f3 globals i no en accions independents unes de les altres, amb vocaci\u00f3 comunit\u00e0ria i mirada d\u2019Educaci\u00f3 a Temps Complet. \u00c9s per aix\u00f2 que es considera molt convenient la revisi\u00f3 acurada de la possibilitat de reeditar l\u2019estructura organitzativa de zones educatives.<\/p>\n\n\n\n<h3 class=\"wp-block-heading\"><a><\/a><strong>Organitzaci\u00f3 interna i recursos<\/strong><strong><\/strong><\/h3>\n\n\n\n<p>En l\u2019\u00e0mbit organitzatiu, les propostes inclouen la definici\u00f3 d\u2019equips directius amb una perspectiva transversal que integri totes les etapes educatives, aix\u00ed com una millor coordinaci\u00f3 entre docents. Es destaca la necessitat d\u2019avan\u00e7ar cap a un cos \u00fanic docent per evitar duplicacions metodol\u00f2giques i curriculars, i de garantir formaci\u00f3 espec\u00edfica per al personal educatiu d\u2019aquests centres.<\/p>\n\n\n\n<p>A m\u00e9s, es reclama l\u2019augment de recursos humans, especialment de personal d\u2019administraci\u00f3 i serveis (PAS), per fer front a les tasques administratives espec\u00edfiques dels Instituts-Escola. Tamb\u00e9 es proposa ajustar les retribucions dels equips directius i de coordinaci\u00f3 per reflectir les responsabilitats addicionals que comporta aquest model.<\/p>\n\n\n\n<h3 class=\"wp-block-heading\"><a><\/a><strong>Infraestructures i equipaments<\/strong><strong><\/strong><\/h3>\n\n\n\n<p>Pel que fa a les infraestructures, es destaca la import\u00e0ncia d\u2019integrar el projecte educatiu en el disseny dels espais f\u00edsics. Els errors de planificaci\u00f3 inicial poden tenir conseq\u00fc\u00e8ncies negatives irreversibles en el desenvolupament pedag\u00f2gic. \u00c9s imprescindible que els centres participin en la presa de decisions sobre disseny i equipaments per garantir la coher\u00e8ncia amb les necessitats educatives.<\/p>\n\n\n\n<p>Els recursos materials tamb\u00e9 necessiten millores. Els grups de treball suggereixen revisar els cat\u00e0legs de recursos del Departament d\u2019Educaci\u00f3, evitar desigualtats entre els centres i actualitzar els materials per adaptar-los a les noves metodologies.<\/p>\n\n\n\n<p>WEBGRAFIA:<\/p>\n\n\n\n<p>LLEI 12\/2009, del 10 de juliol, d&#8217;educaci\u00f3. <a href=\"https:\/\/portaljuridic.gencat.cat\/eli\/es-ct\/l\/2009\/07\/10\/12\"><u>https:\/\/portaljuridic.gencat.cat\/eli\/es-ct\/l\/2009\/07\/10\/12<\/u><\/a><\/p>\n\n\n\n<p>Generalitat de Catalunya. Departament d\u2019Educaci\u00f3 (2022). Criteris per al desplegament dels nous instituts escola Un model de continu\u00eftat i coher\u00e8ncia pedag\u00f2gica. <a href=\"https:\/\/educacio.gencat.cat\/web\/.content\/home\/arees-actuacio\/centres-serveis-educatius\/centres\/tipus-centres\/segons-ensenyament\/institut-escola\/criteris-nous-instituts-escola.pdf\"><u>https:\/\/educacio.gencat.cat\/web\/.content\/home\/arees-actuacio\/centres-serveis-educatius\/centres\/tipus-centres\/segons-ensenyament\/institut-escola\/criteris-nous-instituts-escola.pdf<\/u><\/a><\/p>\n\n\n\n<p>Consell (2013). Consell Superior d\u2019Avaluaci\u00f3 del Sistema Educatiu, La transici\u00f3 de l&#8217;educaci\u00f3 prim\u00e0ria a la secund\u00e0ria. Barcelona, Departament d\u2019Ensenyament, col\u00b7lecci\u00f3 \u201cQuaderns d\u2019avaluaci\u00f3\u201d, 24.<\/p>\n\n\n\n<p><a href=\"http:\/\/csda.gencat.cat\/ca\/arees-actuacio\/publicacions\/quaderns-avaluacio\/quaderns-avaluacio-24\/\"><u>http:\/\/csda.gencat.cat\/ca\/arees-actuacio\/publicacions\/quaderns-avaluacio\/quaderns-avaluacio-24\/<\/u><\/a><\/p>\n\n\n\n<p>Ley Org\u00e1nica 3\/2020, de 29 de diciembre, por la que se modifica la Ley Org\u00e1nica 2\/2006, de 3 de mayo, de Educaci\u00f3n.<\/p>\n\n\n\n<p><a href=\"https:\/\/www.boe.es\/buscar\/doc.php?id=BOE-A-2020-17264\">https:\/\/www.boe.es\/buscar\/doc.php?id=BOE-A-2020-17264<\/a><\/p>\n\n\n\n<p>XTEC: Xarxa telem\u00e0tica educativa de Catalunya.(2022). L\u2019institut escola<\/p>\n\n\n\n<p><a href=\"https:\/\/xtec.gencat.cat\/ca\/curriculum\/xarxa-instituts-escola\/linstitut-escola\">https:\/\/xtec.gencat.cat\/ca\/curriculum\/xarxa-instituts-escola\/linstitut-escola<\/a><\/p>\n\n\n\n<p>Federaci\u00f3 de Moviments de Renovaci\u00f3 Pedag\u00f2gica de Catalunya<\/p>\n\n\n\n<p>Recull d\u2019articles publicats al web sota el tema \u201cinstitut escola\u201d<\/p>\n\n\n\n<p><a href=\"https:\/\/www.mrp.cat\/inici\/t\/16\/institut-escola\">https:\/\/www.mrp.cat\/inici\/t\/16\/institut-escola<\/a><\/p>\n","protected":false},"excerpt":{"rendered":"<p>Qu\u00e8 \u00e9s l&#8217;institut escola L\u2019any 1931 la Generalitat va crear els primers instituts escola com a centres d\u2019ensenyament secundari vinculats a escoles de prim\u00e0ria. Aquests centres, amb la resta d\u2019institucions de la Generalitat, van ser suprimits l\u2019any 1939 per la dictadura franquista. Avui dia, els instituts escola tenen com a principal valor afegit el fet<\/p>\n","protected":false},"author":490,"featured_media":2032,"comment_status":"open","ping_status":"open","sticky":false,"template":"","format":"standard","meta":{"footnotes":""},"categories":[2],"tags":[111,123,128],"tipo":[169],"class_list":{"0":"post-2026","1":"post","2":"type-post","3":"status-publish","4":"format-standard","5":"has-post-thumbnail","7":"category-general","8":"tag-educacio","9":"tag-institut-escola","10":"tag-model-educatiu","11":"tipo-analisi"},"yoast_head":"<!-- This site is optimized with the Yoast SEO plugin v27.5 - https:\/\/yoast.com\/product\/yoast-seo-wordpress\/ -->\n<title>El model institut escola en l\u2019educaci\u00f3 b\u00e0sica a Catalunya - Transformar l&#039;Educaci\u00f3<\/title>\n<meta name=\"robots\" content=\"index, follow, max-snippet:-1, max-image-preview:large, max-video-preview:-1\" \/>\n<link rel=\"canonical\" href=\"https:\/\/diarieducacio.cat\/transformarleducacio\/2025\/01\/20\/el-model-institut-escola-en-leducacio-basica-a-catalunya\/\" \/>\n<meta property=\"og:locale\" content=\"ca_ES\" \/>\n<meta property=\"og:type\" content=\"article\" \/>\n<meta property=\"og:title\" content=\"El model institut escola en l\u2019educaci\u00f3 b\u00e0sica a Catalunya - Transformar l&#039;Educaci\u00f3\" \/>\n<meta property=\"og:description\" content=\"Qu\u00e8 \u00e9s l&#8217;institut escola L\u2019any 1931 la Generalitat va crear els primers instituts escola com a centres d\u2019ensenyament secundari vinculats a escoles de prim\u00e0ria. Aquests centres, amb la resta d\u2019institucions de la Generalitat, van ser suprimits l\u2019any 1939 per la dictadura franquista. Avui dia, els instituts escola tenen com a principal valor afegit el fet\" \/>\n<meta property=\"og:url\" content=\"https:\/\/diarieducacio.cat\/transformarleducacio\/2025\/01\/20\/el-model-institut-escola-en-leducacio-basica-a-catalunya\/\" \/>\n<meta property=\"og:site_name\" content=\"Transformar l&#039;Educaci\u00f3\" \/>\n<meta property=\"article:publisher\" content=\"https:\/\/www.facebook.com\/diarieducacio\/\" \/>\n<meta property=\"article:published_time\" content=\"2025-01-20T03:32:00+00:00\" \/>\n<meta property=\"article:modified_time\" content=\"2025-01-20T08:27:39+00:00\" \/>\n<meta property=\"og:image\" content=\"https:\/\/diarieducacio.cat\/transformarleducacio\/wp-content\/uploads\/sites\/29\/2025\/01\/GettyImages-11529254751.jpg\" \/>\n\t<meta property=\"og:image:width\" content=\"1121\" \/>\n\t<meta property=\"og:image:height\" content=\"747\" \/>\n\t<meta property=\"og:image:type\" content=\"image\/jpeg\" \/>\n<meta name=\"author\" content=\"Jordi Puche Soler\" \/>\n<meta name=\"twitter:card\" content=\"summary_large_image\" \/>\n<meta name=\"twitter:creator\" content=\"@DiariEducacio\" \/>\n<meta name=\"twitter:site\" content=\"@DiariEducacio\" \/>\n<meta name=\"twitter:label1\" content=\"Escrit per\" \/>\n\t<meta name=\"twitter:data1\" content=\"Jordi Puche Soler\" \/>\n\t<meta name=\"twitter:label2\" content=\"Temps estimat de lectura\" \/>\n\t<meta name=\"twitter:data2\" content=\"10 minuts\" \/>\n<script type=\"application\/ld+json\" class=\"yoast-schema-graph\">{\"@context\":\"https:\\\/\\\/schema.org\",\"@graph\":[{\"@type\":\"Article\",\"@id\":\"https:\\\/\\\/diarieducacio.cat\\\/transformarleducacio\\\/2025\\\/01\\\/20\\\/el-model-institut-escola-en-leducacio-basica-a-catalunya\\\/#article\",\"isPartOf\":{\"@id\":\"https:\\\/\\\/diarieducacio.cat\\\/transformarleducacio\\\/2025\\\/01\\\/20\\\/el-model-institut-escola-en-leducacio-basica-a-catalunya\\\/\"},\"author\":{\"name\":\"Jordi Puche Soler\",\"@id\":\"https:\\\/\\\/diarieducacio.cat\\\/transformarleducacio\\\/#\\\/schema\\\/person\\\/5afb059422365ef872c75519be9b26c9\"},\"headline\":\"El model institut escola en l\u2019educaci\u00f3 b\u00e0sica a Catalunya\",\"datePublished\":\"2025-01-20T03:32:00+00:00\",\"dateModified\":\"2025-01-20T08:27:39+00:00\",\"mainEntityOfPage\":{\"@id\":\"https:\\\/\\\/diarieducacio.cat\\\/transformarleducacio\\\/2025\\\/01\\\/20\\\/el-model-institut-escola-en-leducacio-basica-a-catalunya\\\/\"},\"wordCount\":2010,\"commentCount\":0,\"image\":{\"@id\":\"https:\\\/\\\/diarieducacio.cat\\\/transformarleducacio\\\/2025\\\/01\\\/20\\\/el-model-institut-escola-en-leducacio-basica-a-catalunya\\\/#primaryimage\"},\"thumbnailUrl\":\"https:\\\/\\\/diarieducacio.cat\\\/transformarleducacio\\\/wp-content\\\/uploads\\\/sites\\\/29\\\/2025\\\/01\\\/GettyImages-11529254751.jpg\",\"keywords\":[\"educaci\u00f3\",\"Institut-Escola\",\"model educatiu\"],\"articleSection\":[\"General\"],\"inLanguage\":\"ca\",\"potentialAction\":[{\"@type\":\"CommentAction\",\"name\":\"Comment\",\"target\":[\"https:\\\/\\\/diarieducacio.cat\\\/transformarleducacio\\\/2025\\\/01\\\/20\\\/el-model-institut-escola-en-leducacio-basica-a-catalunya\\\/#respond\"]}]},{\"@type\":\"WebPage\",\"@id\":\"https:\\\/\\\/diarieducacio.cat\\\/transformarleducacio\\\/2025\\\/01\\\/20\\\/el-model-institut-escola-en-leducacio-basica-a-catalunya\\\/\",\"url\":\"https:\\\/\\\/diarieducacio.cat\\\/transformarleducacio\\\/2025\\\/01\\\/20\\\/el-model-institut-escola-en-leducacio-basica-a-catalunya\\\/\",\"name\":\"El model institut escola en l\u2019educaci\u00f3 b\u00e0sica a Catalunya - Transformar l'Educaci\u00f3\",\"isPartOf\":{\"@id\":\"https:\\\/\\\/diarieducacio.cat\\\/transformarleducacio\\\/#website\"},\"primaryImageOfPage\":{\"@id\":\"https:\\\/\\\/diarieducacio.cat\\\/transformarleducacio\\\/2025\\\/01\\\/20\\\/el-model-institut-escola-en-leducacio-basica-a-catalunya\\\/#primaryimage\"},\"image\":{\"@id\":\"https:\\\/\\\/diarieducacio.cat\\\/transformarleducacio\\\/2025\\\/01\\\/20\\\/el-model-institut-escola-en-leducacio-basica-a-catalunya\\\/#primaryimage\"},\"thumbnailUrl\":\"https:\\\/\\\/diarieducacio.cat\\\/transformarleducacio\\\/wp-content\\\/uploads\\\/sites\\\/29\\\/2025\\\/01\\\/GettyImages-11529254751.jpg\",\"datePublished\":\"2025-01-20T03:32:00+00:00\",\"dateModified\":\"2025-01-20T08:27:39+00:00\",\"author\":{\"@id\":\"https:\\\/\\\/diarieducacio.cat\\\/transformarleducacio\\\/#\\\/schema\\\/person\\\/5afb059422365ef872c75519be9b26c9\"},\"breadcrumb\":{\"@id\":\"https:\\\/\\\/diarieducacio.cat\\\/transformarleducacio\\\/2025\\\/01\\\/20\\\/el-model-institut-escola-en-leducacio-basica-a-catalunya\\\/#breadcrumb\"},\"inLanguage\":\"ca\",\"potentialAction\":[{\"@type\":\"ReadAction\",\"target\":[\"https:\\\/\\\/diarieducacio.cat\\\/transformarleducacio\\\/2025\\\/01\\\/20\\\/el-model-institut-escola-en-leducacio-basica-a-catalunya\\\/\"]}]},{\"@type\":\"ImageObject\",\"inLanguage\":\"ca\",\"@id\":\"https:\\\/\\\/diarieducacio.cat\\\/transformarleducacio\\\/2025\\\/01\\\/20\\\/el-model-institut-escola-en-leducacio-basica-a-catalunya\\\/#primaryimage\",\"url\":\"https:\\\/\\\/diarieducacio.cat\\\/transformarleducacio\\\/wp-content\\\/uploads\\\/sites\\\/29\\\/2025\\\/01\\\/GettyImages-11529254751.jpg\",\"contentUrl\":\"https:\\\/\\\/diarieducacio.cat\\\/transformarleducacio\\\/wp-content\\\/uploads\\\/sites\\\/29\\\/2025\\\/01\\\/GettyImages-11529254751.jpg\",\"width\":1121,\"height\":747,\"caption\":\"| GettyImages\"},{\"@type\":\"BreadcrumbList\",\"@id\":\"https:\\\/\\\/diarieducacio.cat\\\/transformarleducacio\\\/2025\\\/01\\\/20\\\/el-model-institut-escola-en-leducacio-basica-a-catalunya\\\/#breadcrumb\",\"itemListElement\":[{\"@type\":\"ListItem\",\"position\":1,\"name\":\"Inici\",\"item\":\"https:\\\/\\\/diarieducacio.cat\\\/transformarleducacio\\\/\"},{\"@type\":\"ListItem\",\"position\":2,\"name\":\"El model institut escola en l\u2019educaci\u00f3 b\u00e0sica a Catalunya\"}]},{\"@type\":\"WebSite\",\"@id\":\"https:\\\/\\\/diarieducacio.cat\\\/transformarleducacio\\\/#website\",\"url\":\"https:\\\/\\\/diarieducacio.cat\\\/transformarleducacio\\\/\",\"name\":\"Transformar l'Educaci\u00f3\",\"description\":\"Un blog de El Diari de l&#039;Educaci\u00f3\",\"potentialAction\":[{\"@type\":\"SearchAction\",\"target\":{\"@type\":\"EntryPoint\",\"urlTemplate\":\"https:\\\/\\\/diarieducacio.cat\\\/transformarleducacio\\\/?s={search_term_string}\"},\"query-input\":{\"@type\":\"PropertyValueSpecification\",\"valueRequired\":true,\"valueName\":\"search_term_string\"}}],\"inLanguage\":\"ca\"},{\"@type\":\"Person\",\"@id\":\"https:\\\/\\\/diarieducacio.cat\\\/transformarleducacio\\\/#\\\/schema\\\/person\\\/5afb059422365ef872c75519be9b26c9\",\"name\":\"Jordi Puche Soler\",\"image\":{\"@type\":\"ImageObject\",\"inLanguage\":\"ca\",\"@id\":\"https:\\\/\\\/diarieducacio.cat\\\/transformarleducacio\\\/wp-content\\\/uploads\\\/sites\\\/29\\\/2025\\\/01\\\/jordi-puche-soler_avatar-96x96.jpg\",\"url\":\"https:\\\/\\\/diarieducacio.cat\\\/transformarleducacio\\\/wp-content\\\/uploads\\\/sites\\\/29\\\/2025\\\/01\\\/jordi-puche-soler_avatar-96x96.jpg\",\"contentUrl\":\"https:\\\/\\\/diarieducacio.cat\\\/transformarleducacio\\\/wp-content\\\/uploads\\\/sites\\\/29\\\/2025\\\/01\\\/jordi-puche-soler_avatar-96x96.jpg\",\"caption\":\"Jordi Puche Soler\"},\"description\":\"Mestre i pedagog per la Facultat de Psicologia, Ci\u00e8ncies de l\u2019Educaci\u00f3 i de l\u2019Esport Blanquerna de la Universitat Ramon Llull de Barcelona. Ha treballat en diferents centres educatius i com a docent associat al Grau de mestre de la Universitat de Barcelona. Vinculat al Moviment de Renovaci\u00f3 Pedag\u00f2gica del Garraf, actualment forma part de l'equip coordinador de la Federaci\u00f3 de Moviments de Renovaci\u00f3 Pedag\u00f2gica de Catalunya.\",\"url\":\"https:\\\/\\\/diarieducacio.cat\\\/transformarleducacio\\\/author\\\/jpuche\\\/\"}]}<\/script>\n<!-- \/ Yoast SEO plugin. -->","yoast_head_json":{"title":"El model institut escola en l\u2019educaci\u00f3 b\u00e0sica a Catalunya - Transformar l'Educaci\u00f3","robots":{"index":"index","follow":"follow","max-snippet":"max-snippet:-1","max-image-preview":"max-image-preview:large","max-video-preview":"max-video-preview:-1"},"canonical":"https:\/\/diarieducacio.cat\/transformarleducacio\/2025\/01\/20\/el-model-institut-escola-en-leducacio-basica-a-catalunya\/","og_locale":"ca_ES","og_type":"article","og_title":"El model institut escola en l\u2019educaci\u00f3 b\u00e0sica a Catalunya - Transformar l'Educaci\u00f3","og_description":"Qu\u00e8 \u00e9s l&#8217;institut escola L\u2019any 1931 la Generalitat va crear els primers instituts escola com a centres d\u2019ensenyament secundari vinculats a escoles de prim\u00e0ria. Aquests centres, amb la resta d\u2019institucions de la Generalitat, van ser suprimits l\u2019any 1939 per la dictadura franquista. Avui dia, els instituts escola tenen com a principal valor afegit el fet","og_url":"https:\/\/diarieducacio.cat\/transformarleducacio\/2025\/01\/20\/el-model-institut-escola-en-leducacio-basica-a-catalunya\/","og_site_name":"Transformar l'Educaci\u00f3","article_publisher":"https:\/\/www.facebook.com\/diarieducacio\/","article_published_time":"2025-01-20T03:32:00+00:00","article_modified_time":"2025-01-20T08:27:39+00:00","og_image":[{"width":1121,"height":747,"url":"https:\/\/diarieducacio.cat\/transformarleducacio\/wp-content\/uploads\/sites\/29\/2025\/01\/GettyImages-11529254751.jpg","type":"image\/jpeg"}],"author":"Jordi Puche Soler","twitter_card":"summary_large_image","twitter_creator":"@DiariEducacio","twitter_site":"@DiariEducacio","twitter_misc":{"Escrit per":"Jordi Puche Soler","Temps estimat de lectura":"10 minuts"},"schema":{"@context":"https:\/\/schema.org","@graph":[{"@type":"Article","@id":"https:\/\/diarieducacio.cat\/transformarleducacio\/2025\/01\/20\/el-model-institut-escola-en-leducacio-basica-a-catalunya\/#article","isPartOf":{"@id":"https:\/\/diarieducacio.cat\/transformarleducacio\/2025\/01\/20\/el-model-institut-escola-en-leducacio-basica-a-catalunya\/"},"author":{"name":"Jordi Puche Soler","@id":"https:\/\/diarieducacio.cat\/transformarleducacio\/#\/schema\/person\/5afb059422365ef872c75519be9b26c9"},"headline":"El model institut escola en l\u2019educaci\u00f3 b\u00e0sica a Catalunya","datePublished":"2025-01-20T03:32:00+00:00","dateModified":"2025-01-20T08:27:39+00:00","mainEntityOfPage":{"@id":"https:\/\/diarieducacio.cat\/transformarleducacio\/2025\/01\/20\/el-model-institut-escola-en-leducacio-basica-a-catalunya\/"},"wordCount":2010,"commentCount":0,"image":{"@id":"https:\/\/diarieducacio.cat\/transformarleducacio\/2025\/01\/20\/el-model-institut-escola-en-leducacio-basica-a-catalunya\/#primaryimage"},"thumbnailUrl":"https:\/\/diarieducacio.cat\/transformarleducacio\/wp-content\/uploads\/sites\/29\/2025\/01\/GettyImages-11529254751.jpg","keywords":["educaci\u00f3","Institut-Escola","model educatiu"],"articleSection":["General"],"inLanguage":"ca","potentialAction":[{"@type":"CommentAction","name":"Comment","target":["https:\/\/diarieducacio.cat\/transformarleducacio\/2025\/01\/20\/el-model-institut-escola-en-leducacio-basica-a-catalunya\/#respond"]}]},{"@type":"WebPage","@id":"https:\/\/diarieducacio.cat\/transformarleducacio\/2025\/01\/20\/el-model-institut-escola-en-leducacio-basica-a-catalunya\/","url":"https:\/\/diarieducacio.cat\/transformarleducacio\/2025\/01\/20\/el-model-institut-escola-en-leducacio-basica-a-catalunya\/","name":"El model institut escola en l\u2019educaci\u00f3 b\u00e0sica a Catalunya - Transformar l'Educaci\u00f3","isPartOf":{"@id":"https:\/\/diarieducacio.cat\/transformarleducacio\/#website"},"primaryImageOfPage":{"@id":"https:\/\/diarieducacio.cat\/transformarleducacio\/2025\/01\/20\/el-model-institut-escola-en-leducacio-basica-a-catalunya\/#primaryimage"},"image":{"@id":"https:\/\/diarieducacio.cat\/transformarleducacio\/2025\/01\/20\/el-model-institut-escola-en-leducacio-basica-a-catalunya\/#primaryimage"},"thumbnailUrl":"https:\/\/diarieducacio.cat\/transformarleducacio\/wp-content\/uploads\/sites\/29\/2025\/01\/GettyImages-11529254751.jpg","datePublished":"2025-01-20T03:32:00+00:00","dateModified":"2025-01-20T08:27:39+00:00","author":{"@id":"https:\/\/diarieducacio.cat\/transformarleducacio\/#\/schema\/person\/5afb059422365ef872c75519be9b26c9"},"breadcrumb":{"@id":"https:\/\/diarieducacio.cat\/transformarleducacio\/2025\/01\/20\/el-model-institut-escola-en-leducacio-basica-a-catalunya\/#breadcrumb"},"inLanguage":"ca","potentialAction":[{"@type":"ReadAction","target":["https:\/\/diarieducacio.cat\/transformarleducacio\/2025\/01\/20\/el-model-institut-escola-en-leducacio-basica-a-catalunya\/"]}]},{"@type":"ImageObject","inLanguage":"ca","@id":"https:\/\/diarieducacio.cat\/transformarleducacio\/2025\/01\/20\/el-model-institut-escola-en-leducacio-basica-a-catalunya\/#primaryimage","url":"https:\/\/diarieducacio.cat\/transformarleducacio\/wp-content\/uploads\/sites\/29\/2025\/01\/GettyImages-11529254751.jpg","contentUrl":"https:\/\/diarieducacio.cat\/transformarleducacio\/wp-content\/uploads\/sites\/29\/2025\/01\/GettyImages-11529254751.jpg","width":1121,"height":747,"caption":"| GettyImages"},{"@type":"BreadcrumbList","@id":"https:\/\/diarieducacio.cat\/transformarleducacio\/2025\/01\/20\/el-model-institut-escola-en-leducacio-basica-a-catalunya\/#breadcrumb","itemListElement":[{"@type":"ListItem","position":1,"name":"Inici","item":"https:\/\/diarieducacio.cat\/transformarleducacio\/"},{"@type":"ListItem","position":2,"name":"El model institut escola en l\u2019educaci\u00f3 b\u00e0sica a Catalunya"}]},{"@type":"WebSite","@id":"https:\/\/diarieducacio.cat\/transformarleducacio\/#website","url":"https:\/\/diarieducacio.cat\/transformarleducacio\/","name":"Transformar l'Educaci\u00f3","description":"Un blog de El Diari de l&#039;Educaci\u00f3","potentialAction":[{"@type":"SearchAction","target":{"@type":"EntryPoint","urlTemplate":"https:\/\/diarieducacio.cat\/transformarleducacio\/?s={search_term_string}"},"query-input":{"@type":"PropertyValueSpecification","valueRequired":true,"valueName":"search_term_string"}}],"inLanguage":"ca"},{"@type":"Person","@id":"https:\/\/diarieducacio.cat\/transformarleducacio\/#\/schema\/person\/5afb059422365ef872c75519be9b26c9","name":"Jordi Puche Soler","image":{"@type":"ImageObject","inLanguage":"ca","@id":"https:\/\/diarieducacio.cat\/transformarleducacio\/wp-content\/uploads\/sites\/29\/2025\/01\/jordi-puche-soler_avatar-96x96.jpg","url":"https:\/\/diarieducacio.cat\/transformarleducacio\/wp-content\/uploads\/sites\/29\/2025\/01\/jordi-puche-soler_avatar-96x96.jpg","contentUrl":"https:\/\/diarieducacio.cat\/transformarleducacio\/wp-content\/uploads\/sites\/29\/2025\/01\/jordi-puche-soler_avatar-96x96.jpg","caption":"Jordi Puche Soler"},"description":"Mestre i pedagog per la Facultat de Psicologia, Ci\u00e8ncies de l\u2019Educaci\u00f3 i de l\u2019Esport Blanquerna de la Universitat Ramon Llull de Barcelona. Ha treballat en diferents centres educatius i com a docent associat al Grau de mestre de la Universitat de Barcelona. Vinculat al Moviment de Renovaci\u00f3 Pedag\u00f2gica del Garraf, actualment forma part de l'equip coordinador de la Federaci\u00f3 de Moviments de Renovaci\u00f3 Pedag\u00f2gica de Catalunya.","url":"https:\/\/diarieducacio.cat\/transformarleducacio\/author\/jpuche\/"}]}},"_links":{"self":[{"href":"https:\/\/diarieducacio.cat\/transformarleducacio\/wp-json\/wp\/v2\/posts\/2026","targetHints":{"allow":["GET"]}}],"collection":[{"href":"https:\/\/diarieducacio.cat\/transformarleducacio\/wp-json\/wp\/v2\/posts"}],"about":[{"href":"https:\/\/diarieducacio.cat\/transformarleducacio\/wp-json\/wp\/v2\/types\/post"}],"author":[{"embeddable":true,"href":"https:\/\/diarieducacio.cat\/transformarleducacio\/wp-json\/wp\/v2\/users\/490"}],"replies":[{"embeddable":true,"href":"https:\/\/diarieducacio.cat\/transformarleducacio\/wp-json\/wp\/v2\/comments?post=2026"}],"version-history":[{"count":7,"href":"https:\/\/diarieducacio.cat\/transformarleducacio\/wp-json\/wp\/v2\/posts\/2026\/revisions"}],"predecessor-version":[{"id":2039,"href":"https:\/\/diarieducacio.cat\/transformarleducacio\/wp-json\/wp\/v2\/posts\/2026\/revisions\/2039"}],"wp:featuredmedia":[{"embeddable":true,"href":"https:\/\/diarieducacio.cat\/transformarleducacio\/wp-json\/wp\/v2\/media\/2032"}],"wp:attachment":[{"href":"https:\/\/diarieducacio.cat\/transformarleducacio\/wp-json\/wp\/v2\/media?parent=2026"}],"wp:term":[{"taxonomy":"category","embeddable":true,"href":"https:\/\/diarieducacio.cat\/transformarleducacio\/wp-json\/wp\/v2\/categories?post=2026"},{"taxonomy":"post_tag","embeddable":true,"href":"https:\/\/diarieducacio.cat\/transformarleducacio\/wp-json\/wp\/v2\/tags?post=2026"},{"taxonomy":"tipo","embeddable":true,"href":"https:\/\/diarieducacio.cat\/transformarleducacio\/wp-json\/wp\/v2\/tipo?post=2026"}],"curies":[{"name":"wp","href":"https:\/\/api.w.org\/{rel}","templated":true}]}}