{"id":1974,"date":"2024-09-02T00:01:57","date_gmt":"2024-09-01T23:01:57","guid":{"rendered":"https:\/\/diarieducacio.cat\/ullalmon\/?p=1635"},"modified":"2024-09-02T00:01:57","modified_gmt":"2024-09-01T23:01:57","slug":"lescola-supervivent-a-orion-una-historia-de-resistencia-i-pedagogia","status":"publish","type":"post","link":"https:\/\/diarieducacio.cat\/ullalmon\/2024\/09\/02\/lescola-supervivent-a-orion-una-historia-de-resistencia-i-pedagogia\/","title":{"rendered":"L&#8217;escola supervivent a Ori\u00f3n: una hist\u00f2ria de resist\u00e8ncia i pedagogia"},"content":{"rendered":"<p>Em reben el director, Manuel Antonio L\u00f3pez Ram\u00edrez, i el professor Carlos Arturo Jaramillo. Arribo en el moment exacte al millor lloc per con\u00e8ixer qualsevol comunitat educativa: l&#8217;esbarjo. Nenes i nens juguen junts amb cordes i pilotes envoltats de grafitis que donen la pista. Els murs d&#8217;aquest col\u00b7legi s&#8217;erigeixen sobre la mem\u00f2ria hist\u00f2rica i la lluita social.<\/p>\n<p>L&#8217;octubre del 2002 va comen\u00e7ar la incursi\u00f3 militar urbana m\u00e9s gran dins de la hist\u00f2ria del conflicte armat a Col\u00f2mbia. El Govern d&#8217;Uribe, sota l&#8217;estat d&#8217;excepci\u00f3, va prendre la Comuna 13 per acabar amb els grups de guerrilles que actuaven en la zona. Aquesta operaci\u00f3 va violar en nombrosos aspectes els drets humans, deixant una ferida encara sagnant. Enmig de tota aquesta vor\u00e0gine de viol\u00e8ncia, Eduardo Santos va ser l&#8217;\u00fanica instituci\u00f3 educativa que va romandre en peus.<\/p>\n<p>\u201cEls professors complim la funci\u00f3 en la societat de ser un l\u00edmit infranquejable entre la realitat que hi ha fora i l&#8217;espai segur, d&#8217;esperan\u00e7a, que ens esforcem per crear a dins\u201d. Carlos A. Jaramillo m&#8217;explica com aqu\u00ed no permetien entrar ni paramilitars ni milicians; com un dia van sortir els professors, arriscant les seves vides, a tractar de parar l&#8217;execuci\u00f3 d&#8217;un alumne. No existeix ra\u00f3 per a matar un nen, repeteix rotund. No existeix ra\u00f3 per matar un nen i van matar 28 d&#8217;aquest centre. Els seus noms estan escrits entre les parets que els van veure cr\u00e9ixer, que els rendeixen honor i que semblen suplicar, com aquell vers de la poeta xilena Stella D\u00edaz Var\u00edn, \u00abno vull que els meus morts descansin en pau. Tenen l&#8217;obligaci\u00f3 de ser presents\u00bb.<\/p>\n<p>L&#8217;\u00faltim menor assassinat va ser el 2018.<\/p>\n<figure id=\"attachment_1638\" aria-describedby=\"caption-attachment-1638\" style=\"width: 1024px\" class=\"wp-caption alignnone\"><a href=\"https:\/\/nostalgic-ishizaka.82-223-1-47.plesk.page\/ullalmon\/wp-content\/uploads\/sites\/2\/2024\/08\/IMG_47631.jpg\"><img fetchpriority=\"high\" decoding=\"async\" class=\"wp-image-1638 size-full\" src=\"https:\/\/nostalgic-ishizaka.82-223-1-47.plesk.page\/ullalmon\/wp-content\/uploads\/sites\/2\/2024\/08\/IMG_47631.jpg\" alt=\"\" width=\"1024\" height=\"768\" \/><\/a><figcaption id=\"caption-attachment-1638\" class=\"wp-caption-text\">Instal\u00b7lacions pintades pels alumnes sota el Projecte Educatiu de Centre | Cristina Segovia<\/figcaption><\/figure>\n<p>\u201cContinuar lluitant pels que queden \u00e9s l&#8217;\u00fanica sortida, encara que faci mal com si t&#8217;arrenquessin una part del cos\u201d, respon Carlos A.\u00a0Jaramillo\u00a0quan li pregunto com suporten aix\u00f2 els professors. \u201cUn grup que vaig tenir fa uns anys es va negar a treure el pupitre d&#8217;un company al qual havien matat. Cada dia col\u00b7locaven els seus llibres damunt de la taula\u201d. -Silenci- \u201cS&#8217;adapta un als processos\u201d, afirma amb l&#8217;aclaparadora acceptaci\u00f3 de qui ha conegut l&#8217;horror.<\/p>\n<p>Quan fora hi havia tirotejos, tots es tombaven i cantaven s<em>e\u00f1or comandante vamos a la escuela llevando colores en las cartucheras<\/em>. Aix\u00ed, entre can\u00e7ons i peces de lego que sempre hi havia en el terra per a arribat el moment, esperaven que par\u00e9s el foc.<\/p>\n<p>Des de l&#8217;any 2002, la proposta pedag\u00f2gica del col\u00b7legi Eduardo Santos treballa sota el lema \u201ceducar per a la conviv\u00e8ncia enmig del conflicte\u201d. Els continguts curriculars s&#8217;articulen mitjan\u00e7ant l&#8217;eix transversal de la construcci\u00f3 de la mem\u00f2ria hist\u00f2rica. S\u00f3n els propis alumnes, secundats per la comunitat educativa, els qui han creat un museu d&#8217;apologia a la resili\u00e8ncia, recollint testimoniatges, biografies i relats del que va succeir aquells dies. Entre les diferents mostres art\u00edstiques i propostes culturals, tamb\u00e9 queden emmarcades bales i restes materials del que ning\u00fa vol oblidar. \u201cUna societat que reconeix la seva mem\u00f2ria enriqueix totes les possibilitats de construcci\u00f3 del seu futur\u201d, sost\u00e9 Gerardo P\u00e9rez\u00a0Holgu\u00edn, l\u00edder comunitari.<\/p>\n<p>El col\u00b7legi col\u00b7labora amb diverses organitzacions com la Comissi\u00f3 Nacional de Veritat, centres culturals com la Casa Kolacho i associacions de familiars i v\u00edctimes. A m\u00e9s del museu, tenen un projecte teatral que busca generar confian\u00e7a i espais sans de desenvolupament per als adolescents. Aquest mes de maig van estrenar l&#8217;obra \u201cFins quan\u201d, sobre els vestigis de l&#8217;Operaci\u00f3 Ori\u00f3n i la viol\u00e8ncia subjacent en una societat que demana a crits avan\u00e7ar.<\/p>\n<figure id=\"attachment_1639\" aria-describedby=\"caption-attachment-1639\" style=\"width: 1024px\" class=\"wp-caption alignnone\"><a href=\"https:\/\/nostalgic-ishizaka.82-223-1-47.plesk.page\/ullalmon\/wp-content\/uploads\/sites\/2\/2024\/08\/IMG_47991.jpg\"><img decoding=\"async\" class=\"wp-image-1639 size-full\" src=\"https:\/\/nostalgic-ishizaka.82-223-1-47.plesk.page\/ullalmon\/wp-content\/uploads\/sites\/2\/2024\/08\/IMG_47991.jpg\" alt=\"\" width=\"1024\" height=\"768\" \/><\/a><figcaption id=\"caption-attachment-1639\" class=\"wp-caption-text\">Clara Isabel, exalumna i directora del grup de teatre | Cristina Segovia<\/figcaption><\/figure>\n<p>Al final, el que aquesta instituci\u00f3 porta per bandera \u00e9s que Mambr\u00fa no va anar a la guerra, com deia la can\u00e7\u00f3. Mambr\u00fa es va quedar a l&#8217;escola. I avui Mambr\u00fa s&#8217;ha convertit en una proposta educativa consolidada en la cultura de la pau i la mem\u00f2ria a trav\u00e9s de la transformaci\u00f3 curricular i l&#8217;establiment de canals alternatius de comunicaci\u00f3. Aquest projecte reconeix l&#8217;escola com un territori ferit i violentat que converteix la mem\u00f2ria en una hist\u00f2ria viva.<\/p>\n<p>Caminem cap a la sortida. Fora espera un barri d&#8217;habitatges amuntegats de ma\u00f3 tornat, cables el\u00e8ctrics travessant els carrers amb desordre i un ambient molt diferent al que es respira dins del centre escolar. Un lloc d&#8217;idees fermes i murs alts, de passi\u00f3 per una educaci\u00f3 de qualitat curricular i humana que es construeix dia a dia tenint present el que van ser, la qual cosa s\u00f3n i el que volen ser.<\/p>\n<p>Si no fos per hist\u00f2ries com aquesta, de resist\u00e8ncia a la barb\u00e0rie, d&#8217;esperan\u00e7a conscient i compromesa amb les generacions esdevenidores i d&#8217;escoles que constitueixin veritables espais segurs, qu\u00e8 ens quedaria?<\/p>\n","protected":false},"excerpt":{"rendered":"<p>Em reben el director, Manuel Antonio L\u00f3pez Ram\u00edrez, i el professor Carlos Arturo Jaramillo. Arribo en el moment exacte al millor lloc per con\u00e8ixer qualsevol comunitat educativa: l&#8217;esbarjo. Nenes i nens juguen junts amb cordes i pilotes envoltats de grafitis que donen la pista. Els murs d&#8217;aquest col\u00b7legi s&#8217;erigeixen sobre la mem\u00f2ria hist\u00f2rica i la<\/p>\n","protected":false},"author":1926,"featured_media":1975,"comment_status":"open","ping_status":"open","sticky":false,"template":"","format":"standard","meta":{"footnotes":""},"categories":[2],"tags":[135],"tipo":[],"class_list":{"0":"post-1974","1":"post","2":"type-post","3":"status-publish","4":"format-standard","5":"has-post-thumbnail","7":"category-general","8":"tag-colombia"},"yoast_head":"<!-- This site is optimized with the Yoast SEO plugin v27.5 - https:\/\/yoast.com\/product\/yoast-seo-wordpress\/ -->\n<title>L&#039;escola supervivent a Ori\u00f3n: una hist\u00f2ria de resist\u00e8ncia i pedagogia - Ull al m\u00f3n<\/title>\n<meta name=\"robots\" content=\"index, follow, max-snippet:-1, max-image-preview:large, max-video-preview:-1\" \/>\n<link rel=\"canonical\" href=\"https:\/\/diarieducacio.cat\/ullalmon\/2024\/09\/02\/lescola-supervivent-a-orion-una-historia-de-resistencia-i-pedagogia\/\" \/>\n<meta property=\"og:locale\" content=\"ca_ES\" \/>\n<meta property=\"og:type\" content=\"article\" \/>\n<meta property=\"og:title\" content=\"L&#039;escola supervivent a Ori\u00f3n: una hist\u00f2ria de resist\u00e8ncia i pedagogia - Ull al m\u00f3n\" \/>\n<meta property=\"og:description\" content=\"Em reben el director, Manuel Antonio L\u00f3pez Ram\u00edrez, i el professor Carlos Arturo Jaramillo. Arribo en el moment exacte al millor lloc per con\u00e8ixer qualsevol comunitat educativa: l&#8217;esbarjo. Nenes i nens juguen junts amb cordes i pilotes envoltats de grafitis que donen la pista. Els murs d&#8217;aquest col\u00b7legi s&#8217;erigeixen sobre la mem\u00f2ria hist\u00f2rica i la\" \/>\n<meta property=\"og:url\" content=\"https:\/\/diarieducacio.cat\/ullalmon\/2024\/09\/02\/lescola-supervivent-a-orion-una-historia-de-resistencia-i-pedagogia\/\" \/>\n<meta property=\"og:site_name\" content=\"Ull al m\u00f3n\" \/>\n<meta property=\"article:published_time\" content=\"2024-09-01T23:01:57+00:00\" \/>\n<meta property=\"og:image\" content=\"https:\/\/diarieducacio.cat\/ullalmon\/wp-content\/uploads\/sites\/2\/2024\/08\/IMG_47591.jpg\" \/>\n\t<meta property=\"og:image:width\" content=\"1024\" \/>\n\t<meta property=\"og:image:height\" content=\"768\" \/>\n\t<meta property=\"og:image:type\" content=\"image\/jpeg\" \/>\n<meta name=\"author\" content=\"Cristina Segovia\" \/>\n<meta name=\"twitter:card\" content=\"summary_large_image\" \/>\n<meta name=\"twitter:label1\" content=\"Escrit per\" \/>\n\t<meta name=\"twitter:data1\" content=\"Cristina Segovia\" \/>\n\t<meta name=\"twitter:label2\" content=\"Temps estimat de lectura\" \/>\n\t<meta name=\"twitter:data2\" content=\"4 minuts\" \/>\n<script type=\"application\/ld+json\" class=\"yoast-schema-graph\">{\"@context\":\"https:\\\/\\\/schema.org\",\"@graph\":[{\"@type\":\"Article\",\"@id\":\"https:\\\/\\\/diarieducacio.cat\\\/ullalmon\\\/2024\\\/09\\\/02\\\/lescola-supervivent-a-orion-una-historia-de-resistencia-i-pedagogia\\\/#article\",\"isPartOf\":{\"@id\":\"https:\\\/\\\/diarieducacio.cat\\\/ullalmon\\\/2024\\\/09\\\/02\\\/lescola-supervivent-a-orion-una-historia-de-resistencia-i-pedagogia\\\/\"},\"author\":{\"name\":\"Cristina Segovia\",\"@id\":\"https:\\\/\\\/diarieducacio.cat\\\/ullalmon\\\/#\\\/schema\\\/person\\\/f841da35b66b48dc25bb5e440d520e8d\"},\"headline\":\"L&#8217;escola supervivent a Ori\u00f3n: una hist\u00f2ria de resist\u00e8ncia i pedagogia\",\"datePublished\":\"2024-09-01T23:01:57+00:00\",\"mainEntityOfPage\":{\"@id\":\"https:\\\/\\\/diarieducacio.cat\\\/ullalmon\\\/2024\\\/09\\\/02\\\/lescola-supervivent-a-orion-una-historia-de-resistencia-i-pedagogia\\\/\"},\"wordCount\":887,\"commentCount\":0,\"image\":{\"@id\":\"https:\\\/\\\/diarieducacio.cat\\\/ullalmon\\\/2024\\\/09\\\/02\\\/lescola-supervivent-a-orion-una-historia-de-resistencia-i-pedagogia\\\/#primaryimage\"},\"thumbnailUrl\":\"https:\\\/\\\/diarieducacio.cat\\\/ullalmon\\\/wp-content\\\/uploads\\\/sites\\\/2\\\/2024\\\/08\\\/IMG_47591.jpg\",\"keywords\":[\"col\u00f2mbia\"],\"articleSection\":[\"General\"],\"inLanguage\":\"ca\",\"potentialAction\":[{\"@type\":\"CommentAction\",\"name\":\"Comment\",\"target\":[\"https:\\\/\\\/diarieducacio.cat\\\/ullalmon\\\/2024\\\/09\\\/02\\\/lescola-supervivent-a-orion-una-historia-de-resistencia-i-pedagogia\\\/#respond\"]}]},{\"@type\":\"WebPage\",\"@id\":\"https:\\\/\\\/diarieducacio.cat\\\/ullalmon\\\/2024\\\/09\\\/02\\\/lescola-supervivent-a-orion-una-historia-de-resistencia-i-pedagogia\\\/\",\"url\":\"https:\\\/\\\/diarieducacio.cat\\\/ullalmon\\\/2024\\\/09\\\/02\\\/lescola-supervivent-a-orion-una-historia-de-resistencia-i-pedagogia\\\/\",\"name\":\"L'escola supervivent a Ori\u00f3n: una hist\u00f2ria de resist\u00e8ncia i pedagogia - Ull al m\u00f3n\",\"isPartOf\":{\"@id\":\"https:\\\/\\\/diarieducacio.cat\\\/ullalmon\\\/#website\"},\"primaryImageOfPage\":{\"@id\":\"https:\\\/\\\/diarieducacio.cat\\\/ullalmon\\\/2024\\\/09\\\/02\\\/lescola-supervivent-a-orion-una-historia-de-resistencia-i-pedagogia\\\/#primaryimage\"},\"image\":{\"@id\":\"https:\\\/\\\/diarieducacio.cat\\\/ullalmon\\\/2024\\\/09\\\/02\\\/lescola-supervivent-a-orion-una-historia-de-resistencia-i-pedagogia\\\/#primaryimage\"},\"thumbnailUrl\":\"https:\\\/\\\/diarieducacio.cat\\\/ullalmon\\\/wp-content\\\/uploads\\\/sites\\\/2\\\/2024\\\/08\\\/IMG_47591.jpg\",\"datePublished\":\"2024-09-01T23:01:57+00:00\",\"author\":{\"@id\":\"https:\\\/\\\/diarieducacio.cat\\\/ullalmon\\\/#\\\/schema\\\/person\\\/f841da35b66b48dc25bb5e440d520e8d\"},\"breadcrumb\":{\"@id\":\"https:\\\/\\\/diarieducacio.cat\\\/ullalmon\\\/2024\\\/09\\\/02\\\/lescola-supervivent-a-orion-una-historia-de-resistencia-i-pedagogia\\\/#breadcrumb\"},\"inLanguage\":\"ca\",\"potentialAction\":[{\"@type\":\"ReadAction\",\"target\":[\"https:\\\/\\\/diarieducacio.cat\\\/ullalmon\\\/2024\\\/09\\\/02\\\/lescola-supervivent-a-orion-una-historia-de-resistencia-i-pedagogia\\\/\"]}]},{\"@type\":\"ImageObject\",\"inLanguage\":\"ca\",\"@id\":\"https:\\\/\\\/diarieducacio.cat\\\/ullalmon\\\/2024\\\/09\\\/02\\\/lescola-supervivent-a-orion-una-historia-de-resistencia-i-pedagogia\\\/#primaryimage\",\"url\":\"https:\\\/\\\/diarieducacio.cat\\\/ullalmon\\\/wp-content\\\/uploads\\\/sites\\\/2\\\/2024\\\/08\\\/IMG_47591.jpg\",\"contentUrl\":\"https:\\\/\\\/diarieducacio.cat\\\/ullalmon\\\/wp-content\\\/uploads\\\/sites\\\/2\\\/2024\\\/08\\\/IMG_47591.jpg\",\"width\":1024,\"height\":768,\"caption\":\"Nens jugant al pati de l'escola envoltats de lemes combatius | Cristina Segovia\"},{\"@type\":\"BreadcrumbList\",\"@id\":\"https:\\\/\\\/diarieducacio.cat\\\/ullalmon\\\/2024\\\/09\\\/02\\\/lescola-supervivent-a-orion-una-historia-de-resistencia-i-pedagogia\\\/#breadcrumb\",\"itemListElement\":[{\"@type\":\"ListItem\",\"position\":1,\"name\":\"Inici\",\"item\":\"https:\\\/\\\/diarieducacio.cat\\\/ullalmon\\\/\"},{\"@type\":\"ListItem\",\"position\":2,\"name\":\"L&#8217;escola supervivent a Ori\u00f3n: una hist\u00f2ria de resist\u00e8ncia i pedagogia\"}]},{\"@type\":\"WebSite\",\"@id\":\"https:\\\/\\\/diarieducacio.cat\\\/ullalmon\\\/#website\",\"url\":\"https:\\\/\\\/diarieducacio.cat\\\/ullalmon\\\/\",\"name\":\"Ull al m\u00f3n\",\"description\":\"Un blog de El Diari de l&#039;Educaci\u00f3\",\"potentialAction\":[{\"@type\":\"SearchAction\",\"target\":{\"@type\":\"EntryPoint\",\"urlTemplate\":\"https:\\\/\\\/diarieducacio.cat\\\/ullalmon\\\/?s={search_term_string}\"},\"query-input\":{\"@type\":\"PropertyValueSpecification\",\"valueRequired\":true,\"valueName\":\"search_term_string\"}}],\"inLanguage\":\"ca\"},{\"@type\":\"Person\",\"@id\":\"https:\\\/\\\/diarieducacio.cat\\\/ullalmon\\\/#\\\/schema\\\/person\\\/f841da35b66b48dc25bb5e440d520e8d\",\"name\":\"Cristina Segovia\",\"image\":{\"@type\":\"ImageObject\",\"inLanguage\":\"ca\",\"@id\":\"https:\\\/\\\/secure.gravatar.com\\\/avatar\\\/557b92547331fa66e33be5b5d4fb298e08a0082f6176562adaa49079b254d1a8?s=96&d=mm&r=g\",\"url\":\"https:\\\/\\\/secure.gravatar.com\\\/avatar\\\/557b92547331fa66e33be5b5d4fb298e08a0082f6176562adaa49079b254d1a8?s=96&d=mm&r=g\",\"contentUrl\":\"https:\\\/\\\/secure.gravatar.com\\\/avatar\\\/557b92547331fa66e33be5b5d4fb298e08a0082f6176562adaa49079b254d1a8?s=96&d=mm&r=g\",\"caption\":\"Cristina Segovia\"},\"url\":\"https:\\\/\\\/diarieducacio.cat\\\/ullalmon\\\/author\\\/csegovia\\\/\"}]}<\/script>\n<!-- \/ Yoast SEO plugin. -->","yoast_head_json":{"title":"L'escola supervivent a Ori\u00f3n: una hist\u00f2ria de resist\u00e8ncia i pedagogia - Ull al m\u00f3n","robots":{"index":"index","follow":"follow","max-snippet":"max-snippet:-1","max-image-preview":"max-image-preview:large","max-video-preview":"max-video-preview:-1"},"canonical":"https:\/\/diarieducacio.cat\/ullalmon\/2024\/09\/02\/lescola-supervivent-a-orion-una-historia-de-resistencia-i-pedagogia\/","og_locale":"ca_ES","og_type":"article","og_title":"L'escola supervivent a Ori\u00f3n: una hist\u00f2ria de resist\u00e8ncia i pedagogia - Ull al m\u00f3n","og_description":"Em reben el director, Manuel Antonio L\u00f3pez Ram\u00edrez, i el professor Carlos Arturo Jaramillo. Arribo en el moment exacte al millor lloc per con\u00e8ixer qualsevol comunitat educativa: l&#8217;esbarjo. Nenes i nens juguen junts amb cordes i pilotes envoltats de grafitis que donen la pista. Els murs d&#8217;aquest col\u00b7legi s&#8217;erigeixen sobre la mem\u00f2ria hist\u00f2rica i la","og_url":"https:\/\/diarieducacio.cat\/ullalmon\/2024\/09\/02\/lescola-supervivent-a-orion-una-historia-de-resistencia-i-pedagogia\/","og_site_name":"Ull al m\u00f3n","article_published_time":"2024-09-01T23:01:57+00:00","og_image":[{"width":1024,"height":768,"url":"https:\/\/diarieducacio.cat\/ullalmon\/wp-content\/uploads\/sites\/2\/2024\/08\/IMG_47591.jpg","type":"image\/jpeg"}],"author":"Cristina Segovia","twitter_card":"summary_large_image","twitter_misc":{"Escrit per":"Cristina Segovia","Temps estimat de lectura":"4 minuts"},"schema":{"@context":"https:\/\/schema.org","@graph":[{"@type":"Article","@id":"https:\/\/diarieducacio.cat\/ullalmon\/2024\/09\/02\/lescola-supervivent-a-orion-una-historia-de-resistencia-i-pedagogia\/#article","isPartOf":{"@id":"https:\/\/diarieducacio.cat\/ullalmon\/2024\/09\/02\/lescola-supervivent-a-orion-una-historia-de-resistencia-i-pedagogia\/"},"author":{"name":"Cristina Segovia","@id":"https:\/\/diarieducacio.cat\/ullalmon\/#\/schema\/person\/f841da35b66b48dc25bb5e440d520e8d"},"headline":"L&#8217;escola supervivent a Ori\u00f3n: una hist\u00f2ria de resist\u00e8ncia i pedagogia","datePublished":"2024-09-01T23:01:57+00:00","mainEntityOfPage":{"@id":"https:\/\/diarieducacio.cat\/ullalmon\/2024\/09\/02\/lescola-supervivent-a-orion-una-historia-de-resistencia-i-pedagogia\/"},"wordCount":887,"commentCount":0,"image":{"@id":"https:\/\/diarieducacio.cat\/ullalmon\/2024\/09\/02\/lescola-supervivent-a-orion-una-historia-de-resistencia-i-pedagogia\/#primaryimage"},"thumbnailUrl":"https:\/\/diarieducacio.cat\/ullalmon\/wp-content\/uploads\/sites\/2\/2024\/08\/IMG_47591.jpg","keywords":["col\u00f2mbia"],"articleSection":["General"],"inLanguage":"ca","potentialAction":[{"@type":"CommentAction","name":"Comment","target":["https:\/\/diarieducacio.cat\/ullalmon\/2024\/09\/02\/lescola-supervivent-a-orion-una-historia-de-resistencia-i-pedagogia\/#respond"]}]},{"@type":"WebPage","@id":"https:\/\/diarieducacio.cat\/ullalmon\/2024\/09\/02\/lescola-supervivent-a-orion-una-historia-de-resistencia-i-pedagogia\/","url":"https:\/\/diarieducacio.cat\/ullalmon\/2024\/09\/02\/lescola-supervivent-a-orion-una-historia-de-resistencia-i-pedagogia\/","name":"L'escola supervivent a Ori\u00f3n: una hist\u00f2ria de resist\u00e8ncia i pedagogia - Ull al m\u00f3n","isPartOf":{"@id":"https:\/\/diarieducacio.cat\/ullalmon\/#website"},"primaryImageOfPage":{"@id":"https:\/\/diarieducacio.cat\/ullalmon\/2024\/09\/02\/lescola-supervivent-a-orion-una-historia-de-resistencia-i-pedagogia\/#primaryimage"},"image":{"@id":"https:\/\/diarieducacio.cat\/ullalmon\/2024\/09\/02\/lescola-supervivent-a-orion-una-historia-de-resistencia-i-pedagogia\/#primaryimage"},"thumbnailUrl":"https:\/\/diarieducacio.cat\/ullalmon\/wp-content\/uploads\/sites\/2\/2024\/08\/IMG_47591.jpg","datePublished":"2024-09-01T23:01:57+00:00","author":{"@id":"https:\/\/diarieducacio.cat\/ullalmon\/#\/schema\/person\/f841da35b66b48dc25bb5e440d520e8d"},"breadcrumb":{"@id":"https:\/\/diarieducacio.cat\/ullalmon\/2024\/09\/02\/lescola-supervivent-a-orion-una-historia-de-resistencia-i-pedagogia\/#breadcrumb"},"inLanguage":"ca","potentialAction":[{"@type":"ReadAction","target":["https:\/\/diarieducacio.cat\/ullalmon\/2024\/09\/02\/lescola-supervivent-a-orion-una-historia-de-resistencia-i-pedagogia\/"]}]},{"@type":"ImageObject","inLanguage":"ca","@id":"https:\/\/diarieducacio.cat\/ullalmon\/2024\/09\/02\/lescola-supervivent-a-orion-una-historia-de-resistencia-i-pedagogia\/#primaryimage","url":"https:\/\/diarieducacio.cat\/ullalmon\/wp-content\/uploads\/sites\/2\/2024\/08\/IMG_47591.jpg","contentUrl":"https:\/\/diarieducacio.cat\/ullalmon\/wp-content\/uploads\/sites\/2\/2024\/08\/IMG_47591.jpg","width":1024,"height":768,"caption":"Nens jugant al pati de l'escola envoltats de lemes combatius | Cristina Segovia"},{"@type":"BreadcrumbList","@id":"https:\/\/diarieducacio.cat\/ullalmon\/2024\/09\/02\/lescola-supervivent-a-orion-una-historia-de-resistencia-i-pedagogia\/#breadcrumb","itemListElement":[{"@type":"ListItem","position":1,"name":"Inici","item":"https:\/\/diarieducacio.cat\/ullalmon\/"},{"@type":"ListItem","position":2,"name":"L&#8217;escola supervivent a Ori\u00f3n: una hist\u00f2ria de resist\u00e8ncia i pedagogia"}]},{"@type":"WebSite","@id":"https:\/\/diarieducacio.cat\/ullalmon\/#website","url":"https:\/\/diarieducacio.cat\/ullalmon\/","name":"Ull al m\u00f3n","description":"Un blog de El Diari de l&#039;Educaci\u00f3","potentialAction":[{"@type":"SearchAction","target":{"@type":"EntryPoint","urlTemplate":"https:\/\/diarieducacio.cat\/ullalmon\/?s={search_term_string}"},"query-input":{"@type":"PropertyValueSpecification","valueRequired":true,"valueName":"search_term_string"}}],"inLanguage":"ca"},{"@type":"Person","@id":"https:\/\/diarieducacio.cat\/ullalmon\/#\/schema\/person\/f841da35b66b48dc25bb5e440d520e8d","name":"Cristina Segovia","image":{"@type":"ImageObject","inLanguage":"ca","@id":"https:\/\/secure.gravatar.com\/avatar\/557b92547331fa66e33be5b5d4fb298e08a0082f6176562adaa49079b254d1a8?s=96&d=mm&r=g","url":"https:\/\/secure.gravatar.com\/avatar\/557b92547331fa66e33be5b5d4fb298e08a0082f6176562adaa49079b254d1a8?s=96&d=mm&r=g","contentUrl":"https:\/\/secure.gravatar.com\/avatar\/557b92547331fa66e33be5b5d4fb298e08a0082f6176562adaa49079b254d1a8?s=96&d=mm&r=g","caption":"Cristina Segovia"},"url":"https:\/\/diarieducacio.cat\/ullalmon\/author\/csegovia\/"}]}},"_links":{"self":[{"href":"https:\/\/diarieducacio.cat\/ullalmon\/wp-json\/wp\/v2\/posts\/1974","targetHints":{"allow":["GET"]}}],"collection":[{"href":"https:\/\/diarieducacio.cat\/ullalmon\/wp-json\/wp\/v2\/posts"}],"about":[{"href":"https:\/\/diarieducacio.cat\/ullalmon\/wp-json\/wp\/v2\/types\/post"}],"author":[{"embeddable":true,"href":"https:\/\/diarieducacio.cat\/ullalmon\/wp-json\/wp\/v2\/users\/1926"}],"replies":[{"embeddable":true,"href":"https:\/\/diarieducacio.cat\/ullalmon\/wp-json\/wp\/v2\/comments?post=1974"}],"version-history":[{"count":0,"href":"https:\/\/diarieducacio.cat\/ullalmon\/wp-json\/wp\/v2\/posts\/1974\/revisions"}],"wp:featuredmedia":[{"embeddable":true,"href":"https:\/\/diarieducacio.cat\/ullalmon\/wp-json\/wp\/v2\/media\/1975"}],"wp:attachment":[{"href":"https:\/\/diarieducacio.cat\/ullalmon\/wp-json\/wp\/v2\/media?parent=1974"}],"wp:term":[{"taxonomy":"category","embeddable":true,"href":"https:\/\/diarieducacio.cat\/ullalmon\/wp-json\/wp\/v2\/categories?post=1974"},{"taxonomy":"post_tag","embeddable":true,"href":"https:\/\/diarieducacio.cat\/ullalmon\/wp-json\/wp\/v2\/tags?post=1974"},{"taxonomy":"tipo","embeddable":true,"href":"https:\/\/diarieducacio.cat\/ullalmon\/wp-json\/wp\/v2\/tipo?post=1974"}],"curies":[{"name":"wp","href":"https:\/\/api.w.org\/{rel}","templated":true}]}}