{"id":2035,"date":"2025-04-14T03:39:00","date_gmt":"2025-04-14T01:39:00","guid":{"rendered":"https:\/\/diarieducacio.cat\/ullalmon\/?p=2035"},"modified":"2025-04-11T18:12:02","modified_gmt":"2025-04-11T16:12:02","slug":"els-drets-de-les-persones-lgbt-a-europa-sestan-reduint","status":"publish","type":"post","link":"https:\/\/diarieducacio.cat\/ullalmon\/2025\/04\/14\/els-drets-de-les-persones-lgbt-a-europa-sestan-reduint\/","title":{"rendered":"Els drets de les persones LGBT+ a Europa s&#8217;estan reduint"},"content":{"rendered":"\n<p class=\"has-text-align-right\"><em>Aquesta informaci\u00f3 ha estat publicada anteriorment <a href=\"https:\/\/xqthenews.com\/es\/los-derechos-de-las-personas-lgbt-en-europa-se-estan-reduciendo\/\">a XQTheNews<\/a><\/em><\/p>\n\n\n\n<p>Als Estats Units, el retorn a l&#8217;escena pol\u00edtica de Donald Trump ha anat acompanyat de l&#8217;\u00e8xit d&#8217;una ret\u00f2rica cada cop m\u00e9s conservadora i retr\u00f2grada, hostil cap a totes les minories. empenyent-los a limitar els drets LGBT+ amb el pretext de defensar els \u00abvalors tradicionals\u00bb.<\/p>\n\n\n\n<p>Europa, que durant anys ha representat un far de progr\u00e9s en mat\u00e8ria de\u00a0<a href=\"https:\/\/xqthenews.com\/es\/glossary\/derechos-civiles\/\">drets civils<\/a>, es troba ara en una cru\u00eflla: cedir a la pressi\u00f3 dels moviments reaccionaris o reafirmar el seu paper de l\u00edder en la protecci\u00f3 de les llibertats fonamentals. No nom\u00e9s hi ha en joc el futur dels drets LGBT+, sin\u00f3 la pr\u00f2pia ra\u00f3 de ser de la Uni\u00f3 Europea. Analitzem amb m\u00e9s detall el que passa a It\u00e0lia, Portugal i Espanya.<\/p>\n\n\n\n<h2 class=\"wp-block-heading\"><strong>Espanya<\/strong><\/h2>\n\n\n\n<p>La Pen\u00ednsula Ib\u00e8rica \u00e9s considerada un dels pa\u00efsos m\u00e9s avan\u00e7ats d&#8217;Europa en mat\u00e8ria de drets de les persones LGBT+. Gr\u00e0cies a una legislaci\u00f3 progressista i a una societat relativament oberta, el pa\u00eds destaca pel reconeixement dels\u00a0<a href=\"https:\/\/xqthenews.com\/es\/glossary\/derechos-civiles\/\">drets civils<\/a>\u00a0i la protecci\u00f3 contra la discriminaci\u00f3. No obstant, no falten reptes i dificultats, sobretot pel que fa a la discriminaci\u00f3 social i la desigualtat econ\u00f2mica.<\/p>\n\n\n\n<p>Espanya va ser un dels primers pa\u00efsos del m\u00f3n a legalitzar el matrimoni entre persones del mateix sexe el 2005, sota el govern socialista de Jos\u00e9 Luis Rodr\u00edguez Zapatero. Aquesta llei va garantir a les parelles homosexuals els mateixos drets i deures que les parelles heterosexuals, inclosa la possibilitat d&#8217;adoptar nens. A m\u00e9s, el 2007 es va introduir una llei que facilita el canvi de g\u00e8nere als documents oficials sense necessitat d&#8217;intervenci\u00f3 quir\u00fargica, un pas fonamental per al reconeixement de la identitat de les persones transg\u00e8nere.<\/p>\n\n\n\n<p>El 2023, el govern espanyol va aprovar una nova llei de drets de les persones trans, que va introduir l&#8217;<a href=\"https:\/\/xqthenews.com\/es\/glossary\/autodeterminacion-de-genero\/\">autodeterminaci\u00f3 de g\u00e8nere<\/a>\u00a0per a persones m\u00e9s grans de 16 anys i va reduir les barreres burocr\u00e0tiques per al reconeixement legal de la identitat de g\u00e8nere. Aquesta normativa ha suscitat debats fins i tot dins de la comunitat feminista, per\u00f2 ha suposat un aven\u00e7 significatiu al panorama legislatiu europeu.<\/p>\n\n\n\n<p>La pol\u00edtica espanyola ha mostrat un fort comprom\u00eds amb els drets de les persones homosexuals, sobretot gr\u00e0cies als governs socialistes (PSOE) i a l&#8217;alian\u00e7a amb formacions progressistes com ara Podem. Tot i aix\u00f2, l&#8217;ascens de la ultradreta\u00a0<a href=\"https:\/\/xqthenews.com\/es\/glossary\/vox\/\">Vox<\/a>\u00a0ha introdu\u00eft un discurs m\u00e9s conservador i cr\u00edtic amb les\u00a0<a href=\"https:\/\/xqthenews.com\/es\/glossary\/politicas-de-genero\/\">pol\u00edtiques de g\u00e8nere<\/a>\u00a0i els drets LGBT+.\u00a0<a href=\"https:\/\/xqthenews.com\/es\/glossary\/vox\/\">Vox<\/a>\u00a0ha intentat limitar l&#8217;educaci\u00f3 per a la inclusi\u00f3 a les escoles i ha criticat diverses vegades les lleis contra la discriminaci\u00f3, promovent una visi\u00f3 m\u00e9s tradicionalista de la societat.<\/p>\n\n\n\n<p>Tot i aix\u00f2, les grans ciutats com Madrid i Barcelona acullen esdeveniments importants com l&#8217;Orgull, que atrau milions de persones i representa un moment clau per a la visibilitat de la comunitat LGBT+.<\/p>\n\n\n\n<p>Per\u00f2 la situaci\u00f3 no \u00e9s tot color de rosa. En els darrers anys s&#8217;ha registrat un augment de les agressions homof\u00f2biques i transf\u00f2biques, degut tamb\u00e9 a la creixent polaritzaci\u00f3 pol\u00edtica i a la ret\u00f2rica anti-woke difosa per alguns sectors de la societat.<\/p>\n\n\n\n<h2 class=\"wp-block-heading\"><strong>It\u00e0lia<\/strong><\/h2>\n\n\n\n<p>El \u00abBel Paese\u00bb est\u00e0 molt endarrerit en mat\u00e8ria de\u00a0drets civils\u00a0<a href=\"https:\/\/xqthenews.com\/es\/glossary\/derechos-civiles\/\">en\u00a0<\/a><a href=\"https:\/\/rainbowmap.ilga-europe.org\/\">comparaci\u00f3<\/a>\u00a0amb altres pa\u00efsos europeus, tant per motius de resist\u00e8ncia pol\u00edtica com per rigidesa cultural i religiosa.\u00a0Les dades no es limiten a l&#8217;\u00e0mbit jur\u00eddic, sin\u00f3 que analitzen la vida quotidiana de les persones, posant de manifest violacions i discriminacions tant a nivell social com jur\u00eddic.<\/p>\n\n\n\n<p>D&#8217;altra banda, nom\u00e9s el 2016 el Parlament itali\u00e0 va introduir una forma d&#8217;<a href=\"https:\/\/xqthenews.com\/es\/glossary\/union-civil\/\">uni\u00f3 civil<\/a>\u00a0per a parelles homosexuals que, tot i aix\u00f2, \u00e9s poc m\u00e9s que un tr\u00e0mit\u00a0<a href=\"https:\/\/xqthenews.com\/es\/glossary\/burocratico\/\">burocr\u00e0tic<\/a>\u00a0i de registre, sense possibilitat d&#8217;equiparaci\u00f3 amb el matrimoni entre home i dona. Per tant, les parelles del mateix sexe no poden adoptar conjuntament un nen. La\u00a0<a href=\"https:\/\/xqthenews.com\/es\/glossary\/gestacion-subrogada\/\">gestaci\u00f3 subrogada<\/a>\u00a0tamb\u00e9 est\u00e0 prohibida per llei, cosa que la primera ministra Giorgia Meloni ha arribat a definir com un \u00abdelicte universal\u00bb. Fins i tot el reconeixement mutu dels fills de la parella a les parelles homoparentals es veu obstaculitzat de totes les formes possibles.<\/p>\n\n\n\n<p>Pel que fa a les persones transg\u00e8nere, una norma del 1982 permet la rectificaci\u00f3 del g\u00e8nere al registre civil, per\u00f2 nom\u00e9s despr\u00e9s d&#8217;un proc\u00e9s m\u00e8dic, psiqui\u00e0tric i judicial molt llarg i complex, ja que a It\u00e0lia no hi ha una normativa clara que protegeixi les persones no bin\u00e0ries o que reconegui la identitat de g\u00e8nere fora de la dicotomia home\/dona.<\/p>\n\n\n\n<p>La prevenci\u00f3 de la discriminaci\u00f3 i la viol\u00e8ncia hom\u00f2foba tamb\u00e9 est\u00e0 molt endarrerida, ja que no hi ha una llei espec\u00edfica. L&#8217;\u00fanic intent realitzat pel Parlament (l&#8217;anomenat DDL Zan) va ser rebutjat el 2021. El resultat \u00e9s un augment dram\u00e0tic de les agressions a persones homosexuals i transg\u00e8nere, dels actes d&#8217;assetjament entre menors i dels su\u00efcidis com a conseq\u00fc\u00e8ncia de l&#8217;homof\u00f2bia.<\/p>\n\n\n\n<p>Segons una\u00a0<a href=\"https:\/\/www.univrmagazine.it\/2024\/05\/23\/lopinione-pubblica-italiana-e-i-temi-lgbt\/\">investigaci\u00f3 titulada \u00abL&#8217;opini\u00f3 p\u00fablica italiana i els drets LGBT+\u00bb, realitzada per la Universitat de Verona i la Universitat de Pavia<\/a>, la societat italiana sembla dividida al voltant de diversos temes relacionats amb els drets LGBT. Les dades revelen que m\u00e9s de la meitat dels enquestats (53,9%) reconeix que les persones gais, lesbianes i bisexuals s\u00f3n objecte de discriminaci\u00f3, mentre que un ter\u00e7 de la mostra (31,8%) minimitza el problema. Pel que fa a les persones transg\u00e8nere i no bin\u00e0ries, la percepci\u00f3 de la discriminaci\u00f3 \u00e9s encara m\u00e9s marcada. Pel que fa a les\u00a0<a href=\"https:\/\/xqthenews.com\/es\/glossary\/familias-homoparentales\/\">fam\u00edlies homoparentals<\/a>\u00a0i al matrimoni igualitari, sorgeixen divisions significatives. El 83,4% dels italians reconeix les unions entre persones del mateix sexe, per\u00f2 nom\u00e9s el 56,8% est\u00e0 a favor del matrimoni igualitari, mentre que el 26,6% preferiria mantenir nom\u00e9s les unions civils. Una minoria del 6,6% s&#8217;oposa a qualsevol reconeixement legal de les parelles homosexuals. A m\u00e9s, el 57,6% considera que les fam\u00edlies arc de Sant Mart\u00ed s\u00f3n iguals a les heterosexuals, mentre que el 28,3% creu que la fam\u00edlia ha d&#8217;estar composta exclusivament per un home i una dona. La majoria dels enquestats tamb\u00e9 es mostren a favor del dret a l&#8217;adopci\u00f3 per part de parelles del mateix sexe.<\/p>\n\n\n\n<p>Un altre tema crucial \u00e9s el de la paternitat i les t\u00e8cniques de reproducci\u00f3 assistida. Els italians es mostren favorables a la reproducci\u00f3 assistida, per\u00f2 amb reserves: gaireb\u00e9 un ter\u00e7 hi dona suport nom\u00e9s si est\u00e0 destinada a parelles heterosexuals o dones solteres, mentre que nega aquesta possibilitat a les parelles de lesbianes. Pel que fa a la\u00a0<a href=\"https:\/\/xqthenews.com\/es\/glossary\/gestacion-subrogada\/\">gestaci\u00f3 subrogada<\/a>, el 38,5% es declara en contra, mentre que el 37,3% est\u00e0 a favor, per\u00f2 amb una forta prefer\u00e8ncia pel seu \u00fas per part de parelles heterosexuals.<\/p>\n\n\n\n<p>La societat italiana sembla estar dividida, amb una gran difer\u00e8ncia entre les grans ciutats i les\u00a0<a href=\"https:\/\/xqthenews.com\/es\/glossary\/zonas-rurales\/\">zones rurals<\/a>, i entre el sud i el nord. En un poble del sud, \u00e9s f\u00e0cil trobar-se amb episodis de viol\u00e8ncia o discriminaci\u00f3; per\u00f2 per a les associacions arc de Sant Mart\u00ed, les agressions homof\u00f2biques i transf\u00f2biques estan augmentant a tot It\u00e0lia, a causa d&#8217;un clima medi\u00e0tic ple de prejudicis i estereotips i del greu retard de l&#8217;escola p\u00fablica, on es registra l&#8217;abs\u00e8ncia total de cursos d&#8217;educaci\u00f3 sexual i afectiva.<\/p>\n\n\n\n<p>Tamb\u00e9 en l&#8217;\u00e0mbit laboral, les persones LGBT+ poden continuar patint discriminaci\u00f3, sobretot a les petites empreses i als contextos m\u00e9s tradicionalistes, entre altres coses perqu\u00e8, com s&#8217;ha dit, no hi ha una llei que protegeixi expl\u00edcitament els treballadors LGBT+ de la discriminaci\u00f3.<\/p>\n\n\n\n<h2 class=\"wp-block-heading\"><strong>Portugal<\/strong><\/h2>\n\n\n\n<p>El pa\u00eds lusit\u00e0 \u00e9s un dels m\u00e9s progressistes d&#8217;Europa pel que fa als drets de les persones LGBT+ gr\u00e0cies a un marc legislatiu avan\u00e7at i a un fort comprom\u00eds de les institucions en la protecci\u00f3 de la comunitat. Portugal va legalitzar el matrimoni entre persones del mateix sexe el 2010, garantint la igualtat de drets a les parelles homosexuals, inclosa la possibilitat d&#8217;adoptar nens a partir del 2016. A m\u00e9s, ha introdu\u00eft una de les legislacions m\u00e9s avan\u00e7ades del m\u00f3n per a les persones transg\u00e8nere: des del 2018, \u00e9s possible canviar el g\u00e8nere en els documents sense necessitat d&#8217;intervencions autodeterminaci\u00f3.<\/p>\n\n\n\n<p>Les lleis contra la discriminaci\u00f3 tamb\u00e9 es troben entre les m\u00e9s avan\u00e7ades, ja que prohibeixen expl\u00edcitament qualsevol desigualtat basada en l&#8217;orientaci\u00f3 sexual i la identitat de g\u00e8nere en l&#8217;\u00e0mbit laboral, sanitari i educatiu.<\/p>\n\n\n\n<p>Des del punt de vista tur\u00edstic, Portugal \u00e9s una de les destinacions m\u00e9s acollidores per a la comunitat LGBT+, amb esdeveniments com l&#8217;Orgull de Lisboa i l&#8217;Orgull de Porto que atrauen milers de persones cada any. Tamb\u00e9 a nivell laboral, les empreses m\u00e9s grans adopten pol\u00edtiques inclusives; mentre que a les petites empreses i a les\u00a0<a href=\"https:\/\/xqthenews.com\/es\/glossary\/zonas-rurales\/\">zones rurals<\/a>\u00a0persisteixen les dificultats, especialment per a les persones obertament transg\u00e8nere.<\/p>\n\n\n\n<p>En un context global molt evolucionat, ha causat gran consternaci\u00f3 la recent mesura del govern de centredreta de Portugal que, en greus dificultats pol\u00edtiques i prop de la conclusi\u00f3 anticipada de la legislatura despr\u00e9s de menys d&#8217;un any, va decidir\u00a0<a href=\"https:\/\/cnnportugal.iol.pt\/o-direito-a-ser-nas-escolas\/identidade-de-genero\/direita-aprova-retirada-do-guia-que-promove-identidade-e-expressao-de-genero-nas-escolas\/20250228\/67c1d34bd34ef72ee442e36b\">anul\u00b7lar la circular ministerial sobre \u00abDrets de g\u00e8nere a les escoles\u00bb emesa el 2023.<\/a>\u00a0La mesura, redactada conjuntament per la Comissi\u00f3 per a la Ciutadania i la Igualtat de G\u00e8nere i el Ministeri d&#8217;Educaci\u00f3, tenia la intenci\u00f3 de proporcionar \u00abdirectrius per al personal escolar i no escolar cap a una escola m\u00e9s inclusiva\u00bb, recomanacions com el respecte del nom elegit per l&#8217;estudiant en totes les activitats escolars i extraescolars, l&#8217;acc\u00e9s segur als serveis higi\u00e8nics i vestuaris d&#8217;acord amb la identitat de g\u00e8nere, respecte de la privadesa dels individus respecte a les seves fam\u00edlies, obligaci\u00f3 de denunciar situacions de viol\u00e8ncia o maltractament relacionades amb l&#8217;orientaci\u00f3 sexual o la identitat de g\u00e8nere o maltractament. En el moment de la publicaci\u00f3 de la circular, el govern estava dirigit per l&#8217;esquerra sota el lideratge d&#8217;Antonio Costa, actual president del Consell Europeu.<\/p>\n\n\n\n<p>Amb la derogaci\u00f3 de la norma, la identitat de g\u00e8nere de l&#8217;estudiant ja no es tindr\u00e0 en compte a les comunicacions oficials, que continuaran utilitzant el nom de naixement. Els nois i les noies que se sentin diferents corren el risc que els seus drets a la intimitat es vegin limitats a partir d&#8217;ara.<\/p>\n\n\n\n<p>La decisi\u00f3 est\u00e0 causant un gran enrenou en un dels pa\u00efsos m\u00e9s&nbsp;<em>gai-friendly<\/em>&nbsp;del m\u00f3n, on els&nbsp;<a href=\"https:\/\/xqthenews.com\/es\/glossary\/derechos-civiles\/\">drets civils<\/a>&nbsp;han estat \u00e0mpliament reconeguts despr\u00e9s de la fi de la dictadura de Salazar.<\/p>\n\n\n\n<p>Segons la investigaci\u00f3\u00a0<a href=\"https:\/\/rtvc.es\/mas-de-280-000-personas-lgtbi-sufrieron-agresiones-por-su-condicion-sexual-en-los-ultimos-cinco-anos\/\">LGTBI+ State de 2023 de la Federaci\u00f3 LGTBI+ State<\/a>, en els \u00faltims 5 anys m\u00e9s de 280.000 persones LGBTI han patit agressions per la seva orientaci\u00f3 sexual. Una xifra que contrasta amb les dades oficials, que estimen al 1.551 el nombre de delictes d&#8217;odi contra aquest col\u00b7lectiu els \u00faltims cinc anys. Aix\u00f2 s&#8217;explica pel fet que, com indica la federaci\u00f3, nom\u00e9s el 20% dels delictes es denuncien, per la qual cosa s\u00f3n moltes les experi\u00e8ncies viscudes per les persones LGTBIQ+ que no apareixen a les dades oficials.<\/p>\n\n\n\n<p>Per tant, cal no abaixar la gu\u00e0rdia i continuar promovent mesures per afavorir la inclusi\u00f3 laboral i social de les persones LGBT+, amb incentius per a les empreses que adoptin pol\u00edtiques inclusives i programes de suport a les persones transg\u00e8nere a la recerca de feina.<\/p>\n","protected":false},"excerpt":{"rendered":"<p>Aquesta informaci\u00f3 ha estat publicada anteriorment a XQTheNews Als Estats Units, el retorn a l&#8217;escena pol\u00edtica de Donald Trump ha anat acompanyat de l&#8217;\u00e8xit d&#8217;una ret\u00f2rica cada cop m\u00e9s conservadora i retr\u00f2grada, hostil cap a totes les minories. empenyent-los a limitar els drets LGBT+ amb el pretext de defensar els \u00abvalors tradicionals\u00bb. Europa, que durant<\/p>\n","protected":false},"author":2001,"featured_media":2036,"comment_status":"open","ping_status":"open","sticky":false,"template":"","format":"standard","meta":{"footnotes":""},"categories":[115],"tags":[136],"tipo":[103],"class_list":{"0":"post-2035","1":"post","2":"type-post","3":"status-publish","4":"format-standard","5":"has-post-thumbnail","7":"category-reportatge","8":"tag-lgtb","9":"tipo-reportatge"},"yoast_head":"<!-- This site is optimized with the Yoast SEO plugin v27.5 - https:\/\/yoast.com\/product\/yoast-seo-wordpress\/ -->\n<title>Els drets de les persones LGBT+ a Europa s&#039;estan reduint - Ull al m\u00f3n<\/title>\n<meta name=\"robots\" content=\"index, follow, max-snippet:-1, max-image-preview:large, max-video-preview:-1\" \/>\n<link rel=\"canonical\" href=\"https:\/\/diarieducacio.cat\/ullalmon\/2025\/04\/14\/els-drets-de-les-persones-lgbt-a-europa-sestan-reduint\/\" \/>\n<meta property=\"og:locale\" content=\"ca_ES\" \/>\n<meta property=\"og:type\" content=\"article\" \/>\n<meta property=\"og:title\" content=\"Els drets de les persones LGBT+ a Europa s&#039;estan reduint - Ull al m\u00f3n\" \/>\n<meta property=\"og:description\" content=\"Aquesta informaci\u00f3 ha estat publicada anteriorment a XQTheNews Als Estats Units, el retorn a l&#8217;escena pol\u00edtica de Donald Trump ha anat acompanyat de l&#8217;\u00e8xit d&#8217;una ret\u00f2rica cada cop m\u00e9s conservadora i retr\u00f2grada, hostil cap a totes les minories. empenyent-los a limitar els drets LGBT+ amb el pretext de defensar els \u00abvalors tradicionals\u00bb. Europa, que durant\" \/>\n<meta property=\"og:url\" content=\"https:\/\/diarieducacio.cat\/ullalmon\/2025\/04\/14\/els-drets-de-les-persones-lgbt-a-europa-sestan-reduint\/\" \/>\n<meta property=\"og:site_name\" content=\"Ull al m\u00f3n\" \/>\n<meta property=\"article:published_time\" content=\"2025-04-14T01:39:00+00:00\" \/>\n<meta property=\"og:image\" content=\"https:\/\/diarieducacio.cat\/ullalmon\/wp-content\/uploads\/sites\/2\/2025\/04\/Portada-4-1536x1024-1-1200x800-1.jpg\" \/>\n\t<meta property=\"og:image:width\" content=\"1200\" \/>\n\t<meta property=\"og:image:height\" content=\"800\" \/>\n\t<meta property=\"og:image:type\" content=\"image\/jpeg\" \/>\n<meta name=\"author\" content=\"Mario Maffei\" \/>\n<meta name=\"twitter:card\" content=\"summary_large_image\" \/>\n<meta name=\"twitter:label1\" content=\"Escrit per\" \/>\n\t<meta name=\"twitter:data1\" content=\"Mario Maffei\" \/>\n\t<meta name=\"twitter:label2\" content=\"Temps estimat de lectura\" \/>\n\t<meta name=\"twitter:data2\" content=\"10 minuts\" \/>\n<script type=\"application\/ld+json\" class=\"yoast-schema-graph\">{\"@context\":\"https:\\\/\\\/schema.org\",\"@graph\":[{\"@type\":\"Article\",\"@id\":\"https:\\\/\\\/diarieducacio.cat\\\/ullalmon\\\/2025\\\/04\\\/14\\\/els-drets-de-les-persones-lgbt-a-europa-sestan-reduint\\\/#article\",\"isPartOf\":{\"@id\":\"https:\\\/\\\/diarieducacio.cat\\\/ullalmon\\\/2025\\\/04\\\/14\\\/els-drets-de-les-persones-lgbt-a-europa-sestan-reduint\\\/\"},\"author\":{\"name\":\"Mario Maffei\",\"@id\":\"https:\\\/\\\/diarieducacio.cat\\\/ullalmon\\\/#\\\/schema\\\/person\\\/5d372b97d7073ff6f79f732e2708c2ac\"},\"headline\":\"Els drets de les persones LGBT+ a Europa s&#8217;estan reduint\",\"datePublished\":\"2025-04-14T01:39:00+00:00\",\"mainEntityOfPage\":{\"@id\":\"https:\\\/\\\/diarieducacio.cat\\\/ullalmon\\\/2025\\\/04\\\/14\\\/els-drets-de-les-persones-lgbt-a-europa-sestan-reduint\\\/\"},\"wordCount\":1992,\"commentCount\":1,\"image\":{\"@id\":\"https:\\\/\\\/diarieducacio.cat\\\/ullalmon\\\/2025\\\/04\\\/14\\\/els-drets-de-les-persones-lgbt-a-europa-sestan-reduint\\\/#primaryimage\"},\"thumbnailUrl\":\"https:\\\/\\\/diarieducacio.cat\\\/ullalmon\\\/wp-content\\\/uploads\\\/sites\\\/2\\\/2025\\\/04\\\/Portada-4-1536x1024-1-1200x800-1.jpg\",\"keywords\":[\"lgtb+\"],\"articleSection\":[\"Reportatge\"],\"inLanguage\":\"ca\",\"potentialAction\":[{\"@type\":\"CommentAction\",\"name\":\"Comment\",\"target\":[\"https:\\\/\\\/diarieducacio.cat\\\/ullalmon\\\/2025\\\/04\\\/14\\\/els-drets-de-les-persones-lgbt-a-europa-sestan-reduint\\\/#respond\"]}]},{\"@type\":\"WebPage\",\"@id\":\"https:\\\/\\\/diarieducacio.cat\\\/ullalmon\\\/2025\\\/04\\\/14\\\/els-drets-de-les-persones-lgbt-a-europa-sestan-reduint\\\/\",\"url\":\"https:\\\/\\\/diarieducacio.cat\\\/ullalmon\\\/2025\\\/04\\\/14\\\/els-drets-de-les-persones-lgbt-a-europa-sestan-reduint\\\/\",\"name\":\"Els drets de les persones LGBT+ a Europa s'estan reduint - Ull al m\u00f3n\",\"isPartOf\":{\"@id\":\"https:\\\/\\\/diarieducacio.cat\\\/ullalmon\\\/#website\"},\"primaryImageOfPage\":{\"@id\":\"https:\\\/\\\/diarieducacio.cat\\\/ullalmon\\\/2025\\\/04\\\/14\\\/els-drets-de-les-persones-lgbt-a-europa-sestan-reduint\\\/#primaryimage\"},\"image\":{\"@id\":\"https:\\\/\\\/diarieducacio.cat\\\/ullalmon\\\/2025\\\/04\\\/14\\\/els-drets-de-les-persones-lgbt-a-europa-sestan-reduint\\\/#primaryimage\"},\"thumbnailUrl\":\"https:\\\/\\\/diarieducacio.cat\\\/ullalmon\\\/wp-content\\\/uploads\\\/sites\\\/2\\\/2025\\\/04\\\/Portada-4-1536x1024-1-1200x800-1.jpg\",\"datePublished\":\"2025-04-14T01:39:00+00:00\",\"author\":{\"@id\":\"https:\\\/\\\/diarieducacio.cat\\\/ullalmon\\\/#\\\/schema\\\/person\\\/5d372b97d7073ff6f79f732e2708c2ac\"},\"breadcrumb\":{\"@id\":\"https:\\\/\\\/diarieducacio.cat\\\/ullalmon\\\/2025\\\/04\\\/14\\\/els-drets-de-les-persones-lgbt-a-europa-sestan-reduint\\\/#breadcrumb\"},\"inLanguage\":\"ca\",\"potentialAction\":[{\"@type\":\"ReadAction\",\"target\":[\"https:\\\/\\\/diarieducacio.cat\\\/ullalmon\\\/2025\\\/04\\\/14\\\/els-drets-de-les-persones-lgbt-a-europa-sestan-reduint\\\/\"]}]},{\"@type\":\"ImageObject\",\"inLanguage\":\"ca\",\"@id\":\"https:\\\/\\\/diarieducacio.cat\\\/ullalmon\\\/2025\\\/04\\\/14\\\/els-drets-de-les-persones-lgbt-a-europa-sestan-reduint\\\/#primaryimage\",\"url\":\"https:\\\/\\\/diarieducacio.cat\\\/ullalmon\\\/wp-content\\\/uploads\\\/sites\\\/2\\\/2025\\\/04\\\/Portada-4-1536x1024-1-1200x800-1.jpg\",\"contentUrl\":\"https:\\\/\\\/diarieducacio.cat\\\/ullalmon\\\/wp-content\\\/uploads\\\/sites\\\/2\\\/2025\\\/04\\\/Portada-4-1536x1024-1-1200x800-1.jpg\",\"width\":1200,\"height\":800,\"caption\":\"Europa es troba en una cru\u00eflla: cedir a la pressi\u00f3 dels moviments reaccionaris o reafirmar-ne el paper en la protecci\u00f3 de les llibertats fonamentals | Depositphotos.com\"},{\"@type\":\"BreadcrumbList\",\"@id\":\"https:\\\/\\\/diarieducacio.cat\\\/ullalmon\\\/2025\\\/04\\\/14\\\/els-drets-de-les-persones-lgbt-a-europa-sestan-reduint\\\/#breadcrumb\",\"itemListElement\":[{\"@type\":\"ListItem\",\"position\":1,\"name\":\"Inici\",\"item\":\"https:\\\/\\\/diarieducacio.cat\\\/ullalmon\\\/\"},{\"@type\":\"ListItem\",\"position\":2,\"name\":\"Els drets de les persones LGBT+ a Europa s&#8217;estan reduint\"}]},{\"@type\":\"WebSite\",\"@id\":\"https:\\\/\\\/diarieducacio.cat\\\/ullalmon\\\/#website\",\"url\":\"https:\\\/\\\/diarieducacio.cat\\\/ullalmon\\\/\",\"name\":\"Ull al m\u00f3n\",\"description\":\"Un blog de El Diari de l&#039;Educaci\u00f3\",\"potentialAction\":[{\"@type\":\"SearchAction\",\"target\":{\"@type\":\"EntryPoint\",\"urlTemplate\":\"https:\\\/\\\/diarieducacio.cat\\\/ullalmon\\\/?s={search_term_string}\"},\"query-input\":{\"@type\":\"PropertyValueSpecification\",\"valueRequired\":true,\"valueName\":\"search_term_string\"}}],\"inLanguage\":\"ca\"},{\"@type\":\"Person\",\"@id\":\"https:\\\/\\\/diarieducacio.cat\\\/ullalmon\\\/#\\\/schema\\\/person\\\/5d372b97d7073ff6f79f732e2708c2ac\",\"name\":\"Mario Maffei\",\"image\":{\"@type\":\"ImageObject\",\"inLanguage\":\"ca\",\"@id\":\"https:\\\/\\\/diarieducacio.cat\\\/wp-content\\\/uploads\\\/2025\\\/02\\\/mmaffei_avatar-96x96.jpeg\",\"url\":\"https:\\\/\\\/diarieducacio.cat\\\/wp-content\\\/uploads\\\/2025\\\/02\\\/mmaffei_avatar-96x96.jpeg\",\"contentUrl\":\"https:\\\/\\\/diarieducacio.cat\\\/wp-content\\\/uploads\\\/2025\\\/02\\\/mmaffei_avatar-96x96.jpeg\",\"caption\":\"Mario Maffei\"},\"description\":\"Periodista professional i divulgador m\u00e8dic-cient\u00edfic, i llicenciat en Economia per la Universitat Bocconi de Mil\u00e0, amb especialitzaci\u00f3 en m\u00e0rqueting sanitari. Professor de grau i postgrau. Conseller delegat de la cooperativa IdeaDinamica.\",\"url\":\"https:\\\/\\\/diarieducacio.cat\\\/ullalmon\\\/author\\\/mmaffei\\\/\"}]}<\/script>\n<!-- \/ Yoast SEO plugin. -->","yoast_head_json":{"title":"Els drets de les persones LGBT+ a Europa s'estan reduint - Ull al m\u00f3n","robots":{"index":"index","follow":"follow","max-snippet":"max-snippet:-1","max-image-preview":"max-image-preview:large","max-video-preview":"max-video-preview:-1"},"canonical":"https:\/\/diarieducacio.cat\/ullalmon\/2025\/04\/14\/els-drets-de-les-persones-lgbt-a-europa-sestan-reduint\/","og_locale":"ca_ES","og_type":"article","og_title":"Els drets de les persones LGBT+ a Europa s'estan reduint - Ull al m\u00f3n","og_description":"Aquesta informaci\u00f3 ha estat publicada anteriorment a XQTheNews Als Estats Units, el retorn a l&#8217;escena pol\u00edtica de Donald Trump ha anat acompanyat de l&#8217;\u00e8xit d&#8217;una ret\u00f2rica cada cop m\u00e9s conservadora i retr\u00f2grada, hostil cap a totes les minories. empenyent-los a limitar els drets LGBT+ amb el pretext de defensar els \u00abvalors tradicionals\u00bb. Europa, que durant","og_url":"https:\/\/diarieducacio.cat\/ullalmon\/2025\/04\/14\/els-drets-de-les-persones-lgbt-a-europa-sestan-reduint\/","og_site_name":"Ull al m\u00f3n","article_published_time":"2025-04-14T01:39:00+00:00","og_image":[{"width":1200,"height":800,"url":"https:\/\/diarieducacio.cat\/ullalmon\/wp-content\/uploads\/sites\/2\/2025\/04\/Portada-4-1536x1024-1-1200x800-1.jpg","type":"image\/jpeg"}],"author":"Mario Maffei","twitter_card":"summary_large_image","twitter_misc":{"Escrit per":"Mario Maffei","Temps estimat de lectura":"10 minuts"},"schema":{"@context":"https:\/\/schema.org","@graph":[{"@type":"Article","@id":"https:\/\/diarieducacio.cat\/ullalmon\/2025\/04\/14\/els-drets-de-les-persones-lgbt-a-europa-sestan-reduint\/#article","isPartOf":{"@id":"https:\/\/diarieducacio.cat\/ullalmon\/2025\/04\/14\/els-drets-de-les-persones-lgbt-a-europa-sestan-reduint\/"},"author":{"name":"Mario Maffei","@id":"https:\/\/diarieducacio.cat\/ullalmon\/#\/schema\/person\/5d372b97d7073ff6f79f732e2708c2ac"},"headline":"Els drets de les persones LGBT+ a Europa s&#8217;estan reduint","datePublished":"2025-04-14T01:39:00+00:00","mainEntityOfPage":{"@id":"https:\/\/diarieducacio.cat\/ullalmon\/2025\/04\/14\/els-drets-de-les-persones-lgbt-a-europa-sestan-reduint\/"},"wordCount":1992,"commentCount":1,"image":{"@id":"https:\/\/diarieducacio.cat\/ullalmon\/2025\/04\/14\/els-drets-de-les-persones-lgbt-a-europa-sestan-reduint\/#primaryimage"},"thumbnailUrl":"https:\/\/diarieducacio.cat\/ullalmon\/wp-content\/uploads\/sites\/2\/2025\/04\/Portada-4-1536x1024-1-1200x800-1.jpg","keywords":["lgtb+"],"articleSection":["Reportatge"],"inLanguage":"ca","potentialAction":[{"@type":"CommentAction","name":"Comment","target":["https:\/\/diarieducacio.cat\/ullalmon\/2025\/04\/14\/els-drets-de-les-persones-lgbt-a-europa-sestan-reduint\/#respond"]}]},{"@type":"WebPage","@id":"https:\/\/diarieducacio.cat\/ullalmon\/2025\/04\/14\/els-drets-de-les-persones-lgbt-a-europa-sestan-reduint\/","url":"https:\/\/diarieducacio.cat\/ullalmon\/2025\/04\/14\/els-drets-de-les-persones-lgbt-a-europa-sestan-reduint\/","name":"Els drets de les persones LGBT+ a Europa s'estan reduint - Ull al m\u00f3n","isPartOf":{"@id":"https:\/\/diarieducacio.cat\/ullalmon\/#website"},"primaryImageOfPage":{"@id":"https:\/\/diarieducacio.cat\/ullalmon\/2025\/04\/14\/els-drets-de-les-persones-lgbt-a-europa-sestan-reduint\/#primaryimage"},"image":{"@id":"https:\/\/diarieducacio.cat\/ullalmon\/2025\/04\/14\/els-drets-de-les-persones-lgbt-a-europa-sestan-reduint\/#primaryimage"},"thumbnailUrl":"https:\/\/diarieducacio.cat\/ullalmon\/wp-content\/uploads\/sites\/2\/2025\/04\/Portada-4-1536x1024-1-1200x800-1.jpg","datePublished":"2025-04-14T01:39:00+00:00","author":{"@id":"https:\/\/diarieducacio.cat\/ullalmon\/#\/schema\/person\/5d372b97d7073ff6f79f732e2708c2ac"},"breadcrumb":{"@id":"https:\/\/diarieducacio.cat\/ullalmon\/2025\/04\/14\/els-drets-de-les-persones-lgbt-a-europa-sestan-reduint\/#breadcrumb"},"inLanguage":"ca","potentialAction":[{"@type":"ReadAction","target":["https:\/\/diarieducacio.cat\/ullalmon\/2025\/04\/14\/els-drets-de-les-persones-lgbt-a-europa-sestan-reduint\/"]}]},{"@type":"ImageObject","inLanguage":"ca","@id":"https:\/\/diarieducacio.cat\/ullalmon\/2025\/04\/14\/els-drets-de-les-persones-lgbt-a-europa-sestan-reduint\/#primaryimage","url":"https:\/\/diarieducacio.cat\/ullalmon\/wp-content\/uploads\/sites\/2\/2025\/04\/Portada-4-1536x1024-1-1200x800-1.jpg","contentUrl":"https:\/\/diarieducacio.cat\/ullalmon\/wp-content\/uploads\/sites\/2\/2025\/04\/Portada-4-1536x1024-1-1200x800-1.jpg","width":1200,"height":800,"caption":"Europa es troba en una cru\u00eflla: cedir a la pressi\u00f3 dels moviments reaccionaris o reafirmar-ne el paper en la protecci\u00f3 de les llibertats fonamentals | Depositphotos.com"},{"@type":"BreadcrumbList","@id":"https:\/\/diarieducacio.cat\/ullalmon\/2025\/04\/14\/els-drets-de-les-persones-lgbt-a-europa-sestan-reduint\/#breadcrumb","itemListElement":[{"@type":"ListItem","position":1,"name":"Inici","item":"https:\/\/diarieducacio.cat\/ullalmon\/"},{"@type":"ListItem","position":2,"name":"Els drets de les persones LGBT+ a Europa s&#8217;estan reduint"}]},{"@type":"WebSite","@id":"https:\/\/diarieducacio.cat\/ullalmon\/#website","url":"https:\/\/diarieducacio.cat\/ullalmon\/","name":"Ull al m\u00f3n","description":"Un blog de El Diari de l&#039;Educaci\u00f3","potentialAction":[{"@type":"SearchAction","target":{"@type":"EntryPoint","urlTemplate":"https:\/\/diarieducacio.cat\/ullalmon\/?s={search_term_string}"},"query-input":{"@type":"PropertyValueSpecification","valueRequired":true,"valueName":"search_term_string"}}],"inLanguage":"ca"},{"@type":"Person","@id":"https:\/\/diarieducacio.cat\/ullalmon\/#\/schema\/person\/5d372b97d7073ff6f79f732e2708c2ac","name":"Mario Maffei","image":{"@type":"ImageObject","inLanguage":"ca","@id":"https:\/\/diarieducacio.cat\/wp-content\/uploads\/2025\/02\/mmaffei_avatar-96x96.jpeg","url":"https:\/\/diarieducacio.cat\/wp-content\/uploads\/2025\/02\/mmaffei_avatar-96x96.jpeg","contentUrl":"https:\/\/diarieducacio.cat\/wp-content\/uploads\/2025\/02\/mmaffei_avatar-96x96.jpeg","caption":"Mario Maffei"},"description":"Periodista professional i divulgador m\u00e8dic-cient\u00edfic, i llicenciat en Economia per la Universitat Bocconi de Mil\u00e0, amb especialitzaci\u00f3 en m\u00e0rqueting sanitari. Professor de grau i postgrau. Conseller delegat de la cooperativa IdeaDinamica.","url":"https:\/\/diarieducacio.cat\/ullalmon\/author\/mmaffei\/"}]}},"_links":{"self":[{"href":"https:\/\/diarieducacio.cat\/ullalmon\/wp-json\/wp\/v2\/posts\/2035","targetHints":{"allow":["GET"]}}],"collection":[{"href":"https:\/\/diarieducacio.cat\/ullalmon\/wp-json\/wp\/v2\/posts"}],"about":[{"href":"https:\/\/diarieducacio.cat\/ullalmon\/wp-json\/wp\/v2\/types\/post"}],"author":[{"embeddable":true,"href":"https:\/\/diarieducacio.cat\/ullalmon\/wp-json\/wp\/v2\/users\/2001"}],"replies":[{"embeddable":true,"href":"https:\/\/diarieducacio.cat\/ullalmon\/wp-json\/wp\/v2\/comments?post=2035"}],"version-history":[{"count":8,"href":"https:\/\/diarieducacio.cat\/ullalmon\/wp-json\/wp\/v2\/posts\/2035\/revisions"}],"predecessor-version":[{"id":2047,"href":"https:\/\/diarieducacio.cat\/ullalmon\/wp-json\/wp\/v2\/posts\/2035\/revisions\/2047"}],"wp:featuredmedia":[{"embeddable":true,"href":"https:\/\/diarieducacio.cat\/ullalmon\/wp-json\/wp\/v2\/media\/2036"}],"wp:attachment":[{"href":"https:\/\/diarieducacio.cat\/ullalmon\/wp-json\/wp\/v2\/media?parent=2035"}],"wp:term":[{"taxonomy":"category","embeddable":true,"href":"https:\/\/diarieducacio.cat\/ullalmon\/wp-json\/wp\/v2\/categories?post=2035"},{"taxonomy":"post_tag","embeddable":true,"href":"https:\/\/diarieducacio.cat\/ullalmon\/wp-json\/wp\/v2\/tags?post=2035"},{"taxonomy":"tipo","embeddable":true,"href":"https:\/\/diarieducacio.cat\/ullalmon\/wp-json\/wp\/v2\/tipo?post=2035"}],"curies":[{"name":"wp","href":"https:\/\/api.w.org\/{rel}","templated":true}]}}