{"id":313,"date":"2014-09-25T11:28:38","date_gmt":"2014-09-25T10:28:38","guid":{"rendered":"https:\/\/diarieducacio.cat\/ullalmon\/?p=313"},"modified":"2024-05-07T10:46:45","modified_gmt":"2024-05-07T08:46:45","slug":"separar-els-alumnes-per-capacitats-nomes-ajuda-als-millors","status":"publish","type":"post","link":"https:\/\/diarieducacio.cat\/ullalmon\/2014\/09\/25\/separar-els-alumnes-per-capacitats-nomes-ajuda-als-millors\/","title":{"rendered":"Separar els alumnes per capacitats nom\u00e9s ajuda als millors"},"content":{"rendered":"<p>La segregaci\u00f3 a l&#8217;escola segons les capacitats dels nens i nenes nom\u00e9s afavoreix els qui ja obtenen millors resultats. La resta no n&#8217;obt\u00e9 cap benefici i, per contra, queda cada cop m\u00e9s lluny del grup d&#8217;alumnes excel\u00b7lents. Aquest \u00e9s el resultat d&#8217;un estudi elaborat per investigadors de l&#8217;Institute of Education in London, que surt al pas de la voluntat del Govern brit\u00e0nic de potenciar la divisi\u00f3 de l&#8217;alumnat per nivells a les diferents mat\u00e8ries.<\/p>\n<p>&#8220;Els nens i nenes de m\u00e9s nivell experimenten un major progr\u00e9s acad\u00e8mic en escoles que segreguen que en la resta, per\u00f2 els de nivell mig o baix progressen significativament menys&#8221;, apunten a <a href=\"http:\/\/www.theguardian.com\/education\/2014\/sep\/25\/school-streaming-pupils-english-primaries\">The Guardian<\/a> les autores de l&#8217;estudi Susan Hallam i Samantha Parsons. La seva investigaci\u00f3 s&#8217;ha fet a partir d&#8217;analitzar el desenvolupament de 2.500 nens i nenes de sis anys.<\/p>\n<p>Aix\u00ed doncs, conclouen que la separaci\u00f3 no ajuda als alumnes amb m\u00e9s dificultats a superar-les, i s\u00ed que contribueixen a augmentar la bretxa entre els alumnes excel\u00b7lents i la resta. Aquesta situaci\u00f3, segons les autores, suposaria un atac a la igualtat d&#8217;oportunitats, perqu\u00e8 els alumnes de fam\u00edlies amb nivell educatiu inferior tindrien menys possibilitats de millorar els seus resultats a l&#8217;escola. La investigaci\u00f3 conclou que la divisi\u00f3 en funci\u00f3 de les capacitats tamb\u00e9 va en contra de l&#8217;objectiu del Govern brit\u00e0nic de reduir el frac\u00e0s escolar.<\/p>\n<p>L&#8217;estudi suposa un cop a la primera gran iniciativa de la nova ministra d&#8217;Educaci\u00f3 del Regne Unit, Nicky Morgan, que va <a href=\"http:\/\/www.theguardian.com\/politics\/2014\/sep\/03\/schools-separate-pupils-ability-setting\">proposar la separaci\u00f3 a Secund\u00e0ria <\/a>tot i que ara l&#8217;ha congelat, malgrat que \u00e9s una reivindicaci\u00f3 hist\u00f2ria del partit conservador de David Cameron.<\/p>\n<p>A Catalunya la segregaci\u00f3 segons les capacitats dins els centres educatius no es d\u00f3na. S\u00ed que hi ha hagut iniciatives com la de separar els alumnes amb m\u00e9s dificultats de matem\u00e0tiques per a fer refor\u00e7 -impulsada a Primer d&#8217;ESO per la consellera Irene Rigau- o algunes experi\u00e8ncies en escoles concertades.<\/p>\n","protected":false},"excerpt":{"rendered":"<p>Un estudi demostra que la segregaci\u00f3 en funci\u00f3 de les capacitats perjudica els alumnes amb resultats m\u00e9s baixos. La investigaci\u00f3 suposa un cop per als plans del Govern brit\u00e0nic d&#8217;impulsar la separaci\u00f3 per nivells als instituts. <\/p>\n","protected":false},"author":3,"featured_media":314,"comment_status":"open","ping_status":"open","sticky":false,"template":"","format":"standard","meta":{"footnotes":""},"categories":[2],"tags":[],"tipo":[],"class_list":{"0":"post-313","1":"post","2":"type-post","3":"status-publish","4":"format-standard","5":"has-post-thumbnail","7":"category-general"},"yoast_head":"<!-- This site is optimized with the Yoast SEO plugin v27.5 - https:\/\/yoast.com\/product\/yoast-seo-wordpress\/ -->\n<title>Separar els alumnes per capacitats nom\u00e9s ajuda als millors - Ull al m\u00f3n<\/title>\n<meta name=\"robots\" content=\"index, follow, max-snippet:-1, max-image-preview:large, max-video-preview:-1\" \/>\n<link rel=\"canonical\" href=\"https:\/\/diarieducacio.cat\/ullalmon\/2014\/09\/25\/separar-els-alumnes-per-capacitats-nomes-ajuda-als-millors\/\" \/>\n<meta property=\"og:locale\" content=\"ca_ES\" \/>\n<meta property=\"og:type\" content=\"article\" \/>\n<meta property=\"og:title\" content=\"Separar els alumnes per capacitats nom\u00e9s ajuda als millors - Ull al m\u00f3n\" \/>\n<meta property=\"og:description\" content=\"Un estudi demostra que la segregaci\u00f3 en funci\u00f3 de les capacitats perjudica els alumnes amb resultats m\u00e9s baixos. La investigaci\u00f3 suposa un cop per als plans del Govern brit\u00e0nic d&#039;impulsar la separaci\u00f3 per nivells als instituts.\" \/>\n<meta property=\"og:url\" content=\"https:\/\/diarieducacio.cat\/ullalmon\/2014\/09\/25\/separar-els-alumnes-per-capacitats-nomes-ajuda-als-millors\/\" \/>\n<meta property=\"og:site_name\" content=\"Ull al m\u00f3n\" \/>\n<meta property=\"article:published_time\" content=\"2014-09-25T10:28:38+00:00\" \/>\n<meta property=\"article:modified_time\" content=\"2024-05-07T08:46:45+00:00\" \/>\n<meta property=\"og:image\" content=\"https:\/\/diarieducacio.cat\/ullalmon\/wp-content\/uploads\/sites\/2\/2014\/09\/070910VUELTAALCOLE019_MG_0488.jpg\" \/>\n\t<meta property=\"og:image:width\" content=\"1200\" \/>\n\t<meta property=\"og:image:height\" content=\"551\" \/>\n\t<meta property=\"og:image:type\" content=\"image\/jpeg\" \/>\n<meta name=\"author\" content=\"Redacci\u00f3\" \/>\n<meta name=\"twitter:card\" content=\"summary_large_image\" \/>\n<meta name=\"twitter:creator\" content=\"@CatalunyaPlural\" \/>\n<meta name=\"twitter:label1\" content=\"Escrit per\" \/>\n\t<meta name=\"twitter:data1\" content=\"Redacci\u00f3\" \/>\n\t<meta name=\"twitter:label2\" content=\"Temps estimat de lectura\" \/>\n\t<meta name=\"twitter:data2\" content=\"2 minuts\" \/>\n<script type=\"application\/ld+json\" class=\"yoast-schema-graph\">{\"@context\":\"https:\\\/\\\/schema.org\",\"@graph\":[{\"@type\":\"Article\",\"@id\":\"https:\\\/\\\/diarieducacio.cat\\\/ullalmon\\\/2014\\\/09\\\/25\\\/separar-els-alumnes-per-capacitats-nomes-ajuda-als-millors\\\/#article\",\"isPartOf\":{\"@id\":\"https:\\\/\\\/diarieducacio.cat\\\/ullalmon\\\/2014\\\/09\\\/25\\\/separar-els-alumnes-per-capacitats-nomes-ajuda-als-millors\\\/\"},\"author\":{\"name\":\"Redacci\u00f3\",\"@id\":\"https:\\\/\\\/diarieducacio.cat\\\/ullalmon\\\/#\\\/schema\\\/person\\\/a59c6f6463f58484e77cabd794911180\"},\"headline\":\"Separar els alumnes per capacitats nom\u00e9s ajuda als millors\",\"datePublished\":\"2014-09-25T10:28:38+00:00\",\"dateModified\":\"2024-05-07T08:46:45+00:00\",\"mainEntityOfPage\":{\"@id\":\"https:\\\/\\\/diarieducacio.cat\\\/ullalmon\\\/2014\\\/09\\\/25\\\/separar-els-alumnes-per-capacitats-nomes-ajuda-als-millors\\\/\"},\"wordCount\":359,\"commentCount\":5,\"image\":{\"@id\":\"https:\\\/\\\/diarieducacio.cat\\\/ullalmon\\\/2014\\\/09\\\/25\\\/separar-els-alumnes-per-capacitats-nomes-ajuda-als-millors\\\/#primaryimage\"},\"thumbnailUrl\":\"https:\\\/\\\/diarieducacio.cat\\\/ullalmon\\\/wp-content\\\/uploads\\\/sites\\\/2\\\/2014\\\/09\\\/070910VUELTAALCOLE019_MG_0488.jpg\",\"articleSection\":[\"General\"],\"inLanguage\":\"ca\",\"potentialAction\":[{\"@type\":\"CommentAction\",\"name\":\"Comment\",\"target\":[\"https:\\\/\\\/diarieducacio.cat\\\/ullalmon\\\/2014\\\/09\\\/25\\\/separar-els-alumnes-per-capacitats-nomes-ajuda-als-millors\\\/#respond\"]}]},{\"@type\":\"WebPage\",\"@id\":\"https:\\\/\\\/diarieducacio.cat\\\/ullalmon\\\/2014\\\/09\\\/25\\\/separar-els-alumnes-per-capacitats-nomes-ajuda-als-millors\\\/\",\"url\":\"https:\\\/\\\/diarieducacio.cat\\\/ullalmon\\\/2014\\\/09\\\/25\\\/separar-els-alumnes-per-capacitats-nomes-ajuda-als-millors\\\/\",\"name\":\"Separar els alumnes per capacitats nom\u00e9s ajuda als millors - Ull al m\u00f3n\",\"isPartOf\":{\"@id\":\"https:\\\/\\\/diarieducacio.cat\\\/ullalmon\\\/#website\"},\"primaryImageOfPage\":{\"@id\":\"https:\\\/\\\/diarieducacio.cat\\\/ullalmon\\\/2014\\\/09\\\/25\\\/separar-els-alumnes-per-capacitats-nomes-ajuda-als-millors\\\/#primaryimage\"},\"image\":{\"@id\":\"https:\\\/\\\/diarieducacio.cat\\\/ullalmon\\\/2014\\\/09\\\/25\\\/separar-els-alumnes-per-capacitats-nomes-ajuda-als-millors\\\/#primaryimage\"},\"thumbnailUrl\":\"https:\\\/\\\/diarieducacio.cat\\\/ullalmon\\\/wp-content\\\/uploads\\\/sites\\\/2\\\/2014\\\/09\\\/070910VUELTAALCOLE019_MG_0488.jpg\",\"datePublished\":\"2014-09-25T10:28:38+00:00\",\"dateModified\":\"2024-05-07T08:46:45+00:00\",\"author\":{\"@id\":\"https:\\\/\\\/diarieducacio.cat\\\/ullalmon\\\/#\\\/schema\\\/person\\\/a59c6f6463f58484e77cabd794911180\"},\"breadcrumb\":{\"@id\":\"https:\\\/\\\/diarieducacio.cat\\\/ullalmon\\\/2014\\\/09\\\/25\\\/separar-els-alumnes-per-capacitats-nomes-ajuda-als-millors\\\/#breadcrumb\"},\"inLanguage\":\"ca\",\"potentialAction\":[{\"@type\":\"ReadAction\",\"target\":[\"https:\\\/\\\/diarieducacio.cat\\\/ullalmon\\\/2014\\\/09\\\/25\\\/separar-els-alumnes-per-capacitats-nomes-ajuda-als-millors\\\/\"]}]},{\"@type\":\"ImageObject\",\"inLanguage\":\"ca\",\"@id\":\"https:\\\/\\\/diarieducacio.cat\\\/ullalmon\\\/2014\\\/09\\\/25\\\/separar-els-alumnes-per-capacitats-nomes-ajuda-als-millors\\\/#primaryimage\",\"url\":\"https:\\\/\\\/diarieducacio.cat\\\/ullalmon\\\/wp-content\\\/uploads\\\/sites\\\/2\\\/2014\\\/09\\\/070910VUELTAALCOLE019_MG_0488.jpg\",\"contentUrl\":\"https:\\\/\\\/diarieducacio.cat\\\/ullalmon\\\/wp-content\\\/uploads\\\/sites\\\/2\\\/2014\\\/09\\\/070910VUELTAALCOLE019_MG_0488.jpg\",\"width\":1200,\"height\":551,\"caption\":\"Foto: Edu Bayer.\"},{\"@type\":\"BreadcrumbList\",\"@id\":\"https:\\\/\\\/diarieducacio.cat\\\/ullalmon\\\/2014\\\/09\\\/25\\\/separar-els-alumnes-per-capacitats-nomes-ajuda-als-millors\\\/#breadcrumb\",\"itemListElement\":[{\"@type\":\"ListItem\",\"position\":1,\"name\":\"Inici\",\"item\":\"https:\\\/\\\/diarieducacio.cat\\\/ullalmon\\\/\"},{\"@type\":\"ListItem\",\"position\":2,\"name\":\"Separar els alumnes per capacitats nom\u00e9s ajuda als millors\"}]},{\"@type\":\"WebSite\",\"@id\":\"https:\\\/\\\/diarieducacio.cat\\\/ullalmon\\\/#website\",\"url\":\"https:\\\/\\\/diarieducacio.cat\\\/ullalmon\\\/\",\"name\":\"Ull al m\u00f3n\",\"description\":\"Un blog de El Diari de l&#039;Educaci\u00f3\",\"potentialAction\":[{\"@type\":\"SearchAction\",\"target\":{\"@type\":\"EntryPoint\",\"urlTemplate\":\"https:\\\/\\\/diarieducacio.cat\\\/ullalmon\\\/?s={search_term_string}\"},\"query-input\":{\"@type\":\"PropertyValueSpecification\",\"valueRequired\":true,\"valueName\":\"search_term_string\"}}],\"inLanguage\":\"ca\"},{\"@type\":\"Person\",\"@id\":\"https:\\\/\\\/diarieducacio.cat\\\/ullalmon\\\/#\\\/schema\\\/person\\\/a59c6f6463f58484e77cabd794911180\",\"name\":\"Redacci\u00f3\",\"image\":{\"@type\":\"ImageObject\",\"inLanguage\":\"ca\",\"@id\":\"https:\\\/\\\/diarieducacio.cat\\\/wp-content\\\/uploads\\\/2024\\\/11\\\/redaccio_avatar-96x96.png\",\"url\":\"https:\\\/\\\/diarieducacio.cat\\\/wp-content\\\/uploads\\\/2024\\\/11\\\/redaccio_avatar-96x96.png\",\"contentUrl\":\"https:\\\/\\\/diarieducacio.cat\\\/wp-content\\\/uploads\\\/2024\\\/11\\\/redaccio_avatar-96x96.png\",\"caption\":\"Redacci\u00f3\"},\"sameAs\":[\"https:\\\/\\\/x.com\\\/CatalunyaPlural\"],\"url\":\"https:\\\/\\\/diarieducacio.cat\\\/ullalmon\\\/author\\\/redaccio\\\/\"}]}<\/script>\n<!-- \/ Yoast SEO plugin. -->","yoast_head_json":{"title":"Separar els alumnes per capacitats nom\u00e9s ajuda als millors - Ull al m\u00f3n","robots":{"index":"index","follow":"follow","max-snippet":"max-snippet:-1","max-image-preview":"max-image-preview:large","max-video-preview":"max-video-preview:-1"},"canonical":"https:\/\/diarieducacio.cat\/ullalmon\/2014\/09\/25\/separar-els-alumnes-per-capacitats-nomes-ajuda-als-millors\/","og_locale":"ca_ES","og_type":"article","og_title":"Separar els alumnes per capacitats nom\u00e9s ajuda als millors - Ull al m\u00f3n","og_description":"Un estudi demostra que la segregaci\u00f3 en funci\u00f3 de les capacitats perjudica els alumnes amb resultats m\u00e9s baixos. La investigaci\u00f3 suposa un cop per als plans del Govern brit\u00e0nic d'impulsar la separaci\u00f3 per nivells als instituts.","og_url":"https:\/\/diarieducacio.cat\/ullalmon\/2014\/09\/25\/separar-els-alumnes-per-capacitats-nomes-ajuda-als-millors\/","og_site_name":"Ull al m\u00f3n","article_published_time":"2014-09-25T10:28:38+00:00","article_modified_time":"2024-05-07T08:46:45+00:00","og_image":[{"width":1200,"height":551,"url":"https:\/\/diarieducacio.cat\/ullalmon\/wp-content\/uploads\/sites\/2\/2014\/09\/070910VUELTAALCOLE019_MG_0488.jpg","type":"image\/jpeg"}],"author":"Redacci\u00f3","twitter_card":"summary_large_image","twitter_creator":"@CatalunyaPlural","twitter_misc":{"Escrit per":"Redacci\u00f3","Temps estimat de lectura":"2 minuts"},"schema":{"@context":"https:\/\/schema.org","@graph":[{"@type":"Article","@id":"https:\/\/diarieducacio.cat\/ullalmon\/2014\/09\/25\/separar-els-alumnes-per-capacitats-nomes-ajuda-als-millors\/#article","isPartOf":{"@id":"https:\/\/diarieducacio.cat\/ullalmon\/2014\/09\/25\/separar-els-alumnes-per-capacitats-nomes-ajuda-als-millors\/"},"author":{"name":"Redacci\u00f3","@id":"https:\/\/diarieducacio.cat\/ullalmon\/#\/schema\/person\/a59c6f6463f58484e77cabd794911180"},"headline":"Separar els alumnes per capacitats nom\u00e9s ajuda als millors","datePublished":"2014-09-25T10:28:38+00:00","dateModified":"2024-05-07T08:46:45+00:00","mainEntityOfPage":{"@id":"https:\/\/diarieducacio.cat\/ullalmon\/2014\/09\/25\/separar-els-alumnes-per-capacitats-nomes-ajuda-als-millors\/"},"wordCount":359,"commentCount":5,"image":{"@id":"https:\/\/diarieducacio.cat\/ullalmon\/2014\/09\/25\/separar-els-alumnes-per-capacitats-nomes-ajuda-als-millors\/#primaryimage"},"thumbnailUrl":"https:\/\/diarieducacio.cat\/ullalmon\/wp-content\/uploads\/sites\/2\/2014\/09\/070910VUELTAALCOLE019_MG_0488.jpg","articleSection":["General"],"inLanguage":"ca","potentialAction":[{"@type":"CommentAction","name":"Comment","target":["https:\/\/diarieducacio.cat\/ullalmon\/2014\/09\/25\/separar-els-alumnes-per-capacitats-nomes-ajuda-als-millors\/#respond"]}]},{"@type":"WebPage","@id":"https:\/\/diarieducacio.cat\/ullalmon\/2014\/09\/25\/separar-els-alumnes-per-capacitats-nomes-ajuda-als-millors\/","url":"https:\/\/diarieducacio.cat\/ullalmon\/2014\/09\/25\/separar-els-alumnes-per-capacitats-nomes-ajuda-als-millors\/","name":"Separar els alumnes per capacitats nom\u00e9s ajuda als millors - Ull al m\u00f3n","isPartOf":{"@id":"https:\/\/diarieducacio.cat\/ullalmon\/#website"},"primaryImageOfPage":{"@id":"https:\/\/diarieducacio.cat\/ullalmon\/2014\/09\/25\/separar-els-alumnes-per-capacitats-nomes-ajuda-als-millors\/#primaryimage"},"image":{"@id":"https:\/\/diarieducacio.cat\/ullalmon\/2014\/09\/25\/separar-els-alumnes-per-capacitats-nomes-ajuda-als-millors\/#primaryimage"},"thumbnailUrl":"https:\/\/diarieducacio.cat\/ullalmon\/wp-content\/uploads\/sites\/2\/2014\/09\/070910VUELTAALCOLE019_MG_0488.jpg","datePublished":"2014-09-25T10:28:38+00:00","dateModified":"2024-05-07T08:46:45+00:00","author":{"@id":"https:\/\/diarieducacio.cat\/ullalmon\/#\/schema\/person\/a59c6f6463f58484e77cabd794911180"},"breadcrumb":{"@id":"https:\/\/diarieducacio.cat\/ullalmon\/2014\/09\/25\/separar-els-alumnes-per-capacitats-nomes-ajuda-als-millors\/#breadcrumb"},"inLanguage":"ca","potentialAction":[{"@type":"ReadAction","target":["https:\/\/diarieducacio.cat\/ullalmon\/2014\/09\/25\/separar-els-alumnes-per-capacitats-nomes-ajuda-als-millors\/"]}]},{"@type":"ImageObject","inLanguage":"ca","@id":"https:\/\/diarieducacio.cat\/ullalmon\/2014\/09\/25\/separar-els-alumnes-per-capacitats-nomes-ajuda-als-millors\/#primaryimage","url":"https:\/\/diarieducacio.cat\/ullalmon\/wp-content\/uploads\/sites\/2\/2014\/09\/070910VUELTAALCOLE019_MG_0488.jpg","contentUrl":"https:\/\/diarieducacio.cat\/ullalmon\/wp-content\/uploads\/sites\/2\/2014\/09\/070910VUELTAALCOLE019_MG_0488.jpg","width":1200,"height":551,"caption":"Foto: Edu Bayer."},{"@type":"BreadcrumbList","@id":"https:\/\/diarieducacio.cat\/ullalmon\/2014\/09\/25\/separar-els-alumnes-per-capacitats-nomes-ajuda-als-millors\/#breadcrumb","itemListElement":[{"@type":"ListItem","position":1,"name":"Inici","item":"https:\/\/diarieducacio.cat\/ullalmon\/"},{"@type":"ListItem","position":2,"name":"Separar els alumnes per capacitats nom\u00e9s ajuda als millors"}]},{"@type":"WebSite","@id":"https:\/\/diarieducacio.cat\/ullalmon\/#website","url":"https:\/\/diarieducacio.cat\/ullalmon\/","name":"Ull al m\u00f3n","description":"Un blog de El Diari de l&#039;Educaci\u00f3","potentialAction":[{"@type":"SearchAction","target":{"@type":"EntryPoint","urlTemplate":"https:\/\/diarieducacio.cat\/ullalmon\/?s={search_term_string}"},"query-input":{"@type":"PropertyValueSpecification","valueRequired":true,"valueName":"search_term_string"}}],"inLanguage":"ca"},{"@type":"Person","@id":"https:\/\/diarieducacio.cat\/ullalmon\/#\/schema\/person\/a59c6f6463f58484e77cabd794911180","name":"Redacci\u00f3","image":{"@type":"ImageObject","inLanguage":"ca","@id":"https:\/\/diarieducacio.cat\/wp-content\/uploads\/2024\/11\/redaccio_avatar-96x96.png","url":"https:\/\/diarieducacio.cat\/wp-content\/uploads\/2024\/11\/redaccio_avatar-96x96.png","contentUrl":"https:\/\/diarieducacio.cat\/wp-content\/uploads\/2024\/11\/redaccio_avatar-96x96.png","caption":"Redacci\u00f3"},"sameAs":["https:\/\/x.com\/CatalunyaPlural"],"url":"https:\/\/diarieducacio.cat\/ullalmon\/author\/redaccio\/"}]}},"_links":{"self":[{"href":"https:\/\/diarieducacio.cat\/ullalmon\/wp-json\/wp\/v2\/posts\/313","targetHints":{"allow":["GET"]}}],"collection":[{"href":"https:\/\/diarieducacio.cat\/ullalmon\/wp-json\/wp\/v2\/posts"}],"about":[{"href":"https:\/\/diarieducacio.cat\/ullalmon\/wp-json\/wp\/v2\/types\/post"}],"author":[{"embeddable":true,"href":"https:\/\/diarieducacio.cat\/ullalmon\/wp-json\/wp\/v2\/users\/3"}],"replies":[{"embeddable":true,"href":"https:\/\/diarieducacio.cat\/ullalmon\/wp-json\/wp\/v2\/comments?post=313"}],"version-history":[{"count":0,"href":"https:\/\/diarieducacio.cat\/ullalmon\/wp-json\/wp\/v2\/posts\/313\/revisions"}],"wp:featuredmedia":[{"embeddable":true,"href":"https:\/\/diarieducacio.cat\/ullalmon\/wp-json\/wp\/v2\/media\/314"}],"wp:attachment":[{"href":"https:\/\/diarieducacio.cat\/ullalmon\/wp-json\/wp\/v2\/media?parent=313"}],"wp:term":[{"taxonomy":"category","embeddable":true,"href":"https:\/\/diarieducacio.cat\/ullalmon\/wp-json\/wp\/v2\/categories?post=313"},{"taxonomy":"post_tag","embeddable":true,"href":"https:\/\/diarieducacio.cat\/ullalmon\/wp-json\/wp\/v2\/tags?post=313"},{"taxonomy":"tipo","embeddable":true,"href":"https:\/\/diarieducacio.cat\/ullalmon\/wp-json\/wp\/v2\/tipo?post=313"}],"curies":[{"name":"wp","href":"https:\/\/api.w.org\/{rel}","templated":true}]}}