{"id":566,"date":"2015-11-02T18:14:18","date_gmt":"2015-11-02T17:14:18","guid":{"rendered":"https:\/\/diarieducacio.cat\/ullalmon\/?p=566"},"modified":"2024-05-07T10:46:47","modified_gmt":"2024-05-07T08:46:47","slug":"la-prohibicio-dalguns-menus-halal-sense-porc-a-franca-enrareix-el-debat-sobre-la-laicitat","status":"publish","type":"post","link":"https:\/\/diarieducacio.cat\/ullalmon\/2015\/11\/02\/la-prohibicio-dalguns-menus-halal-sense-porc-a-franca-enrareix-el-debat-sobre-la-laicitat\/","title":{"rendered":"La prohibici\u00f3 de men\u00fas &#8216;halal&#8217; sense porc a Fran\u00e7a enrareix el debat sobre la la\u00efcitat"},"content":{"rendered":"<p>L&#8217;etern debat sobre la la\u00efcitat com a signe d&#8217;identitat a Fran\u00e7a, enrarit despr\u00e9s dels atemptats islamistes dels darrers mesos,\u00a0ha derivat en una batalla de certs sectors de la dreta contra\u00a0<strong>els men\u00fas escolars\u00a0<\/strong><em><strong>halal<\/strong>\u00a0<\/em>sense porc, pensats per a alumnes musulmans.\u00a0<strong>Tres municipis<\/strong> \u2013Chilly-Mazarin, Wissous i Chalon-sur-Sa\u00f4ne\u2013 obliguen\u00a0les escoles a oferir\u00a0un \u00fanic men\u00fa, despr\u00e9s de 30 anys de garantir el que a Fran\u00e7a s&#8217;anomena <em>men\u00fa de substituci\u00f3<\/em> quan hi ha porc.<\/p>\n<p>&#8220;L&#8217;Ajuntament no vol diferenciar m\u00e9s els tipus d&#8217;\u00e0pat en funci\u00f3 d&#8217;una prohibici\u00f3 religiosa que es relega a l&#8217;esfera privada i familiar en aplicaci\u00f3 del principi de la\u00efcitat&#8221;. Amb aquest\u00a0<a href=\"http:\/\/www.ville-chilly-mazarin.fr\/files\/chillymazarin\/documents\/Esneignement\/note-info-repas.pdf\">comunica<\/a>t,\u00a0l&#8217;alcalde del municipi de Cilly-Mazarin anunciava la fi dels men\u00fas\u00a0<em>halal\u00a0<\/em>a principi de curs. &#8220;Si els nens no volen menjar porc, es poden atipar d&#8217;entrants i de verdures; poden portar\u00a0carmanyola, o se&#8217;n poden anar a casa&#8221;, proclamava Gilles Platret, alcalde de\u00a0Chalon-sur-Sa\u00f4ne i un dels abanderats d&#8217;aquesta campanya.<\/p>\n<p>Es dona el cas que els tres municipis estan governats per Les Republicains, el nou partit suposadament de centre de Nicolas Sarkozy. Segons els analistes pol\u00edtics, aquesta campanya respondria a la voluntat de Sarkozy de pescar vots entre l&#8217;etectorat del xen\u00f2fob Front Nacional de cara a les properes eleccions.<\/p>\n<p>La Ministra d&#8217;Educaci\u00f3 ja s&#8217;ha posicionat contra aquesta mesura \u2013&#8221;un suposat men\u00fa no confessional equival a barrar l&#8217;acc\u00e9s a la cantina&#8221;\u2013, per\u00f2 les compet\u00e8ncies sobre els menjadors s\u00f3n municipals. Tampoc han tingut \u00e8xit els recursos judicials, de la m\u00e0 de la Lliga de Defensa Judicial dels Musulmans, que al\u00b7legava que la retirada del men\u00fa sense porc pot causar un trauma en molts nens.<\/p>\n<p>&#8220;El debat de la la\u00efcitat s&#8217;ha convertit\u00a0en una\u00a0manera de reivindicar la Fran\u00e7a blanca i cristiana&#8221;, exposa el soci\u00f2leg Fran\u00e7ois Dubet en un complet reportatge a <a href=\"http:\/\/www.lemonde.fr\/religions\/article\/2015\/03\/24\/laicite-a-l-ecole-du-vivre-ensemble-a-l-exclusion_4600133_1653130.html#9Bv4WiSYMXzW4tvv.99\">Le Monde<\/a> sobre la\u00efcitat a les escoles. En la mateixa l\u00ednia, des de l&#8217;Observatori de la La\u00efcitat, que pertany al Govern, s&#8217;oposen a la mesure i precisen que &#8220;l&#8217;objectiu del secularisme no \u00e9s eliminar les difer\u00e8ncies en una societat&#8221;.<\/p>\n<p>La discussi\u00f3 pol\u00edtica al voltant de la la\u00efcitat als centres educatius ve de lluny. Tot i haver-se redoblat arran dels incidents islamistes, ja l&#8217;any 2004 es va prohibir a les escoles l&#8217;entrada de signes religiosos. no nom\u00e9s el vel per part de les alumnes musulmanes o les creus en els cristians. De fet, de les 130\u00a0expulsions registrades per aquest motiu, la majoria correspondrien a alumnes amb faldilles negres\u00a0<em>massa <\/em>llargues<em>.<\/em><\/p>\n","protected":false},"excerpt":{"rendered":"<p>Tres municipis \u2013Chilly-Mazarin, Wissous i Chalon-sur-Sa\u00f4ne\u2013 obliguen les escoles a oferir un \u00fanic men\u00fa, despr\u00e9s de 30 anys de garantir el que a Fran\u00e7a s&#8217;anomena men\u00fa de substituci\u00f3 quan hi ha porc. <\/p>\n","protected":false},"author":3,"featured_media":567,"comment_status":"open","ping_status":"open","sticky":false,"template":"","format":"standard","meta":{"footnotes":""},"categories":[2],"tags":[],"tipo":[],"class_list":{"0":"post-566","1":"post","2":"type-post","3":"status-publish","4":"format-standard","5":"has-post-thumbnail","7":"category-general"},"yoast_head":"<!-- This site is optimized with the Yoast SEO plugin v27.5 - https:\/\/yoast.com\/product\/yoast-seo-wordpress\/ -->\n<title>La prohibici\u00f3 de men\u00fas &#039;halal&#039; sense porc a Fran\u00e7a enrareix el debat sobre la la\u00efcitat - Ull al m\u00f3n<\/title>\n<meta name=\"robots\" content=\"index, follow, max-snippet:-1, max-image-preview:large, max-video-preview:-1\" \/>\n<link rel=\"canonical\" href=\"https:\/\/diarieducacio.cat\/ullalmon\/2015\/11\/02\/la-prohibicio-dalguns-menus-halal-sense-porc-a-franca-enrareix-el-debat-sobre-la-laicitat\/\" \/>\n<meta property=\"og:locale\" content=\"ca_ES\" \/>\n<meta property=\"og:type\" content=\"article\" \/>\n<meta property=\"og:title\" content=\"La prohibici\u00f3 de men\u00fas &#039;halal&#039; sense porc a Fran\u00e7a enrareix el debat sobre la la\u00efcitat - Ull al m\u00f3n\" \/>\n<meta property=\"og:description\" content=\"Tres municipis \u2013Chilly-Mazarin, Wissous i Chalon-sur-Sa\u00f4ne\u2013 obliguen les escoles a oferir un \u00fanic men\u00fa, despr\u00e9s de 30 anys de garantir el que a Fran\u00e7a s&#039;anomena men\u00fa de substituci\u00f3 quan hi ha porc.\" \/>\n<meta property=\"og:url\" content=\"https:\/\/diarieducacio.cat\/ullalmon\/2015\/11\/02\/la-prohibicio-dalguns-menus-halal-sense-porc-a-franca-enrareix-el-debat-sobre-la-laicitat\/\" \/>\n<meta property=\"og:site_name\" content=\"Ull al m\u00f3n\" \/>\n<meta property=\"article:published_time\" content=\"2015-11-02T17:14:18+00:00\" \/>\n<meta property=\"article:modified_time\" content=\"2024-05-07T08:46:47+00:00\" \/>\n<meta property=\"og:image\" content=\"https:\/\/diarieducacio.cat\/ullalmon\/wp-content\/uploads\/sites\/2\/2015\/11\/7995809446_b6887fd304_z.jpg\" \/>\n\t<meta property=\"og:image:width\" content=\"640\" \/>\n\t<meta property=\"og:image:height\" content=\"392\" \/>\n\t<meta property=\"og:image:type\" content=\"image\/jpeg\" \/>\n<meta name=\"author\" content=\"Redacci\u00f3\" \/>\n<meta name=\"twitter:card\" content=\"summary_large_image\" \/>\n<meta name=\"twitter:title\" content=\"La prohibici\u00f3 d&#039;alguns men\u00fas &#039;halal&#039; sense porc a Fran\u00e7a enrareix el debat sobre la la\u00efcitat\" \/>\n<meta name=\"twitter:creator\" content=\"@CatalunyaPlural\" \/>\n<meta name=\"twitter:label1\" content=\"Escrit per\" \/>\n\t<meta name=\"twitter:data1\" content=\"Redacci\u00f3\" \/>\n\t<meta name=\"twitter:label2\" content=\"Temps estimat de lectura\" \/>\n\t<meta name=\"twitter:data2\" content=\"2 minuts\" \/>\n<script type=\"application\/ld+json\" class=\"yoast-schema-graph\">{\"@context\":\"https:\\\/\\\/schema.org\",\"@graph\":[{\"@type\":\"Article\",\"@id\":\"https:\\\/\\\/diarieducacio.cat\\\/ullalmon\\\/2015\\\/11\\\/02\\\/la-prohibicio-dalguns-menus-halal-sense-porc-a-franca-enrareix-el-debat-sobre-la-laicitat\\\/#article\",\"isPartOf\":{\"@id\":\"https:\\\/\\\/diarieducacio.cat\\\/ullalmon\\\/2015\\\/11\\\/02\\\/la-prohibicio-dalguns-menus-halal-sense-porc-a-franca-enrareix-el-debat-sobre-la-laicitat\\\/\"},\"author\":{\"name\":\"Redacci\u00f3\",\"@id\":\"https:\\\/\\\/diarieducacio.cat\\\/ullalmon\\\/#\\\/schema\\\/person\\\/a59c6f6463f58484e77cabd794911180\"},\"headline\":\"La prohibici\u00f3 de men\u00fas &#8216;halal&#8217; sense porc a Fran\u00e7a enrareix el debat sobre la la\u00efcitat\",\"datePublished\":\"2015-11-02T17:14:18+00:00\",\"dateModified\":\"2024-05-07T08:46:47+00:00\",\"mainEntityOfPage\":{\"@id\":\"https:\\\/\\\/diarieducacio.cat\\\/ullalmon\\\/2015\\\/11\\\/02\\\/la-prohibicio-dalguns-menus-halal-sense-porc-a-franca-enrareix-el-debat-sobre-la-laicitat\\\/\"},\"wordCount\":467,\"commentCount\":0,\"image\":{\"@id\":\"https:\\\/\\\/diarieducacio.cat\\\/ullalmon\\\/2015\\\/11\\\/02\\\/la-prohibicio-dalguns-menus-halal-sense-porc-a-franca-enrareix-el-debat-sobre-la-laicitat\\\/#primaryimage\"},\"thumbnailUrl\":\"https:\\\/\\\/diarieducacio.cat\\\/ullalmon\\\/wp-content\\\/uploads\\\/sites\\\/2\\\/2015\\\/11\\\/7995809446_b6887fd304_z.jpg\",\"articleSection\":[\"General\"],\"inLanguage\":\"ca\",\"potentialAction\":[{\"@type\":\"CommentAction\",\"name\":\"Comment\",\"target\":[\"https:\\\/\\\/diarieducacio.cat\\\/ullalmon\\\/2015\\\/11\\\/02\\\/la-prohibicio-dalguns-menus-halal-sense-porc-a-franca-enrareix-el-debat-sobre-la-laicitat\\\/#respond\"]}]},{\"@type\":\"WebPage\",\"@id\":\"https:\\\/\\\/diarieducacio.cat\\\/ullalmon\\\/2015\\\/11\\\/02\\\/la-prohibicio-dalguns-menus-halal-sense-porc-a-franca-enrareix-el-debat-sobre-la-laicitat\\\/\",\"url\":\"https:\\\/\\\/diarieducacio.cat\\\/ullalmon\\\/2015\\\/11\\\/02\\\/la-prohibicio-dalguns-menus-halal-sense-porc-a-franca-enrareix-el-debat-sobre-la-laicitat\\\/\",\"name\":\"La prohibici\u00f3 de men\u00fas 'halal' sense porc a Fran\u00e7a enrareix el debat sobre la la\u00efcitat - Ull al m\u00f3n\",\"isPartOf\":{\"@id\":\"https:\\\/\\\/diarieducacio.cat\\\/ullalmon\\\/#website\"},\"primaryImageOfPage\":{\"@id\":\"https:\\\/\\\/diarieducacio.cat\\\/ullalmon\\\/2015\\\/11\\\/02\\\/la-prohibicio-dalguns-menus-halal-sense-porc-a-franca-enrareix-el-debat-sobre-la-laicitat\\\/#primaryimage\"},\"image\":{\"@id\":\"https:\\\/\\\/diarieducacio.cat\\\/ullalmon\\\/2015\\\/11\\\/02\\\/la-prohibicio-dalguns-menus-halal-sense-porc-a-franca-enrareix-el-debat-sobre-la-laicitat\\\/#primaryimage\"},\"thumbnailUrl\":\"https:\\\/\\\/diarieducacio.cat\\\/ullalmon\\\/wp-content\\\/uploads\\\/sites\\\/2\\\/2015\\\/11\\\/7995809446_b6887fd304_z.jpg\",\"datePublished\":\"2015-11-02T17:14:18+00:00\",\"dateModified\":\"2024-05-07T08:46:47+00:00\",\"author\":{\"@id\":\"https:\\\/\\\/diarieducacio.cat\\\/ullalmon\\\/#\\\/schema\\\/person\\\/a59c6f6463f58484e77cabd794911180\"},\"breadcrumb\":{\"@id\":\"https:\\\/\\\/diarieducacio.cat\\\/ullalmon\\\/2015\\\/11\\\/02\\\/la-prohibicio-dalguns-menus-halal-sense-porc-a-franca-enrareix-el-debat-sobre-la-laicitat\\\/#breadcrumb\"},\"inLanguage\":\"ca\",\"potentialAction\":[{\"@type\":\"ReadAction\",\"target\":[\"https:\\\/\\\/diarieducacio.cat\\\/ullalmon\\\/2015\\\/11\\\/02\\\/la-prohibicio-dalguns-menus-halal-sense-porc-a-franca-enrareix-el-debat-sobre-la-laicitat\\\/\"]}]},{\"@type\":\"ImageObject\",\"inLanguage\":\"ca\",\"@id\":\"https:\\\/\\\/diarieducacio.cat\\\/ullalmon\\\/2015\\\/11\\\/02\\\/la-prohibicio-dalguns-menus-halal-sense-porc-a-franca-enrareix-el-debat-sobre-la-laicitat\\\/#primaryimage\",\"url\":\"https:\\\/\\\/diarieducacio.cat\\\/ullalmon\\\/wp-content\\\/uploads\\\/sites\\\/2\\\/2015\\\/11\\\/7995809446_b6887fd304_z.jpg\",\"contentUrl\":\"https:\\\/\\\/diarieducacio.cat\\\/ullalmon\\\/wp-content\\\/uploads\\\/sites\\\/2\\\/2015\\\/11\\\/7995809446_b6887fd304_z.jpg\",\"width\":640,\"height\":392,\"caption\":\"Guerra de la dreta francesa contra els men\u00fas 'halal' \\\/ Foto U.S. Department of Agriculture\"},{\"@type\":\"BreadcrumbList\",\"@id\":\"https:\\\/\\\/diarieducacio.cat\\\/ullalmon\\\/2015\\\/11\\\/02\\\/la-prohibicio-dalguns-menus-halal-sense-porc-a-franca-enrareix-el-debat-sobre-la-laicitat\\\/#breadcrumb\",\"itemListElement\":[{\"@type\":\"ListItem\",\"position\":1,\"name\":\"Inici\",\"item\":\"https:\\\/\\\/diarieducacio.cat\\\/ullalmon\\\/\"},{\"@type\":\"ListItem\",\"position\":2,\"name\":\"La prohibici\u00f3 de men\u00fas &#8216;halal&#8217; sense porc a Fran\u00e7a enrareix el debat sobre la la\u00efcitat\"}]},{\"@type\":\"WebSite\",\"@id\":\"https:\\\/\\\/diarieducacio.cat\\\/ullalmon\\\/#website\",\"url\":\"https:\\\/\\\/diarieducacio.cat\\\/ullalmon\\\/\",\"name\":\"Ull al m\u00f3n\",\"description\":\"Un blog de El Diari de l&#039;Educaci\u00f3\",\"potentialAction\":[{\"@type\":\"SearchAction\",\"target\":{\"@type\":\"EntryPoint\",\"urlTemplate\":\"https:\\\/\\\/diarieducacio.cat\\\/ullalmon\\\/?s={search_term_string}\"},\"query-input\":{\"@type\":\"PropertyValueSpecification\",\"valueRequired\":true,\"valueName\":\"search_term_string\"}}],\"inLanguage\":\"ca\"},{\"@type\":\"Person\",\"@id\":\"https:\\\/\\\/diarieducacio.cat\\\/ullalmon\\\/#\\\/schema\\\/person\\\/a59c6f6463f58484e77cabd794911180\",\"name\":\"Redacci\u00f3\",\"image\":{\"@type\":\"ImageObject\",\"inLanguage\":\"ca\",\"@id\":\"https:\\\/\\\/diarieducacio.cat\\\/wp-content\\\/uploads\\\/2024\\\/11\\\/redaccio_avatar-96x96.png\",\"url\":\"https:\\\/\\\/diarieducacio.cat\\\/wp-content\\\/uploads\\\/2024\\\/11\\\/redaccio_avatar-96x96.png\",\"contentUrl\":\"https:\\\/\\\/diarieducacio.cat\\\/wp-content\\\/uploads\\\/2024\\\/11\\\/redaccio_avatar-96x96.png\",\"caption\":\"Redacci\u00f3\"},\"sameAs\":[\"https:\\\/\\\/x.com\\\/CatalunyaPlural\"],\"url\":\"https:\\\/\\\/diarieducacio.cat\\\/ullalmon\\\/author\\\/redaccio\\\/\"}]}<\/script>\n<!-- \/ Yoast SEO plugin. -->","yoast_head_json":{"title":"La prohibici\u00f3 de men\u00fas 'halal' sense porc a Fran\u00e7a enrareix el debat sobre la la\u00efcitat - Ull al m\u00f3n","robots":{"index":"index","follow":"follow","max-snippet":"max-snippet:-1","max-image-preview":"max-image-preview:large","max-video-preview":"max-video-preview:-1"},"canonical":"https:\/\/diarieducacio.cat\/ullalmon\/2015\/11\/02\/la-prohibicio-dalguns-menus-halal-sense-porc-a-franca-enrareix-el-debat-sobre-la-laicitat\/","og_locale":"ca_ES","og_type":"article","og_title":"La prohibici\u00f3 de men\u00fas 'halal' sense porc a Fran\u00e7a enrareix el debat sobre la la\u00efcitat - Ull al m\u00f3n","og_description":"Tres municipis \u2013Chilly-Mazarin, Wissous i Chalon-sur-Sa\u00f4ne\u2013 obliguen les escoles a oferir un \u00fanic men\u00fa, despr\u00e9s de 30 anys de garantir el que a Fran\u00e7a s'anomena men\u00fa de substituci\u00f3 quan hi ha porc.","og_url":"https:\/\/diarieducacio.cat\/ullalmon\/2015\/11\/02\/la-prohibicio-dalguns-menus-halal-sense-porc-a-franca-enrareix-el-debat-sobre-la-laicitat\/","og_site_name":"Ull al m\u00f3n","article_published_time":"2015-11-02T17:14:18+00:00","article_modified_time":"2024-05-07T08:46:47+00:00","og_image":[{"width":640,"height":392,"url":"https:\/\/diarieducacio.cat\/ullalmon\/wp-content\/uploads\/sites\/2\/2015\/11\/7995809446_b6887fd304_z.jpg","type":"image\/jpeg"}],"author":"Redacci\u00f3","twitter_card":"summary_large_image","twitter_title":"La prohibici\u00f3 d'alguns men\u00fas 'halal' sense porc a Fran\u00e7a enrareix el debat sobre la la\u00efcitat","twitter_creator":"@CatalunyaPlural","twitter_misc":{"Escrit per":"Redacci\u00f3","Temps estimat de lectura":"2 minuts"},"schema":{"@context":"https:\/\/schema.org","@graph":[{"@type":"Article","@id":"https:\/\/diarieducacio.cat\/ullalmon\/2015\/11\/02\/la-prohibicio-dalguns-menus-halal-sense-porc-a-franca-enrareix-el-debat-sobre-la-laicitat\/#article","isPartOf":{"@id":"https:\/\/diarieducacio.cat\/ullalmon\/2015\/11\/02\/la-prohibicio-dalguns-menus-halal-sense-porc-a-franca-enrareix-el-debat-sobre-la-laicitat\/"},"author":{"name":"Redacci\u00f3","@id":"https:\/\/diarieducacio.cat\/ullalmon\/#\/schema\/person\/a59c6f6463f58484e77cabd794911180"},"headline":"La prohibici\u00f3 de men\u00fas &#8216;halal&#8217; sense porc a Fran\u00e7a enrareix el debat sobre la la\u00efcitat","datePublished":"2015-11-02T17:14:18+00:00","dateModified":"2024-05-07T08:46:47+00:00","mainEntityOfPage":{"@id":"https:\/\/diarieducacio.cat\/ullalmon\/2015\/11\/02\/la-prohibicio-dalguns-menus-halal-sense-porc-a-franca-enrareix-el-debat-sobre-la-laicitat\/"},"wordCount":467,"commentCount":0,"image":{"@id":"https:\/\/diarieducacio.cat\/ullalmon\/2015\/11\/02\/la-prohibicio-dalguns-menus-halal-sense-porc-a-franca-enrareix-el-debat-sobre-la-laicitat\/#primaryimage"},"thumbnailUrl":"https:\/\/diarieducacio.cat\/ullalmon\/wp-content\/uploads\/sites\/2\/2015\/11\/7995809446_b6887fd304_z.jpg","articleSection":["General"],"inLanguage":"ca","potentialAction":[{"@type":"CommentAction","name":"Comment","target":["https:\/\/diarieducacio.cat\/ullalmon\/2015\/11\/02\/la-prohibicio-dalguns-menus-halal-sense-porc-a-franca-enrareix-el-debat-sobre-la-laicitat\/#respond"]}]},{"@type":"WebPage","@id":"https:\/\/diarieducacio.cat\/ullalmon\/2015\/11\/02\/la-prohibicio-dalguns-menus-halal-sense-porc-a-franca-enrareix-el-debat-sobre-la-laicitat\/","url":"https:\/\/diarieducacio.cat\/ullalmon\/2015\/11\/02\/la-prohibicio-dalguns-menus-halal-sense-porc-a-franca-enrareix-el-debat-sobre-la-laicitat\/","name":"La prohibici\u00f3 de men\u00fas 'halal' sense porc a Fran\u00e7a enrareix el debat sobre la la\u00efcitat - Ull al m\u00f3n","isPartOf":{"@id":"https:\/\/diarieducacio.cat\/ullalmon\/#website"},"primaryImageOfPage":{"@id":"https:\/\/diarieducacio.cat\/ullalmon\/2015\/11\/02\/la-prohibicio-dalguns-menus-halal-sense-porc-a-franca-enrareix-el-debat-sobre-la-laicitat\/#primaryimage"},"image":{"@id":"https:\/\/diarieducacio.cat\/ullalmon\/2015\/11\/02\/la-prohibicio-dalguns-menus-halal-sense-porc-a-franca-enrareix-el-debat-sobre-la-laicitat\/#primaryimage"},"thumbnailUrl":"https:\/\/diarieducacio.cat\/ullalmon\/wp-content\/uploads\/sites\/2\/2015\/11\/7995809446_b6887fd304_z.jpg","datePublished":"2015-11-02T17:14:18+00:00","dateModified":"2024-05-07T08:46:47+00:00","author":{"@id":"https:\/\/diarieducacio.cat\/ullalmon\/#\/schema\/person\/a59c6f6463f58484e77cabd794911180"},"breadcrumb":{"@id":"https:\/\/diarieducacio.cat\/ullalmon\/2015\/11\/02\/la-prohibicio-dalguns-menus-halal-sense-porc-a-franca-enrareix-el-debat-sobre-la-laicitat\/#breadcrumb"},"inLanguage":"ca","potentialAction":[{"@type":"ReadAction","target":["https:\/\/diarieducacio.cat\/ullalmon\/2015\/11\/02\/la-prohibicio-dalguns-menus-halal-sense-porc-a-franca-enrareix-el-debat-sobre-la-laicitat\/"]}]},{"@type":"ImageObject","inLanguage":"ca","@id":"https:\/\/diarieducacio.cat\/ullalmon\/2015\/11\/02\/la-prohibicio-dalguns-menus-halal-sense-porc-a-franca-enrareix-el-debat-sobre-la-laicitat\/#primaryimage","url":"https:\/\/diarieducacio.cat\/ullalmon\/wp-content\/uploads\/sites\/2\/2015\/11\/7995809446_b6887fd304_z.jpg","contentUrl":"https:\/\/diarieducacio.cat\/ullalmon\/wp-content\/uploads\/sites\/2\/2015\/11\/7995809446_b6887fd304_z.jpg","width":640,"height":392,"caption":"Guerra de la dreta francesa contra els men\u00fas 'halal' \/ Foto U.S. Department of Agriculture"},{"@type":"BreadcrumbList","@id":"https:\/\/diarieducacio.cat\/ullalmon\/2015\/11\/02\/la-prohibicio-dalguns-menus-halal-sense-porc-a-franca-enrareix-el-debat-sobre-la-laicitat\/#breadcrumb","itemListElement":[{"@type":"ListItem","position":1,"name":"Inici","item":"https:\/\/diarieducacio.cat\/ullalmon\/"},{"@type":"ListItem","position":2,"name":"La prohibici\u00f3 de men\u00fas &#8216;halal&#8217; sense porc a Fran\u00e7a enrareix el debat sobre la la\u00efcitat"}]},{"@type":"WebSite","@id":"https:\/\/diarieducacio.cat\/ullalmon\/#website","url":"https:\/\/diarieducacio.cat\/ullalmon\/","name":"Ull al m\u00f3n","description":"Un blog de El Diari de l&#039;Educaci\u00f3","potentialAction":[{"@type":"SearchAction","target":{"@type":"EntryPoint","urlTemplate":"https:\/\/diarieducacio.cat\/ullalmon\/?s={search_term_string}"},"query-input":{"@type":"PropertyValueSpecification","valueRequired":true,"valueName":"search_term_string"}}],"inLanguage":"ca"},{"@type":"Person","@id":"https:\/\/diarieducacio.cat\/ullalmon\/#\/schema\/person\/a59c6f6463f58484e77cabd794911180","name":"Redacci\u00f3","image":{"@type":"ImageObject","inLanguage":"ca","@id":"https:\/\/diarieducacio.cat\/wp-content\/uploads\/2024\/11\/redaccio_avatar-96x96.png","url":"https:\/\/diarieducacio.cat\/wp-content\/uploads\/2024\/11\/redaccio_avatar-96x96.png","contentUrl":"https:\/\/diarieducacio.cat\/wp-content\/uploads\/2024\/11\/redaccio_avatar-96x96.png","caption":"Redacci\u00f3"},"sameAs":["https:\/\/x.com\/CatalunyaPlural"],"url":"https:\/\/diarieducacio.cat\/ullalmon\/author\/redaccio\/"}]}},"_links":{"self":[{"href":"https:\/\/diarieducacio.cat\/ullalmon\/wp-json\/wp\/v2\/posts\/566","targetHints":{"allow":["GET"]}}],"collection":[{"href":"https:\/\/diarieducacio.cat\/ullalmon\/wp-json\/wp\/v2\/posts"}],"about":[{"href":"https:\/\/diarieducacio.cat\/ullalmon\/wp-json\/wp\/v2\/types\/post"}],"author":[{"embeddable":true,"href":"https:\/\/diarieducacio.cat\/ullalmon\/wp-json\/wp\/v2\/users\/3"}],"replies":[{"embeddable":true,"href":"https:\/\/diarieducacio.cat\/ullalmon\/wp-json\/wp\/v2\/comments?post=566"}],"version-history":[{"count":0,"href":"https:\/\/diarieducacio.cat\/ullalmon\/wp-json\/wp\/v2\/posts\/566\/revisions"}],"wp:featuredmedia":[{"embeddable":true,"href":"https:\/\/diarieducacio.cat\/ullalmon\/wp-json\/wp\/v2\/media\/567"}],"wp:attachment":[{"href":"https:\/\/diarieducacio.cat\/ullalmon\/wp-json\/wp\/v2\/media?parent=566"}],"wp:term":[{"taxonomy":"category","embeddable":true,"href":"https:\/\/diarieducacio.cat\/ullalmon\/wp-json\/wp\/v2\/categories?post=566"},{"taxonomy":"post_tag","embeddable":true,"href":"https:\/\/diarieducacio.cat\/ullalmon\/wp-json\/wp\/v2\/tags?post=566"},{"taxonomy":"tipo","embeddable":true,"href":"https:\/\/diarieducacio.cat\/ullalmon\/wp-json\/wp\/v2\/tipo?post=566"}],"curies":[{"name":"wp","href":"https:\/\/api.w.org\/{rel}","templated":true}]}}