{"id":68,"date":"2014-01-30T03:20:12","date_gmt":"2014-01-30T02:20:12","guid":{"rendered":"https:\/\/diarieducacio.cat\/ullalmon\/?p=68"},"modified":"2024-05-07T10:46:42","modified_gmt":"2024-05-07T08:46:42","slug":"twournal-una-revista-academica-a-traves-de-twitter","status":"publish","type":"post","link":"https:\/\/diarieducacio.cat\/ullalmon\/2014\/01\/30\/twournal-una-revista-academica-a-traves-de-twitter\/","title":{"rendered":"Twournal, una revista acad\u00e8mica a trav\u00e9s de Twitter"},"content":{"rendered":"<p>El diari angl\u00e8s The Guardian publica aquesta setmana <a title=\"Twitter journal: would you share your original research on social media?\" href=\"http:\/\/www.theguardian.com\/higher-education-network\/blog\/2014\/jan\/27\/twitter-only-journal-academic-research\" target=\"_blank\" rel=\"noopener\">un article en el que Andy Miah<\/a>, professor de bio\u00e8tica i tecnologia emergent a la Universitat de l&#8217;Oest d&#8217;Esc\u00f2cia, on planteja una proposta pol\u00e8mica. Miah vol impulsar una revista acad\u00e8mica a Twitter, que mantingui el sistema de <a title=\"Avaluaci\u00f3 d'experts\" href=\"http:\/\/ca.wikipedia.org\/wiki\/Avaluaci%C3%B3_d%27experts\" target=\"_blank\" rel=\"noopener\">peer-review<\/a> per\u00f2 alhora ofereixi els resultats de la recerca directament a les xarxes socials: <a title=\"@TwournalOf\" href=\"https:\/\/twitter.com\/TwournalOf\" target=\"_blank\" rel=\"noopener\">Twournal<\/a>, de Twitter i <em>journal<\/em> (revista acad\u00e8mica).<\/p>\n<p>&#8220;Ens diuen constantment que els articles m\u00e9s piulats s\u00f3n m\u00e9s citats que aquells que s\u00f3n menys compartits a les xarxes socials. Sentim a parlar constantment de la mort de la impressi\u00f3 i la pinya al voltant de l&#8217;acc\u00e9s lliure. Per qu\u00e8 no portar la teva feina directament a l&#8217;usuari i publicar-la a Twitter? I amb les m\u00e8triques dels articles cada cop m\u00e9s significants que les de les revistes, les m\u00e8triques de Twitter semblen un desenvolupament natural&#8221;, explica.<\/p>\n<p>Miah explica que el seu projecte \u00e9s en part provocaci\u00f3 filos\u00f2fica i en part intervenci\u00f3 aut\u00e8ntica. Reivindica la interacci\u00f3 amb el p\u00fablic que permet crear una comunitat al voltant de la recerca i planteja que fins i tot el proc\u00e9s de <em>peer-review<\/em> es podria donar a la xarxa.<\/p>\n<p>Sobre el fet de reduir articles de 5.000 paraules en 140 car\u00e0cters, assegura que &#8220;la brevetat del format no determina el grau de veritat que pugui transmetre&#8221;. Per fer possible el nou format, diu que l&#8217;\u00fanic necessari \u00e9s desenvolupar millors convencions per incloure m\u00e9s que ara en un tuit. &#8220;El Twournal ofereix un sistema diferent de revisar, publicar i avaluar els treballs que pot ser coherent amb la forma com s&#8217;est\u00e0 desenvolupant la nostra economia de l&#8217;atenci\u00f3. Mentre el volum d&#8217;articles de revistes acad\u00e8miques es duplica cada 20 anys, hem de tenir aix\u00f2 molt en compte&#8221;, conclou.<\/p>\n","protected":false},"excerpt":{"rendered":"<p>Una proposta provocadora busca crear una revista acad\u00e8mica, amb els criteris habituals de qualitat, que funcioni a trav\u00e9s de Twitter, presentant la recerca de primera m\u00e0 a l&#8217;usuari.<\/p>\n","protected":false},"author":3,"featured_media":69,"comment_status":"open","ping_status":"open","sticky":false,"template":"","format":"standard","meta":{"footnotes":""},"categories":[2],"tags":[],"tipo":[],"class_list":{"0":"post-68","1":"post","2":"type-post","3":"status-publish","4":"format-standard","5":"has-post-thumbnail","7":"category-general"},"yoast_head":"<!-- This site is optimized with the Yoast SEO plugin v27.4 - https:\/\/yoast.com\/product\/yoast-seo-wordpress\/ -->\n<title>Twournal, una revista acad\u00e8mica a trav\u00e9s de Twitter - Ull al m\u00f3n<\/title>\n<meta name=\"robots\" content=\"index, follow, max-snippet:-1, max-image-preview:large, max-video-preview:-1\" \/>\n<link rel=\"canonical\" href=\"https:\/\/diarieducacio.cat\/ullalmon\/2014\/01\/30\/twournal-una-revista-academica-a-traves-de-twitter\/\" \/>\n<meta property=\"og:locale\" content=\"ca_ES\" \/>\n<meta property=\"og:type\" content=\"article\" \/>\n<meta property=\"og:title\" content=\"Twournal, una revista acad\u00e8mica a trav\u00e9s de Twitter - Ull al m\u00f3n\" \/>\n<meta property=\"og:description\" content=\"Una proposta provocadora busca crear una revista acad\u00e8mica, amb els criteris habituals de qualitat, que funcioni a trav\u00e9s de Twitter, presentant la recerca de primera m\u00e0 a l&#039;usuari.\" \/>\n<meta property=\"og:url\" content=\"https:\/\/diarieducacio.cat\/ullalmon\/2014\/01\/30\/twournal-una-revista-academica-a-traves-de-twitter\/\" \/>\n<meta property=\"og:site_name\" content=\"Ull al m\u00f3n\" \/>\n<meta property=\"article:published_time\" content=\"2014-01-30T02:20:12+00:00\" \/>\n<meta property=\"article:modified_time\" content=\"2024-05-07T08:46:42+00:00\" \/>\n<meta property=\"og:image\" content=\"https:\/\/diarieducacio.cat\/ullalmon\/wp-content\/uploads\/sites\/2\/2014\/01\/twournal.jpeg\" \/>\n\t<meta property=\"og:image:width\" content=\"256\" \/>\n\t<meta property=\"og:image:height\" content=\"256\" \/>\n\t<meta property=\"og:image:type\" content=\"image\/jpeg\" \/>\n<meta name=\"author\" content=\"Redacci\u00f3\" \/>\n<meta name=\"twitter:card\" content=\"summary_large_image\" \/>\n<meta name=\"twitter:creator\" content=\"@CatalunyaPlural\" \/>\n<meta name=\"twitter:label1\" content=\"Escrit per\" \/>\n\t<meta name=\"twitter:data1\" content=\"Redacci\u00f3\" \/>\n\t<meta name=\"twitter:label2\" content=\"Temps estimat de lectura\" \/>\n\t<meta name=\"twitter:data2\" content=\"2 minuts\" \/>\n<script type=\"application\/ld+json\" class=\"yoast-schema-graph\">{\"@context\":\"https:\\\/\\\/schema.org\",\"@graph\":[{\"@type\":\"Article\",\"@id\":\"https:\\\/\\\/diarieducacio.cat\\\/ullalmon\\\/2014\\\/01\\\/30\\\/twournal-una-revista-academica-a-traves-de-twitter\\\/#article\",\"isPartOf\":{\"@id\":\"https:\\\/\\\/diarieducacio.cat\\\/ullalmon\\\/2014\\\/01\\\/30\\\/twournal-una-revista-academica-a-traves-de-twitter\\\/\"},\"author\":{\"name\":\"Redacci\u00f3\",\"@id\":\"https:\\\/\\\/diarieducacio.cat\\\/ullalmon\\\/#\\\/schema\\\/person\\\/a59c6f6463f58484e77cabd794911180\"},\"headline\":\"Twournal, una revista acad\u00e8mica a trav\u00e9s de Twitter\",\"datePublished\":\"2014-01-30T02:20:12+00:00\",\"dateModified\":\"2024-05-07T08:46:42+00:00\",\"mainEntityOfPage\":{\"@id\":\"https:\\\/\\\/diarieducacio.cat\\\/ullalmon\\\/2014\\\/01\\\/30\\\/twournal-una-revista-academica-a-traves-de-twitter\\\/\"},\"wordCount\":324,\"commentCount\":0,\"image\":{\"@id\":\"https:\\\/\\\/diarieducacio.cat\\\/ullalmon\\\/2014\\\/01\\\/30\\\/twournal-una-revista-academica-a-traves-de-twitter\\\/#primaryimage\"},\"thumbnailUrl\":\"https:\\\/\\\/diarieducacio.cat\\\/ullalmon\\\/wp-content\\\/uploads\\\/sites\\\/2\\\/2014\\\/01\\\/twournal.jpeg\",\"articleSection\":[\"General\"],\"inLanguage\":\"ca\",\"potentialAction\":[{\"@type\":\"CommentAction\",\"name\":\"Comment\",\"target\":[\"https:\\\/\\\/diarieducacio.cat\\\/ullalmon\\\/2014\\\/01\\\/30\\\/twournal-una-revista-academica-a-traves-de-twitter\\\/#respond\"]}]},{\"@type\":\"WebPage\",\"@id\":\"https:\\\/\\\/diarieducacio.cat\\\/ullalmon\\\/2014\\\/01\\\/30\\\/twournal-una-revista-academica-a-traves-de-twitter\\\/\",\"url\":\"https:\\\/\\\/diarieducacio.cat\\\/ullalmon\\\/2014\\\/01\\\/30\\\/twournal-una-revista-academica-a-traves-de-twitter\\\/\",\"name\":\"Twournal, una revista acad\u00e8mica a trav\u00e9s de Twitter - Ull al m\u00f3n\",\"isPartOf\":{\"@id\":\"https:\\\/\\\/diarieducacio.cat\\\/ullalmon\\\/#website\"},\"primaryImageOfPage\":{\"@id\":\"https:\\\/\\\/diarieducacio.cat\\\/ullalmon\\\/2014\\\/01\\\/30\\\/twournal-una-revista-academica-a-traves-de-twitter\\\/#primaryimage\"},\"image\":{\"@id\":\"https:\\\/\\\/diarieducacio.cat\\\/ullalmon\\\/2014\\\/01\\\/30\\\/twournal-una-revista-academica-a-traves-de-twitter\\\/#primaryimage\"},\"thumbnailUrl\":\"https:\\\/\\\/diarieducacio.cat\\\/ullalmon\\\/wp-content\\\/uploads\\\/sites\\\/2\\\/2014\\\/01\\\/twournal.jpeg\",\"datePublished\":\"2014-01-30T02:20:12+00:00\",\"dateModified\":\"2024-05-07T08:46:42+00:00\",\"author\":{\"@id\":\"https:\\\/\\\/diarieducacio.cat\\\/ullalmon\\\/#\\\/schema\\\/person\\\/a59c6f6463f58484e77cabd794911180\"},\"breadcrumb\":{\"@id\":\"https:\\\/\\\/diarieducacio.cat\\\/ullalmon\\\/2014\\\/01\\\/30\\\/twournal-una-revista-academica-a-traves-de-twitter\\\/#breadcrumb\"},\"inLanguage\":\"ca\",\"potentialAction\":[{\"@type\":\"ReadAction\",\"target\":[\"https:\\\/\\\/diarieducacio.cat\\\/ullalmon\\\/2014\\\/01\\\/30\\\/twournal-una-revista-academica-a-traves-de-twitter\\\/\"]}]},{\"@type\":\"ImageObject\",\"inLanguage\":\"ca\",\"@id\":\"https:\\\/\\\/diarieducacio.cat\\\/ullalmon\\\/2014\\\/01\\\/30\\\/twournal-una-revista-academica-a-traves-de-twitter\\\/#primaryimage\",\"url\":\"https:\\\/\\\/diarieducacio.cat\\\/ullalmon\\\/wp-content\\\/uploads\\\/sites\\\/2\\\/2014\\\/01\\\/twournal.jpeg\",\"contentUrl\":\"https:\\\/\\\/diarieducacio.cat\\\/ullalmon\\\/wp-content\\\/uploads\\\/sites\\\/2\\\/2014\\\/01\\\/twournal.jpeg\",\"width\":256,\"height\":256,\"caption\":\"Imatge del compte de Twitter de @TwournalOf\"},{\"@type\":\"BreadcrumbList\",\"@id\":\"https:\\\/\\\/diarieducacio.cat\\\/ullalmon\\\/2014\\\/01\\\/30\\\/twournal-una-revista-academica-a-traves-de-twitter\\\/#breadcrumb\",\"itemListElement\":[{\"@type\":\"ListItem\",\"position\":1,\"name\":\"Inici\",\"item\":\"https:\\\/\\\/diarieducacio.cat\\\/ullalmon\\\/\"},{\"@type\":\"ListItem\",\"position\":2,\"name\":\"Twournal, una revista acad\u00e8mica a trav\u00e9s de Twitter\"}]},{\"@type\":\"WebSite\",\"@id\":\"https:\\\/\\\/diarieducacio.cat\\\/ullalmon\\\/#website\",\"url\":\"https:\\\/\\\/diarieducacio.cat\\\/ullalmon\\\/\",\"name\":\"Ull al m\u00f3n\",\"description\":\"Un blog de El Diari de l&#039;Educaci\u00f3\",\"potentialAction\":[{\"@type\":\"SearchAction\",\"target\":{\"@type\":\"EntryPoint\",\"urlTemplate\":\"https:\\\/\\\/diarieducacio.cat\\\/ullalmon\\\/?s={search_term_string}\"},\"query-input\":{\"@type\":\"PropertyValueSpecification\",\"valueRequired\":true,\"valueName\":\"search_term_string\"}}],\"inLanguage\":\"ca\"},{\"@type\":\"Person\",\"@id\":\"https:\\\/\\\/diarieducacio.cat\\\/ullalmon\\\/#\\\/schema\\\/person\\\/a59c6f6463f58484e77cabd794911180\",\"name\":\"Redacci\u00f3\",\"image\":{\"@type\":\"ImageObject\",\"inLanguage\":\"ca\",\"@id\":\"https:\\\/\\\/diarieducacio.cat\\\/wp-content\\\/uploads\\\/2024\\\/11\\\/redaccio_avatar-96x96.png\",\"url\":\"https:\\\/\\\/diarieducacio.cat\\\/wp-content\\\/uploads\\\/2024\\\/11\\\/redaccio_avatar-96x96.png\",\"contentUrl\":\"https:\\\/\\\/diarieducacio.cat\\\/wp-content\\\/uploads\\\/2024\\\/11\\\/redaccio_avatar-96x96.png\",\"caption\":\"Redacci\u00f3\"},\"sameAs\":[\"https:\\\/\\\/x.com\\\/CatalunyaPlural\"],\"url\":\"https:\\\/\\\/diarieducacio.cat\\\/ullalmon\\\/author\\\/redaccio\\\/\"}]}<\/script>\n<!-- \/ Yoast SEO plugin. -->","yoast_head_json":{"title":"Twournal, una revista acad\u00e8mica a trav\u00e9s de Twitter - Ull al m\u00f3n","robots":{"index":"index","follow":"follow","max-snippet":"max-snippet:-1","max-image-preview":"max-image-preview:large","max-video-preview":"max-video-preview:-1"},"canonical":"https:\/\/diarieducacio.cat\/ullalmon\/2014\/01\/30\/twournal-una-revista-academica-a-traves-de-twitter\/","og_locale":"ca_ES","og_type":"article","og_title":"Twournal, una revista acad\u00e8mica a trav\u00e9s de Twitter - Ull al m\u00f3n","og_description":"Una proposta provocadora busca crear una revista acad\u00e8mica, amb els criteris habituals de qualitat, que funcioni a trav\u00e9s de Twitter, presentant la recerca de primera m\u00e0 a l'usuari.","og_url":"https:\/\/diarieducacio.cat\/ullalmon\/2014\/01\/30\/twournal-una-revista-academica-a-traves-de-twitter\/","og_site_name":"Ull al m\u00f3n","article_published_time":"2014-01-30T02:20:12+00:00","article_modified_time":"2024-05-07T08:46:42+00:00","og_image":[{"width":256,"height":256,"url":"https:\/\/diarieducacio.cat\/ullalmon\/wp-content\/uploads\/sites\/2\/2014\/01\/twournal.jpeg","type":"image\/jpeg"}],"author":"Redacci\u00f3","twitter_card":"summary_large_image","twitter_creator":"@CatalunyaPlural","twitter_misc":{"Escrit per":"Redacci\u00f3","Temps estimat de lectura":"2 minuts"},"schema":{"@context":"https:\/\/schema.org","@graph":[{"@type":"Article","@id":"https:\/\/diarieducacio.cat\/ullalmon\/2014\/01\/30\/twournal-una-revista-academica-a-traves-de-twitter\/#article","isPartOf":{"@id":"https:\/\/diarieducacio.cat\/ullalmon\/2014\/01\/30\/twournal-una-revista-academica-a-traves-de-twitter\/"},"author":{"name":"Redacci\u00f3","@id":"https:\/\/diarieducacio.cat\/ullalmon\/#\/schema\/person\/a59c6f6463f58484e77cabd794911180"},"headline":"Twournal, una revista acad\u00e8mica a trav\u00e9s de Twitter","datePublished":"2014-01-30T02:20:12+00:00","dateModified":"2024-05-07T08:46:42+00:00","mainEntityOfPage":{"@id":"https:\/\/diarieducacio.cat\/ullalmon\/2014\/01\/30\/twournal-una-revista-academica-a-traves-de-twitter\/"},"wordCount":324,"commentCount":0,"image":{"@id":"https:\/\/diarieducacio.cat\/ullalmon\/2014\/01\/30\/twournal-una-revista-academica-a-traves-de-twitter\/#primaryimage"},"thumbnailUrl":"https:\/\/diarieducacio.cat\/ullalmon\/wp-content\/uploads\/sites\/2\/2014\/01\/twournal.jpeg","articleSection":["General"],"inLanguage":"ca","potentialAction":[{"@type":"CommentAction","name":"Comment","target":["https:\/\/diarieducacio.cat\/ullalmon\/2014\/01\/30\/twournal-una-revista-academica-a-traves-de-twitter\/#respond"]}]},{"@type":"WebPage","@id":"https:\/\/diarieducacio.cat\/ullalmon\/2014\/01\/30\/twournal-una-revista-academica-a-traves-de-twitter\/","url":"https:\/\/diarieducacio.cat\/ullalmon\/2014\/01\/30\/twournal-una-revista-academica-a-traves-de-twitter\/","name":"Twournal, una revista acad\u00e8mica a trav\u00e9s de Twitter - Ull al m\u00f3n","isPartOf":{"@id":"https:\/\/diarieducacio.cat\/ullalmon\/#website"},"primaryImageOfPage":{"@id":"https:\/\/diarieducacio.cat\/ullalmon\/2014\/01\/30\/twournal-una-revista-academica-a-traves-de-twitter\/#primaryimage"},"image":{"@id":"https:\/\/diarieducacio.cat\/ullalmon\/2014\/01\/30\/twournal-una-revista-academica-a-traves-de-twitter\/#primaryimage"},"thumbnailUrl":"https:\/\/diarieducacio.cat\/ullalmon\/wp-content\/uploads\/sites\/2\/2014\/01\/twournal.jpeg","datePublished":"2014-01-30T02:20:12+00:00","dateModified":"2024-05-07T08:46:42+00:00","author":{"@id":"https:\/\/diarieducacio.cat\/ullalmon\/#\/schema\/person\/a59c6f6463f58484e77cabd794911180"},"breadcrumb":{"@id":"https:\/\/diarieducacio.cat\/ullalmon\/2014\/01\/30\/twournal-una-revista-academica-a-traves-de-twitter\/#breadcrumb"},"inLanguage":"ca","potentialAction":[{"@type":"ReadAction","target":["https:\/\/diarieducacio.cat\/ullalmon\/2014\/01\/30\/twournal-una-revista-academica-a-traves-de-twitter\/"]}]},{"@type":"ImageObject","inLanguage":"ca","@id":"https:\/\/diarieducacio.cat\/ullalmon\/2014\/01\/30\/twournal-una-revista-academica-a-traves-de-twitter\/#primaryimage","url":"https:\/\/diarieducacio.cat\/ullalmon\/wp-content\/uploads\/sites\/2\/2014\/01\/twournal.jpeg","contentUrl":"https:\/\/diarieducacio.cat\/ullalmon\/wp-content\/uploads\/sites\/2\/2014\/01\/twournal.jpeg","width":256,"height":256,"caption":"Imatge del compte de Twitter de @TwournalOf"},{"@type":"BreadcrumbList","@id":"https:\/\/diarieducacio.cat\/ullalmon\/2014\/01\/30\/twournal-una-revista-academica-a-traves-de-twitter\/#breadcrumb","itemListElement":[{"@type":"ListItem","position":1,"name":"Inici","item":"https:\/\/diarieducacio.cat\/ullalmon\/"},{"@type":"ListItem","position":2,"name":"Twournal, una revista acad\u00e8mica a trav\u00e9s de Twitter"}]},{"@type":"WebSite","@id":"https:\/\/diarieducacio.cat\/ullalmon\/#website","url":"https:\/\/diarieducacio.cat\/ullalmon\/","name":"Ull al m\u00f3n","description":"Un blog de El Diari de l&#039;Educaci\u00f3","potentialAction":[{"@type":"SearchAction","target":{"@type":"EntryPoint","urlTemplate":"https:\/\/diarieducacio.cat\/ullalmon\/?s={search_term_string}"},"query-input":{"@type":"PropertyValueSpecification","valueRequired":true,"valueName":"search_term_string"}}],"inLanguage":"ca"},{"@type":"Person","@id":"https:\/\/diarieducacio.cat\/ullalmon\/#\/schema\/person\/a59c6f6463f58484e77cabd794911180","name":"Redacci\u00f3","image":{"@type":"ImageObject","inLanguage":"ca","@id":"https:\/\/diarieducacio.cat\/wp-content\/uploads\/2024\/11\/redaccio_avatar-96x96.png","url":"https:\/\/diarieducacio.cat\/wp-content\/uploads\/2024\/11\/redaccio_avatar-96x96.png","contentUrl":"https:\/\/diarieducacio.cat\/wp-content\/uploads\/2024\/11\/redaccio_avatar-96x96.png","caption":"Redacci\u00f3"},"sameAs":["https:\/\/x.com\/CatalunyaPlural"],"url":"https:\/\/diarieducacio.cat\/ullalmon\/author\/redaccio\/"}]}},"_links":{"self":[{"href":"https:\/\/diarieducacio.cat\/ullalmon\/wp-json\/wp\/v2\/posts\/68","targetHints":{"allow":["GET"]}}],"collection":[{"href":"https:\/\/diarieducacio.cat\/ullalmon\/wp-json\/wp\/v2\/posts"}],"about":[{"href":"https:\/\/diarieducacio.cat\/ullalmon\/wp-json\/wp\/v2\/types\/post"}],"author":[{"embeddable":true,"href":"https:\/\/diarieducacio.cat\/ullalmon\/wp-json\/wp\/v2\/users\/3"}],"replies":[{"embeddable":true,"href":"https:\/\/diarieducacio.cat\/ullalmon\/wp-json\/wp\/v2\/comments?post=68"}],"version-history":[{"count":0,"href":"https:\/\/diarieducacio.cat\/ullalmon\/wp-json\/wp\/v2\/posts\/68\/revisions"}],"wp:featuredmedia":[{"embeddable":true,"href":"https:\/\/diarieducacio.cat\/ullalmon\/wp-json\/wp\/v2\/media\/69"}],"wp:attachment":[{"href":"https:\/\/diarieducacio.cat\/ullalmon\/wp-json\/wp\/v2\/media?parent=68"}],"wp:term":[{"taxonomy":"category","embeddable":true,"href":"https:\/\/diarieducacio.cat\/ullalmon\/wp-json\/wp\/v2\/categories?post=68"},{"taxonomy":"post_tag","embeddable":true,"href":"https:\/\/diarieducacio.cat\/ullalmon\/wp-json\/wp\/v2\/tags?post=68"},{"taxonomy":"tipo","embeddable":true,"href":"https:\/\/diarieducacio.cat\/ullalmon\/wp-json\/wp\/v2\/tipo?post=68"}],"curies":[{"name":"wp","href":"https:\/\/api.w.org\/{rel}","templated":true}]}}