{"id":697,"date":"2016-02-02T09:08:44","date_gmt":"2016-02-02T08:08:44","guid":{"rendered":"https:\/\/diarieducacio.cat\/ullalmon\/?p=697"},"modified":"2024-05-07T10:46:47","modified_gmt":"2024-05-07T08:46:47","slug":"un-estudi-revela-que-els-titulats-de-minories-etniques-cobren-menys-que-els-blancs","status":"publish","type":"post","link":"https:\/\/diarieducacio.cat\/ullalmon\/2016\/02\/02\/un-estudi-revela-que-els-titulats-de-minories-etniques-cobren-menys-que-els-blancs\/","title":{"rendered":"Els titulats brit\u00e0nics de minories \u00e8tniques tarden m\u00e9s en ser contractats i cobren menys que la resta"},"content":{"rendered":"<p>Ho afirma\u00a0un estudi elaborat\u00a0per l&#8217;<strong><a href=\"https:\/\/www.iser.essex.ac.uk\/research\/publications\/working-papers\/iser\/2016-02.pdf\">Institute for Social and Economic Research<\/a>\u00a0<\/strong>de la universitat d&#8217;Essex, a la Gran Bretanya. La investigaci\u00f3 conclou que els titulats brit\u00e0nics que formen part de minories \u00e8tniques tenen entre un 5 i un 10%<strong> menys de probabilitats que els seus companys blancs d&#8217;haver trobat feina<\/strong> al cap de mig any d&#8217;incorporar-se al m\u00f3n laboral despr\u00e9s d&#8217;acabar els estudis. Els m\u00e9s perjudicats s\u00f3n els gradutas procedents del Pakistan, de Bangla Desh i de la Xina.<\/p>\n<p>Alguns dels motius que justifiquen\u00a0aquesta tend\u00e8ncia \u00e9s que els estudiants originaris de\u00a0minories \u00e8tniques acostumen a anar a <strong>universitats de menys prestigi<\/strong>, per norma general pert\u00e0nyen a una<strong> classe social &#8220;m\u00e9s baixa&#8221;<\/strong> que els estudiants brit\u00e0nics blancs i viuen en <strong>zones menys afavorides<\/strong>. Tot i aix\u00ed, la recerca\u00a0compara la situaci\u00f3 dels estudiants graduats de minories \u00e8tniques i els graduats blancs que reuneixen\u00a0els mateixos factors socioecon\u00f2mics i determina que, tot i aix\u00ed, pels blancs els \u00e9s m\u00e9s f\u00e0cil trobar feina.<\/p>\n<p>A m\u00e9s, segons els autors de l&#8217;estudi,<strong> Wouter Zwysen<\/strong> i <strong>Simonetta Longhi<\/strong>, la tardan\u00e7a en incorporar-se al mercat laboral pot tenir <strong>greus conseq\u00fc\u00e8ncies pels procedents<\/strong> de minories \u00e8tniques perqu\u00e8 pot <strong>determinar el salari<\/strong> que percerbr\u00e0 la persona en un futur. Els graduats que queden a l&#8217;atur despr\u00e9s de graduar-se poden arribar a cobrar un 20 o 25% menys que els que s&#8217;incorporen\u00a0r\u00e0pidament al marcat laboral. L&#8217;estudi analitza la situaci\u00f3 d&#8217;aquests graduats tres anys i mig m\u00e9s tard de sortir de la universitat i conclou\u00a0que els qui provenen de minories \u00e8tniques tenen un sou d&#8217;entre un 12 i un 20% menys que els graduats brit\u00e0nics blancs.<\/p>\n<p><strong>Pel que fa a les dones, la situaci\u00f3 empitjora.<\/strong> Deixant de banda que tamb\u00e9 tenen m\u00e9s n\u00fameros de cobrar menys i incorporar-se m\u00e9s tard al mercat laboral, en el seu futur professional ho tindr\u00e0n <strong>molt m\u00e9s dif\u00edcil per pujar de gra\u00f3<\/strong> dins d&#8217;una empresa i cobraran entre un 3 i un 7% menys que les dones brit\u00e0niques procedents d&#8217;entorns socioecon\u00f2mics semblants.<\/p>\n","protected":false},"excerpt":{"rendered":"<p>Un estudi determina que els estudiants brit\u00e0nics procedents de minories \u00e8tniques tenen m\u00e9s dificultats d&#8217;incorporar-se al mercat laboral i cobren menys que els seus companys blancs. <\/p>\n","protected":false},"author":3,"featured_media":698,"comment_status":"open","ping_status":"open","sticky":false,"template":"","format":"standard","meta":{"footnotes":""},"categories":[2],"tags":[51,52,53,54,55,56,57,58,59,60],"tipo":[],"class_list":{"0":"post-697","1":"post","2":"type-post","3":"status-publish","4":"format-standard","5":"has-post-thumbnail","7":"category-general","8":"tag-afroamericans","9":"tag-blancs","10":"tag-caucasics","11":"tag-gradutas","12":"tag-incorporacio","13":"tag-mercat-laboral","14":"tag-minories-etniques","15":"tag-oportunitats","16":"tag-salari","17":"tag-sou"},"yoast_head":"<!-- This site is optimized with the Yoast SEO plugin v27.5 - https:\/\/yoast.com\/product\/yoast-seo-wordpress\/ -->\n<title>Els titulats brit\u00e0nics de minories \u00e8tniques cobren menys que la resta<\/title>\n<meta name=\"robots\" content=\"index, follow, max-snippet:-1, max-image-preview:large, max-video-preview:-1\" \/>\n<link rel=\"canonical\" href=\"https:\/\/diarieducacio.cat\/ullalmon\/2016\/02\/02\/un-estudi-revela-que-els-titulats-de-minories-etniques-cobren-menys-que-els-blancs\/\" \/>\n<meta property=\"og:locale\" content=\"ca_ES\" \/>\n<meta property=\"og:type\" content=\"article\" \/>\n<meta property=\"og:title\" content=\"Els titulats brit\u00e0nics de minories \u00e8tniques cobren menys que la resta\" \/>\n<meta property=\"og:description\" content=\"Un estudi determina que els estudiants brit\u00e0nics procedents de minories \u00e8tniques tenen m\u00e9s dificultats d&#039;incorporar-se al mercat laboral i cobren menys que els seus companys blancs.\" \/>\n<meta property=\"og:url\" content=\"https:\/\/diarieducacio.cat\/ullalmon\/2016\/02\/02\/un-estudi-revela-que-els-titulats-de-minories-etniques-cobren-menys-que-els-blancs\/\" \/>\n<meta property=\"og:site_name\" content=\"Ull al m\u00f3n\" \/>\n<meta property=\"article:published_time\" content=\"2016-02-02T08:08:44+00:00\" \/>\n<meta property=\"article:modified_time\" content=\"2024-05-07T08:46:47+00:00\" \/>\n<meta property=\"og:image\" content=\"https:\/\/diarieducacio.cat\/ullalmon\/wp-content\/uploads\/sites\/2\/2016\/02\/University_of_Virginia_School_of_Law_Library_opt.jpg\" \/>\n\t<meta property=\"og:image:width\" content=\"800\" \/>\n\t<meta property=\"og:image:height\" content=\"533\" \/>\n\t<meta property=\"og:image:type\" content=\"image\/jpeg\" \/>\n<meta name=\"author\" content=\"Redacci\u00f3\" \/>\n<meta name=\"twitter:card\" content=\"summary_large_image\" \/>\n<meta name=\"twitter:creator\" content=\"@CatalunyaPlural\" \/>\n<meta name=\"twitter:label1\" content=\"Escrit per\" \/>\n\t<meta name=\"twitter:data1\" content=\"Redacci\u00f3\" \/>\n\t<meta name=\"twitter:label2\" content=\"Temps estimat de lectura\" \/>\n\t<meta name=\"twitter:data2\" content=\"2 minuts\" \/>\n<script type=\"application\/ld+json\" class=\"yoast-schema-graph\">{\"@context\":\"https:\\\/\\\/schema.org\",\"@graph\":[{\"@type\":\"Article\",\"@id\":\"https:\\\/\\\/diarieducacio.cat\\\/ullalmon\\\/2016\\\/02\\\/02\\\/un-estudi-revela-que-els-titulats-de-minories-etniques-cobren-menys-que-els-blancs\\\/#article\",\"isPartOf\":{\"@id\":\"https:\\\/\\\/diarieducacio.cat\\\/ullalmon\\\/2016\\\/02\\\/02\\\/un-estudi-revela-que-els-titulats-de-minories-etniques-cobren-menys-que-els-blancs\\\/\"},\"author\":{\"name\":\"Redacci\u00f3\",\"@id\":\"https:\\\/\\\/diarieducacio.cat\\\/ullalmon\\\/#\\\/schema\\\/person\\\/a59c6f6463f58484e77cabd794911180\"},\"headline\":\"Els titulats brit\u00e0nics de minories \u00e8tniques tarden m\u00e9s en ser contractats i cobren menys que la resta\",\"datePublished\":\"2016-02-02T08:08:44+00:00\",\"dateModified\":\"2024-05-07T08:46:47+00:00\",\"mainEntityOfPage\":{\"@id\":\"https:\\\/\\\/diarieducacio.cat\\\/ullalmon\\\/2016\\\/02\\\/02\\\/un-estudi-revela-que-els-titulats-de-minories-etniques-cobren-menys-que-els-blancs\\\/\"},\"wordCount\":381,\"commentCount\":0,\"image\":{\"@id\":\"https:\\\/\\\/diarieducacio.cat\\\/ullalmon\\\/2016\\\/02\\\/02\\\/un-estudi-revela-que-els-titulats-de-minories-etniques-cobren-menys-que-els-blancs\\\/#primaryimage\"},\"thumbnailUrl\":\"https:\\\/\\\/diarieducacio.cat\\\/ullalmon\\\/wp-content\\\/uploads\\\/sites\\\/2\\\/2016\\\/02\\\/University_of_Virginia_School_of_Law_Library_opt.jpg\",\"keywords\":[\"afroamericans\",\"blancs\",\"cauc\u00e0sics\",\"gradutas\",\"incorporaci\u00f3\",\"mercat laboral\",\"minories \u00e8tniques\",\"oportunitats\",\"salari\",\"sou\"],\"articleSection\":[\"General\"],\"inLanguage\":\"ca\",\"potentialAction\":[{\"@type\":\"CommentAction\",\"name\":\"Comment\",\"target\":[\"https:\\\/\\\/diarieducacio.cat\\\/ullalmon\\\/2016\\\/02\\\/02\\\/un-estudi-revela-que-els-titulats-de-minories-etniques-cobren-menys-que-els-blancs\\\/#respond\"]}]},{\"@type\":\"WebPage\",\"@id\":\"https:\\\/\\\/diarieducacio.cat\\\/ullalmon\\\/2016\\\/02\\\/02\\\/un-estudi-revela-que-els-titulats-de-minories-etniques-cobren-menys-que-els-blancs\\\/\",\"url\":\"https:\\\/\\\/diarieducacio.cat\\\/ullalmon\\\/2016\\\/02\\\/02\\\/un-estudi-revela-que-els-titulats-de-minories-etniques-cobren-menys-que-els-blancs\\\/\",\"name\":\"Els titulats brit\u00e0nics de minories \u00e8tniques cobren menys que la resta\",\"isPartOf\":{\"@id\":\"https:\\\/\\\/diarieducacio.cat\\\/ullalmon\\\/#website\"},\"primaryImageOfPage\":{\"@id\":\"https:\\\/\\\/diarieducacio.cat\\\/ullalmon\\\/2016\\\/02\\\/02\\\/un-estudi-revela-que-els-titulats-de-minories-etniques-cobren-menys-que-els-blancs\\\/#primaryimage\"},\"image\":{\"@id\":\"https:\\\/\\\/diarieducacio.cat\\\/ullalmon\\\/2016\\\/02\\\/02\\\/un-estudi-revela-que-els-titulats-de-minories-etniques-cobren-menys-que-els-blancs\\\/#primaryimage\"},\"thumbnailUrl\":\"https:\\\/\\\/diarieducacio.cat\\\/ullalmon\\\/wp-content\\\/uploads\\\/sites\\\/2\\\/2016\\\/02\\\/University_of_Virginia_School_of_Law_Library_opt.jpg\",\"datePublished\":\"2016-02-02T08:08:44+00:00\",\"dateModified\":\"2024-05-07T08:46:47+00:00\",\"author\":{\"@id\":\"https:\\\/\\\/diarieducacio.cat\\\/ullalmon\\\/#\\\/schema\\\/person\\\/a59c6f6463f58484e77cabd794911180\"},\"breadcrumb\":{\"@id\":\"https:\\\/\\\/diarieducacio.cat\\\/ullalmon\\\/2016\\\/02\\\/02\\\/un-estudi-revela-que-els-titulats-de-minories-etniques-cobren-menys-que-els-blancs\\\/#breadcrumb\"},\"inLanguage\":\"ca\",\"potentialAction\":[{\"@type\":\"ReadAction\",\"target\":[\"https:\\\/\\\/diarieducacio.cat\\\/ullalmon\\\/2016\\\/02\\\/02\\\/un-estudi-revela-que-els-titulats-de-minories-etniques-cobren-menys-que-els-blancs\\\/\"]}]},{\"@type\":\"ImageObject\",\"inLanguage\":\"ca\",\"@id\":\"https:\\\/\\\/diarieducacio.cat\\\/ullalmon\\\/2016\\\/02\\\/02\\\/un-estudi-revela-que-els-titulats-de-minories-etniques-cobren-menys-que-els-blancs\\\/#primaryimage\",\"url\":\"https:\\\/\\\/diarieducacio.cat\\\/ullalmon\\\/wp-content\\\/uploads\\\/sites\\\/2\\\/2016\\\/02\\\/University_of_Virginia_School_of_Law_Library_opt.jpg\",\"contentUrl\":\"https:\\\/\\\/diarieducacio.cat\\\/ullalmon\\\/wp-content\\\/uploads\\\/sites\\\/2\\\/2016\\\/02\\\/University_of_Virginia_School_of_Law_Library_opt.jpg\",\"width\":800,\"height\":533,\"caption\":\"Estudiants de la facultat de Dret de la Universitat de Virginia \\\/ CC by-sa Mmw3v (Wikimedia commons)\"},{\"@type\":\"BreadcrumbList\",\"@id\":\"https:\\\/\\\/diarieducacio.cat\\\/ullalmon\\\/2016\\\/02\\\/02\\\/un-estudi-revela-que-els-titulats-de-minories-etniques-cobren-menys-que-els-blancs\\\/#breadcrumb\",\"itemListElement\":[{\"@type\":\"ListItem\",\"position\":1,\"name\":\"Inici\",\"item\":\"https:\\\/\\\/diarieducacio.cat\\\/ullalmon\\\/\"},{\"@type\":\"ListItem\",\"position\":2,\"name\":\"Els titulats brit\u00e0nics de minories \u00e8tniques tarden m\u00e9s en ser contractats i cobren menys que la resta\"}]},{\"@type\":\"WebSite\",\"@id\":\"https:\\\/\\\/diarieducacio.cat\\\/ullalmon\\\/#website\",\"url\":\"https:\\\/\\\/diarieducacio.cat\\\/ullalmon\\\/\",\"name\":\"Ull al m\u00f3n\",\"description\":\"Un blog de El Diari de l&#039;Educaci\u00f3\",\"potentialAction\":[{\"@type\":\"SearchAction\",\"target\":{\"@type\":\"EntryPoint\",\"urlTemplate\":\"https:\\\/\\\/diarieducacio.cat\\\/ullalmon\\\/?s={search_term_string}\"},\"query-input\":{\"@type\":\"PropertyValueSpecification\",\"valueRequired\":true,\"valueName\":\"search_term_string\"}}],\"inLanguage\":\"ca\"},{\"@type\":\"Person\",\"@id\":\"https:\\\/\\\/diarieducacio.cat\\\/ullalmon\\\/#\\\/schema\\\/person\\\/a59c6f6463f58484e77cabd794911180\",\"name\":\"Redacci\u00f3\",\"image\":{\"@type\":\"ImageObject\",\"inLanguage\":\"ca\",\"@id\":\"https:\\\/\\\/diarieducacio.cat\\\/wp-content\\\/uploads\\\/2024\\\/11\\\/redaccio_avatar-96x96.png\",\"url\":\"https:\\\/\\\/diarieducacio.cat\\\/wp-content\\\/uploads\\\/2024\\\/11\\\/redaccio_avatar-96x96.png\",\"contentUrl\":\"https:\\\/\\\/diarieducacio.cat\\\/wp-content\\\/uploads\\\/2024\\\/11\\\/redaccio_avatar-96x96.png\",\"caption\":\"Redacci\u00f3\"},\"sameAs\":[\"https:\\\/\\\/x.com\\\/CatalunyaPlural\"],\"url\":\"https:\\\/\\\/diarieducacio.cat\\\/ullalmon\\\/author\\\/redaccio\\\/\"}]}<\/script>\n<!-- \/ Yoast SEO plugin. -->","yoast_head_json":{"title":"Els titulats brit\u00e0nics de minories \u00e8tniques cobren menys que la resta","robots":{"index":"index","follow":"follow","max-snippet":"max-snippet:-1","max-image-preview":"max-image-preview:large","max-video-preview":"max-video-preview:-1"},"canonical":"https:\/\/diarieducacio.cat\/ullalmon\/2016\/02\/02\/un-estudi-revela-que-els-titulats-de-minories-etniques-cobren-menys-que-els-blancs\/","og_locale":"ca_ES","og_type":"article","og_title":"Els titulats brit\u00e0nics de minories \u00e8tniques cobren menys que la resta","og_description":"Un estudi determina que els estudiants brit\u00e0nics procedents de minories \u00e8tniques tenen m\u00e9s dificultats d'incorporar-se al mercat laboral i cobren menys que els seus companys blancs.","og_url":"https:\/\/diarieducacio.cat\/ullalmon\/2016\/02\/02\/un-estudi-revela-que-els-titulats-de-minories-etniques-cobren-menys-que-els-blancs\/","og_site_name":"Ull al m\u00f3n","article_published_time":"2016-02-02T08:08:44+00:00","article_modified_time":"2024-05-07T08:46:47+00:00","og_image":[{"width":800,"height":533,"url":"https:\/\/diarieducacio.cat\/ullalmon\/wp-content\/uploads\/sites\/2\/2016\/02\/University_of_Virginia_School_of_Law_Library_opt.jpg","type":"image\/jpeg"}],"author":"Redacci\u00f3","twitter_card":"summary_large_image","twitter_creator":"@CatalunyaPlural","twitter_misc":{"Escrit per":"Redacci\u00f3","Temps estimat de lectura":"2 minuts"},"schema":{"@context":"https:\/\/schema.org","@graph":[{"@type":"Article","@id":"https:\/\/diarieducacio.cat\/ullalmon\/2016\/02\/02\/un-estudi-revela-que-els-titulats-de-minories-etniques-cobren-menys-que-els-blancs\/#article","isPartOf":{"@id":"https:\/\/diarieducacio.cat\/ullalmon\/2016\/02\/02\/un-estudi-revela-que-els-titulats-de-minories-etniques-cobren-menys-que-els-blancs\/"},"author":{"name":"Redacci\u00f3","@id":"https:\/\/diarieducacio.cat\/ullalmon\/#\/schema\/person\/a59c6f6463f58484e77cabd794911180"},"headline":"Els titulats brit\u00e0nics de minories \u00e8tniques tarden m\u00e9s en ser contractats i cobren menys que la resta","datePublished":"2016-02-02T08:08:44+00:00","dateModified":"2024-05-07T08:46:47+00:00","mainEntityOfPage":{"@id":"https:\/\/diarieducacio.cat\/ullalmon\/2016\/02\/02\/un-estudi-revela-que-els-titulats-de-minories-etniques-cobren-menys-que-els-blancs\/"},"wordCount":381,"commentCount":0,"image":{"@id":"https:\/\/diarieducacio.cat\/ullalmon\/2016\/02\/02\/un-estudi-revela-que-els-titulats-de-minories-etniques-cobren-menys-que-els-blancs\/#primaryimage"},"thumbnailUrl":"https:\/\/diarieducacio.cat\/ullalmon\/wp-content\/uploads\/sites\/2\/2016\/02\/University_of_Virginia_School_of_Law_Library_opt.jpg","keywords":["afroamericans","blancs","cauc\u00e0sics","gradutas","incorporaci\u00f3","mercat laboral","minories \u00e8tniques","oportunitats","salari","sou"],"articleSection":["General"],"inLanguage":"ca","potentialAction":[{"@type":"CommentAction","name":"Comment","target":["https:\/\/diarieducacio.cat\/ullalmon\/2016\/02\/02\/un-estudi-revela-que-els-titulats-de-minories-etniques-cobren-menys-que-els-blancs\/#respond"]}]},{"@type":"WebPage","@id":"https:\/\/diarieducacio.cat\/ullalmon\/2016\/02\/02\/un-estudi-revela-que-els-titulats-de-minories-etniques-cobren-menys-que-els-blancs\/","url":"https:\/\/diarieducacio.cat\/ullalmon\/2016\/02\/02\/un-estudi-revela-que-els-titulats-de-minories-etniques-cobren-menys-que-els-blancs\/","name":"Els titulats brit\u00e0nics de minories \u00e8tniques cobren menys que la resta","isPartOf":{"@id":"https:\/\/diarieducacio.cat\/ullalmon\/#website"},"primaryImageOfPage":{"@id":"https:\/\/diarieducacio.cat\/ullalmon\/2016\/02\/02\/un-estudi-revela-que-els-titulats-de-minories-etniques-cobren-menys-que-els-blancs\/#primaryimage"},"image":{"@id":"https:\/\/diarieducacio.cat\/ullalmon\/2016\/02\/02\/un-estudi-revela-que-els-titulats-de-minories-etniques-cobren-menys-que-els-blancs\/#primaryimage"},"thumbnailUrl":"https:\/\/diarieducacio.cat\/ullalmon\/wp-content\/uploads\/sites\/2\/2016\/02\/University_of_Virginia_School_of_Law_Library_opt.jpg","datePublished":"2016-02-02T08:08:44+00:00","dateModified":"2024-05-07T08:46:47+00:00","author":{"@id":"https:\/\/diarieducacio.cat\/ullalmon\/#\/schema\/person\/a59c6f6463f58484e77cabd794911180"},"breadcrumb":{"@id":"https:\/\/diarieducacio.cat\/ullalmon\/2016\/02\/02\/un-estudi-revela-que-els-titulats-de-minories-etniques-cobren-menys-que-els-blancs\/#breadcrumb"},"inLanguage":"ca","potentialAction":[{"@type":"ReadAction","target":["https:\/\/diarieducacio.cat\/ullalmon\/2016\/02\/02\/un-estudi-revela-que-els-titulats-de-minories-etniques-cobren-menys-que-els-blancs\/"]}]},{"@type":"ImageObject","inLanguage":"ca","@id":"https:\/\/diarieducacio.cat\/ullalmon\/2016\/02\/02\/un-estudi-revela-que-els-titulats-de-minories-etniques-cobren-menys-que-els-blancs\/#primaryimage","url":"https:\/\/diarieducacio.cat\/ullalmon\/wp-content\/uploads\/sites\/2\/2016\/02\/University_of_Virginia_School_of_Law_Library_opt.jpg","contentUrl":"https:\/\/diarieducacio.cat\/ullalmon\/wp-content\/uploads\/sites\/2\/2016\/02\/University_of_Virginia_School_of_Law_Library_opt.jpg","width":800,"height":533,"caption":"Estudiants de la facultat de Dret de la Universitat de Virginia \/ CC by-sa Mmw3v (Wikimedia commons)"},{"@type":"BreadcrumbList","@id":"https:\/\/diarieducacio.cat\/ullalmon\/2016\/02\/02\/un-estudi-revela-que-els-titulats-de-minories-etniques-cobren-menys-que-els-blancs\/#breadcrumb","itemListElement":[{"@type":"ListItem","position":1,"name":"Inici","item":"https:\/\/diarieducacio.cat\/ullalmon\/"},{"@type":"ListItem","position":2,"name":"Els titulats brit\u00e0nics de minories \u00e8tniques tarden m\u00e9s en ser contractats i cobren menys que la resta"}]},{"@type":"WebSite","@id":"https:\/\/diarieducacio.cat\/ullalmon\/#website","url":"https:\/\/diarieducacio.cat\/ullalmon\/","name":"Ull al m\u00f3n","description":"Un blog de El Diari de l&#039;Educaci\u00f3","potentialAction":[{"@type":"SearchAction","target":{"@type":"EntryPoint","urlTemplate":"https:\/\/diarieducacio.cat\/ullalmon\/?s={search_term_string}"},"query-input":{"@type":"PropertyValueSpecification","valueRequired":true,"valueName":"search_term_string"}}],"inLanguage":"ca"},{"@type":"Person","@id":"https:\/\/diarieducacio.cat\/ullalmon\/#\/schema\/person\/a59c6f6463f58484e77cabd794911180","name":"Redacci\u00f3","image":{"@type":"ImageObject","inLanguage":"ca","@id":"https:\/\/diarieducacio.cat\/wp-content\/uploads\/2024\/11\/redaccio_avatar-96x96.png","url":"https:\/\/diarieducacio.cat\/wp-content\/uploads\/2024\/11\/redaccio_avatar-96x96.png","contentUrl":"https:\/\/diarieducacio.cat\/wp-content\/uploads\/2024\/11\/redaccio_avatar-96x96.png","caption":"Redacci\u00f3"},"sameAs":["https:\/\/x.com\/CatalunyaPlural"],"url":"https:\/\/diarieducacio.cat\/ullalmon\/author\/redaccio\/"}]}},"_links":{"self":[{"href":"https:\/\/diarieducacio.cat\/ullalmon\/wp-json\/wp\/v2\/posts\/697","targetHints":{"allow":["GET"]}}],"collection":[{"href":"https:\/\/diarieducacio.cat\/ullalmon\/wp-json\/wp\/v2\/posts"}],"about":[{"href":"https:\/\/diarieducacio.cat\/ullalmon\/wp-json\/wp\/v2\/types\/post"}],"author":[{"embeddable":true,"href":"https:\/\/diarieducacio.cat\/ullalmon\/wp-json\/wp\/v2\/users\/3"}],"replies":[{"embeddable":true,"href":"https:\/\/diarieducacio.cat\/ullalmon\/wp-json\/wp\/v2\/comments?post=697"}],"version-history":[{"count":0,"href":"https:\/\/diarieducacio.cat\/ullalmon\/wp-json\/wp\/v2\/posts\/697\/revisions"}],"wp:featuredmedia":[{"embeddable":true,"href":"https:\/\/diarieducacio.cat\/ullalmon\/wp-json\/wp\/v2\/media\/698"}],"wp:attachment":[{"href":"https:\/\/diarieducacio.cat\/ullalmon\/wp-json\/wp\/v2\/media?parent=697"}],"wp:term":[{"taxonomy":"category","embeddable":true,"href":"https:\/\/diarieducacio.cat\/ullalmon\/wp-json\/wp\/v2\/categories?post=697"},{"taxonomy":"post_tag","embeddable":true,"href":"https:\/\/diarieducacio.cat\/ullalmon\/wp-json\/wp\/v2\/tags?post=697"},{"taxonomy":"tipo","embeddable":true,"href":"https:\/\/diarieducacio.cat\/ullalmon\/wp-json\/wp\/v2\/tipo?post=697"}],"curies":[{"name":"wp","href":"https:\/\/api.w.org\/{rel}","templated":true}]}}