{"id":759,"date":"2016-05-03T07:46:40","date_gmt":"2016-05-03T06:46:40","guid":{"rendered":"https:\/\/diarieducacio.cat\/ullalmon\/?p=759"},"modified":"2024-05-07T10:46:48","modified_gmt":"2024-05-07T08:46:48","slug":"vaga-infantil-families-angleses-faran-boicot-a-les-proves-estandaritzades","status":"publish","type":"post","link":"https:\/\/diarieducacio.cat\/ullalmon\/2016\/05\/03\/vaga-infantil-families-angleses-faran-boicot-a-les-proves-estandaritzades\/","title":{"rendered":"Vaga infantil: fam\u00edlies angleses fan boicot a les proves estandaritzades"},"content":{"rendered":"<p>Aquest dimarts, 3 de maig, ha estat\u00a0el\u00a0<strong><em>Kid&#8217;s Strike<\/em><\/strong>, la vaga infantil que moltes\u00a0fam\u00edlies angleses han secundat\u00a0per evidenciar el seu rebuig a les proves externes a les quals s&#8217;haurien de sotmetre els seus fills de 6 i 7 anys, les anomenades <a href=\"http:\/\/www.satsguide.co.uk\/what_are_sats.htm\"><strong>Sats<\/strong><\/a> (Standard Assessments Tests). <a href=\"https:\/\/you.38degrees.org.uk\/petitions\/parents-support-sats-boycott-kids-strike-3rd-may\">En una carta dirigida a la ministra d&#8217;Educaci\u00f3, i que ja han signat quasi 40.000 fam\u00edlies<\/a>, el col\u00b7lectiu\u00a0<em>Let Our Kids Be Kids\u00a0<\/em>(deixeu que els nostres nens\u00a0siguin nens) crida al boicot.<\/p>\n<p>Malgrat les expectatives, per\u00f2, aquesta primera\u00a0<em>vaga\u00a0<\/em>s&#8217;ha quedat en una xifra m\u00e9s aviat redu\u00efta: han estat uns 1.000 alumnes, segons fonts oficials, els que no han anat aquest dimarts a classe per boicotejar les proves, <a href=\"http:\/\/www.theguardian.com\/education\/2016\/may\/03\/boycott-primary-school-tests-sats-scattered-support\">tal com recull el Guardian<\/a>.<\/p>\n<p>&#8220;L&#8217;educaci\u00f3 Prim\u00e0ria hauria de servir per transmetre el gust per aprendre i desenvolupar habilitats socials a trav\u00e9s del joc. Aquests ex\u00e0mens estressen els nens&#8230; El curr\u00edculum que se&#8217;ls requereix els reprimeix i els avorreix&#8221;, exposen els pares en la seva carta. &#8220;Els mestres fa anys que miren d&#8217;avaluar l&#8217;aprenentatge dels infants i tot i aix\u00ed el Govern veu la necessitat d&#8217;imposar testos elaborats externament amb una visi\u00f3 estreta de les assignatures que importen, i deixa poc o gens espai a l&#8217;aprenentatge individual o a la creativitat&#8221;, conclouen.<\/p>\n<p>L&#8217;oposici\u00f3 a les avaluacions externes\u00a0ha arribat\u00a0a Anglaterra despr\u00e9s que l&#8217;Administraci\u00f3 hagi aprovat un curr\u00edculum que fam\u00edlies i experts consideren m\u00e9s exhaustiu i exigent que l&#8217;anterior. Les avaluacions externes a aquest curr\u00edculum s\u00f3n les anomenades proves Sats. Est\u00e0 previst que la facin als 6-7 anys (aquest dimarts), als 10-11 i als 13-14, per avaluar el progr\u00e9s dels estudiants. Els ex\u00e0mens inclouen lectura, escriptura i matem\u00e0tiques.<\/p>\n<p>Les fam\u00edlies lamenten que aquestes avaluacions limiten el camp d&#8217;aprenentatge dels seus fills, i \u00e9s que molts centres es veuen obligats a preparar els alumnes, incl\u00fas a\u00a0edats tan primerenques com els 6 o 7 anys, per obtenir uns bons resultats que facin quedar b\u00e9 als centres en <a href=\"http:\/\/www.education.gov.uk\/schools\/performance\/\">les taules de resultats que es fan p\u00fabliques arreu del pa\u00eds<\/a>.<\/p>\n<p>Des del Ministeri d&#8217;Educaci\u00f3 defensen les proves i asseguren que s\u00f3n \u00fatils per elevar el nivell dels alumnes de cara obtenir el Certificat General d&#8217;Educaci\u00f3 Secund\u00e0ria (GSCE, en les sigles angleses). &#8220;Hem actualitzat els tests per reflectir el nou curr\u00edculum, m\u00e9s rigor\u00f3s, que ha d&#8217;ajudar tots els alumnes a assolir el seu potencial m\u00e9s enll\u00e0 de cada circumst\u00e0ncia&#8221;, <a href=\"http:\/\/www.bbc.com\/news\/education-36149850\">exposen des de l&#8217;Administraci\u00f3 a la BBC<\/a>. &#8220;Els tests ajuden als mestres a identificar les necessitats dels seus alumnes i als pares a tenir una idea de com van el seus fills&#8221;, afegeix.<\/p>\n<h4>Dels Estats Units a Catalunya, boicot a les proves externes<\/h4>\n<p>El boicot a les avaluacions estandaritzades no es circumscriu a Anglaterra. El moviment de fam\u00edlies que es nega a dur els fills a classe el dia que se celebren aquests ex\u00e0mens t\u00e9 molta pot\u00e8ncia als Estats Units, i ha agafat embranzida tamb\u00e9 a Catalunya arran de\u00a0l&#8217;aprovaci\u00f3 de la LOMCE, que preveu les seves pr\u00f2pies proves externes a Tercer i Sis\u00e8 de Prim\u00e0ria i a Quart d&#8217;ESO i Segon de Batxillerat \u2013en aquests dos \u00faltims casos en format rev\u00e0lida\u2013.<\/p>\n<p>Als Estats Units l&#8217;impacte de la insubmissi\u00f3 varia en funci\u00f3 dels estats i les ciutats. <a href=\"http:\/\/www.usatoday.com\/story\/news\/nation\/2015\/04\/16\/parents-opt-out-standardized-tests\/25896607\/\">El curs passat a Nova York m\u00e9s de 150.000 fam\u00edlies van secundar el boicot<\/a>. Aix\u00f2 significa que en molts districtes escolars el percentatge d&#8217;alumnes que no va anar a classe el dia de les proves va superar el 25% \u2013i en algunes escoles en concret, el 50%\u2013.<\/p>\n<p>A Catalunya van ser un miler de fam\u00edlies les que van respondre a la crida de la Xarxa d&#8217;Escoles Insubmises (XEI) l&#8217;any passat pel que fa a les proves de compet\u00e8ncies b\u00e0siques de Tercer de Prim\u00e0ria, <a href=\"http:\/\/diarieducacio.cat\/un-mati-de-boicot-a-les-proves-externes-en-una-escola-que-no-creu-en-els-examens\/\">i aquest any el boicot s&#8217;ha tornat a repetir<\/a>. Aquestes s\u00f3n unes avaluacions que es fan tots els alumnes d&#8217;aquesta etapa des de l&#8217;any 2008,\u00a0per\u00f2 ara sota el paraigua de la LOMCE, un cas que es reproduir\u00e0 aquest any tamb\u00e9 a Sis\u00e8 de Prim\u00e0ria, en les proves que previstes pels dies 4 i 5 de maig. La XEI tamb\u00e9 ha cridat a la insubmissi\u00f3, malgrat que la Generalitat assegura que ells mantenen les avaluacions tal com les han fet sempre \u2013a difer\u00e8ncia del que preveu la LOMCE\u2013 i que en cap cas faran p\u00fablics els resultats.<\/p>\n<p>&nbsp;<\/p>\n<p>&nbsp;<\/p>\n<p>&nbsp;<\/p>\n","protected":false},"excerpt":{"rendered":"<p> En una carta dirigida a la ministra d&#8217;Educaci\u00f3, i que ja han signat quasi 40.000 fam\u00edlies, el col\u00b7lectiu Let Our Kids Be Kids (deixeu que els nostres nens siguin nens) crida al boicot.<\/p>\n","protected":false},"author":3,"featured_media":761,"comment_status":"open","ping_status":"open","sticky":false,"template":"","format":"standard","meta":{"footnotes":""},"categories":[2],"tags":[],"tipo":[],"class_list":{"0":"post-759","1":"post","2":"type-post","3":"status-publish","4":"format-standard","5":"has-post-thumbnail","7":"category-general"},"yoast_head":"<!-- This site is optimized with the Yoast SEO plugin v27.5 - https:\/\/yoast.com\/product\/yoast-seo-wordpress\/ -->\n<title>Vaga infantil: fam\u00edlies angleses fan boicot a les proves estandaritzades - Ull al m\u00f3n<\/title>\n<meta name=\"robots\" content=\"index, follow, max-snippet:-1, max-image-preview:large, max-video-preview:-1\" \/>\n<link rel=\"canonical\" href=\"https:\/\/diarieducacio.cat\/ullalmon\/2016\/05\/03\/vaga-infantil-families-angleses-faran-boicot-a-les-proves-estandaritzades\/\" \/>\n<meta property=\"og:locale\" content=\"ca_ES\" \/>\n<meta property=\"og:type\" content=\"article\" \/>\n<meta property=\"og:title\" content=\"Vaga infantil: fam\u00edlies angleses fan boicot a les proves estandaritzades - Ull al m\u00f3n\" \/>\n<meta property=\"og:description\" content=\"En una carta dirigida a la ministra d&#039;Educaci\u00f3, i que ja han signat quasi 40.000 fam\u00edlies, el col\u00b7lectiu Let Our Kids Be Kids (deixeu que els nostres nens siguin nens) crida al boicot.\" \/>\n<meta property=\"og:url\" content=\"https:\/\/diarieducacio.cat\/ullalmon\/2016\/05\/03\/vaga-infantil-families-angleses-faran-boicot-a-les-proves-estandaritzades\/\" \/>\n<meta property=\"og:site_name\" content=\"Ull al m\u00f3n\" \/>\n<meta property=\"article:published_time\" content=\"2016-05-03T06:46:40+00:00\" \/>\n<meta property=\"article:modified_time\" content=\"2024-05-07T08:46:48+00:00\" \/>\n<meta property=\"og:image\" content=\"https:\/\/diarieducacio.cat\/ullalmon\/wp-content\/uploads\/sites\/2\/2016\/05\/5073552229_5a8b9e966d_b.jpg\" \/>\n\t<meta property=\"og:image:width\" content=\"1024\" \/>\n\t<meta property=\"og:image:height\" content=\"683\" \/>\n\t<meta property=\"og:image:type\" content=\"image\/jpeg\" \/>\n<meta name=\"author\" content=\"Redacci\u00f3\" \/>\n<meta name=\"twitter:card\" content=\"summary_large_image\" \/>\n<meta name=\"twitter:creator\" content=\"@CatalunyaPlural\" \/>\n<meta name=\"twitter:label1\" content=\"Escrit per\" \/>\n\t<meta name=\"twitter:data1\" content=\"Redacci\u00f3\" \/>\n\t<meta name=\"twitter:label2\" content=\"Temps estimat de lectura\" \/>\n\t<meta name=\"twitter:data2\" content=\"4 minuts\" \/>\n<script type=\"application\/ld+json\" class=\"yoast-schema-graph\">{\"@context\":\"https:\\\/\\\/schema.org\",\"@graph\":[{\"@type\":\"Article\",\"@id\":\"https:\\\/\\\/diarieducacio.cat\\\/ullalmon\\\/2016\\\/05\\\/03\\\/vaga-infantil-families-angleses-faran-boicot-a-les-proves-estandaritzades\\\/#article\",\"isPartOf\":{\"@id\":\"https:\\\/\\\/diarieducacio.cat\\\/ullalmon\\\/2016\\\/05\\\/03\\\/vaga-infantil-families-angleses-faran-boicot-a-les-proves-estandaritzades\\\/\"},\"author\":{\"name\":\"Redacci\u00f3\",\"@id\":\"https:\\\/\\\/diarieducacio.cat\\\/ullalmon\\\/#\\\/schema\\\/person\\\/a59c6f6463f58484e77cabd794911180\"},\"headline\":\"Vaga infantil: fam\u00edlies angleses fan boicot a les proves estandaritzades\",\"datePublished\":\"2016-05-03T06:46:40+00:00\",\"dateModified\":\"2024-05-07T08:46:48+00:00\",\"mainEntityOfPage\":{\"@id\":\"https:\\\/\\\/diarieducacio.cat\\\/ullalmon\\\/2016\\\/05\\\/03\\\/vaga-infantil-families-angleses-faran-boicot-a-les-proves-estandaritzades\\\/\"},\"wordCount\":782,\"commentCount\":1,\"image\":{\"@id\":\"https:\\\/\\\/diarieducacio.cat\\\/ullalmon\\\/2016\\\/05\\\/03\\\/vaga-infantil-families-angleses-faran-boicot-a-les-proves-estandaritzades\\\/#primaryimage\"},\"thumbnailUrl\":\"https:\\\/\\\/diarieducacio.cat\\\/ullalmon\\\/wp-content\\\/uploads\\\/sites\\\/2\\\/2016\\\/05\\\/5073552229_5a8b9e966d_b.jpg\",\"articleSection\":[\"General\"],\"inLanguage\":\"ca\",\"potentialAction\":[{\"@type\":\"CommentAction\",\"name\":\"Comment\",\"target\":[\"https:\\\/\\\/diarieducacio.cat\\\/ullalmon\\\/2016\\\/05\\\/03\\\/vaga-infantil-families-angleses-faran-boicot-a-les-proves-estandaritzades\\\/#respond\"]}]},{\"@type\":\"WebPage\",\"@id\":\"https:\\\/\\\/diarieducacio.cat\\\/ullalmon\\\/2016\\\/05\\\/03\\\/vaga-infantil-families-angleses-faran-boicot-a-les-proves-estandaritzades\\\/\",\"url\":\"https:\\\/\\\/diarieducacio.cat\\\/ullalmon\\\/2016\\\/05\\\/03\\\/vaga-infantil-families-angleses-faran-boicot-a-les-proves-estandaritzades\\\/\",\"name\":\"Vaga infantil: fam\u00edlies angleses fan boicot a les proves estandaritzades - Ull al m\u00f3n\",\"isPartOf\":{\"@id\":\"https:\\\/\\\/diarieducacio.cat\\\/ullalmon\\\/#website\"},\"primaryImageOfPage\":{\"@id\":\"https:\\\/\\\/diarieducacio.cat\\\/ullalmon\\\/2016\\\/05\\\/03\\\/vaga-infantil-families-angleses-faran-boicot-a-les-proves-estandaritzades\\\/#primaryimage\"},\"image\":{\"@id\":\"https:\\\/\\\/diarieducacio.cat\\\/ullalmon\\\/2016\\\/05\\\/03\\\/vaga-infantil-families-angleses-faran-boicot-a-les-proves-estandaritzades\\\/#primaryimage\"},\"thumbnailUrl\":\"https:\\\/\\\/diarieducacio.cat\\\/ullalmon\\\/wp-content\\\/uploads\\\/sites\\\/2\\\/2016\\\/05\\\/5073552229_5a8b9e966d_b.jpg\",\"datePublished\":\"2016-05-03T06:46:40+00:00\",\"dateModified\":\"2024-05-07T08:46:48+00:00\",\"author\":{\"@id\":\"https:\\\/\\\/diarieducacio.cat\\\/ullalmon\\\/#\\\/schema\\\/person\\\/a59c6f6463f58484e77cabd794911180\"},\"breadcrumb\":{\"@id\":\"https:\\\/\\\/diarieducacio.cat\\\/ullalmon\\\/2016\\\/05\\\/03\\\/vaga-infantil-families-angleses-faran-boicot-a-les-proves-estandaritzades\\\/#breadcrumb\"},\"inLanguage\":\"ca\",\"potentialAction\":[{\"@type\":\"ReadAction\",\"target\":[\"https:\\\/\\\/diarieducacio.cat\\\/ullalmon\\\/2016\\\/05\\\/03\\\/vaga-infantil-families-angleses-faran-boicot-a-les-proves-estandaritzades\\\/\"]}]},{\"@type\":\"ImageObject\",\"inLanguage\":\"ca\",\"@id\":\"https:\\\/\\\/diarieducacio.cat\\\/ullalmon\\\/2016\\\/05\\\/03\\\/vaga-infantil-families-angleses-faran-boicot-a-les-proves-estandaritzades\\\/#primaryimage\",\"url\":\"https:\\\/\\\/diarieducacio.cat\\\/ullalmon\\\/wp-content\\\/uploads\\\/sites\\\/2\\\/2016\\\/05\\\/5073552229_5a8b9e966d_b.jpg\",\"contentUrl\":\"https:\\\/\\\/diarieducacio.cat\\\/ullalmon\\\/wp-content\\\/uploads\\\/sites\\\/2\\\/2016\\\/05\\\/5073552229_5a8b9e966d_b.jpg\",\"width\":1024,\"height\":683,\"caption\":\"Escola p\u00fablica del Regne Unit, classe de Segon de Prim\u00e0ria \\\/ CC by SA woodleywonderworks (Flickr.com)\"},{\"@type\":\"BreadcrumbList\",\"@id\":\"https:\\\/\\\/diarieducacio.cat\\\/ullalmon\\\/2016\\\/05\\\/03\\\/vaga-infantil-families-angleses-faran-boicot-a-les-proves-estandaritzades\\\/#breadcrumb\",\"itemListElement\":[{\"@type\":\"ListItem\",\"position\":1,\"name\":\"Inici\",\"item\":\"https:\\\/\\\/diarieducacio.cat\\\/ullalmon\\\/\"},{\"@type\":\"ListItem\",\"position\":2,\"name\":\"Vaga infantil: fam\u00edlies angleses fan boicot a les proves estandaritzades\"}]},{\"@type\":\"WebSite\",\"@id\":\"https:\\\/\\\/diarieducacio.cat\\\/ullalmon\\\/#website\",\"url\":\"https:\\\/\\\/diarieducacio.cat\\\/ullalmon\\\/\",\"name\":\"Ull al m\u00f3n\",\"description\":\"Un blog de El Diari de l&#039;Educaci\u00f3\",\"potentialAction\":[{\"@type\":\"SearchAction\",\"target\":{\"@type\":\"EntryPoint\",\"urlTemplate\":\"https:\\\/\\\/diarieducacio.cat\\\/ullalmon\\\/?s={search_term_string}\"},\"query-input\":{\"@type\":\"PropertyValueSpecification\",\"valueRequired\":true,\"valueName\":\"search_term_string\"}}],\"inLanguage\":\"ca\"},{\"@type\":\"Person\",\"@id\":\"https:\\\/\\\/diarieducacio.cat\\\/ullalmon\\\/#\\\/schema\\\/person\\\/a59c6f6463f58484e77cabd794911180\",\"name\":\"Redacci\u00f3\",\"image\":{\"@type\":\"ImageObject\",\"inLanguage\":\"ca\",\"@id\":\"https:\\\/\\\/diarieducacio.cat\\\/wp-content\\\/uploads\\\/2024\\\/11\\\/redaccio_avatar-96x96.png\",\"url\":\"https:\\\/\\\/diarieducacio.cat\\\/wp-content\\\/uploads\\\/2024\\\/11\\\/redaccio_avatar-96x96.png\",\"contentUrl\":\"https:\\\/\\\/diarieducacio.cat\\\/wp-content\\\/uploads\\\/2024\\\/11\\\/redaccio_avatar-96x96.png\",\"caption\":\"Redacci\u00f3\"},\"sameAs\":[\"https:\\\/\\\/x.com\\\/CatalunyaPlural\"],\"url\":\"https:\\\/\\\/diarieducacio.cat\\\/ullalmon\\\/author\\\/redaccio\\\/\"}]}<\/script>\n<!-- \/ Yoast SEO plugin. -->","yoast_head_json":{"title":"Vaga infantil: fam\u00edlies angleses fan boicot a les proves estandaritzades - Ull al m\u00f3n","robots":{"index":"index","follow":"follow","max-snippet":"max-snippet:-1","max-image-preview":"max-image-preview:large","max-video-preview":"max-video-preview:-1"},"canonical":"https:\/\/diarieducacio.cat\/ullalmon\/2016\/05\/03\/vaga-infantil-families-angleses-faran-boicot-a-les-proves-estandaritzades\/","og_locale":"ca_ES","og_type":"article","og_title":"Vaga infantil: fam\u00edlies angleses fan boicot a les proves estandaritzades - Ull al m\u00f3n","og_description":"En una carta dirigida a la ministra d'Educaci\u00f3, i que ja han signat quasi 40.000 fam\u00edlies, el col\u00b7lectiu Let Our Kids Be Kids (deixeu que els nostres nens siguin nens) crida al boicot.","og_url":"https:\/\/diarieducacio.cat\/ullalmon\/2016\/05\/03\/vaga-infantil-families-angleses-faran-boicot-a-les-proves-estandaritzades\/","og_site_name":"Ull al m\u00f3n","article_published_time":"2016-05-03T06:46:40+00:00","article_modified_time":"2024-05-07T08:46:48+00:00","og_image":[{"width":1024,"height":683,"url":"https:\/\/diarieducacio.cat\/ullalmon\/wp-content\/uploads\/sites\/2\/2016\/05\/5073552229_5a8b9e966d_b.jpg","type":"image\/jpeg"}],"author":"Redacci\u00f3","twitter_card":"summary_large_image","twitter_creator":"@CatalunyaPlural","twitter_misc":{"Escrit per":"Redacci\u00f3","Temps estimat de lectura":"4 minuts"},"schema":{"@context":"https:\/\/schema.org","@graph":[{"@type":"Article","@id":"https:\/\/diarieducacio.cat\/ullalmon\/2016\/05\/03\/vaga-infantil-families-angleses-faran-boicot-a-les-proves-estandaritzades\/#article","isPartOf":{"@id":"https:\/\/diarieducacio.cat\/ullalmon\/2016\/05\/03\/vaga-infantil-families-angleses-faran-boicot-a-les-proves-estandaritzades\/"},"author":{"name":"Redacci\u00f3","@id":"https:\/\/diarieducacio.cat\/ullalmon\/#\/schema\/person\/a59c6f6463f58484e77cabd794911180"},"headline":"Vaga infantil: fam\u00edlies angleses fan boicot a les proves estandaritzades","datePublished":"2016-05-03T06:46:40+00:00","dateModified":"2024-05-07T08:46:48+00:00","mainEntityOfPage":{"@id":"https:\/\/diarieducacio.cat\/ullalmon\/2016\/05\/03\/vaga-infantil-families-angleses-faran-boicot-a-les-proves-estandaritzades\/"},"wordCount":782,"commentCount":1,"image":{"@id":"https:\/\/diarieducacio.cat\/ullalmon\/2016\/05\/03\/vaga-infantil-families-angleses-faran-boicot-a-les-proves-estandaritzades\/#primaryimage"},"thumbnailUrl":"https:\/\/diarieducacio.cat\/ullalmon\/wp-content\/uploads\/sites\/2\/2016\/05\/5073552229_5a8b9e966d_b.jpg","articleSection":["General"],"inLanguage":"ca","potentialAction":[{"@type":"CommentAction","name":"Comment","target":["https:\/\/diarieducacio.cat\/ullalmon\/2016\/05\/03\/vaga-infantil-families-angleses-faran-boicot-a-les-proves-estandaritzades\/#respond"]}]},{"@type":"WebPage","@id":"https:\/\/diarieducacio.cat\/ullalmon\/2016\/05\/03\/vaga-infantil-families-angleses-faran-boicot-a-les-proves-estandaritzades\/","url":"https:\/\/diarieducacio.cat\/ullalmon\/2016\/05\/03\/vaga-infantil-families-angleses-faran-boicot-a-les-proves-estandaritzades\/","name":"Vaga infantil: fam\u00edlies angleses fan boicot a les proves estandaritzades - Ull al m\u00f3n","isPartOf":{"@id":"https:\/\/diarieducacio.cat\/ullalmon\/#website"},"primaryImageOfPage":{"@id":"https:\/\/diarieducacio.cat\/ullalmon\/2016\/05\/03\/vaga-infantil-families-angleses-faran-boicot-a-les-proves-estandaritzades\/#primaryimage"},"image":{"@id":"https:\/\/diarieducacio.cat\/ullalmon\/2016\/05\/03\/vaga-infantil-families-angleses-faran-boicot-a-les-proves-estandaritzades\/#primaryimage"},"thumbnailUrl":"https:\/\/diarieducacio.cat\/ullalmon\/wp-content\/uploads\/sites\/2\/2016\/05\/5073552229_5a8b9e966d_b.jpg","datePublished":"2016-05-03T06:46:40+00:00","dateModified":"2024-05-07T08:46:48+00:00","author":{"@id":"https:\/\/diarieducacio.cat\/ullalmon\/#\/schema\/person\/a59c6f6463f58484e77cabd794911180"},"breadcrumb":{"@id":"https:\/\/diarieducacio.cat\/ullalmon\/2016\/05\/03\/vaga-infantil-families-angleses-faran-boicot-a-les-proves-estandaritzades\/#breadcrumb"},"inLanguage":"ca","potentialAction":[{"@type":"ReadAction","target":["https:\/\/diarieducacio.cat\/ullalmon\/2016\/05\/03\/vaga-infantil-families-angleses-faran-boicot-a-les-proves-estandaritzades\/"]}]},{"@type":"ImageObject","inLanguage":"ca","@id":"https:\/\/diarieducacio.cat\/ullalmon\/2016\/05\/03\/vaga-infantil-families-angleses-faran-boicot-a-les-proves-estandaritzades\/#primaryimage","url":"https:\/\/diarieducacio.cat\/ullalmon\/wp-content\/uploads\/sites\/2\/2016\/05\/5073552229_5a8b9e966d_b.jpg","contentUrl":"https:\/\/diarieducacio.cat\/ullalmon\/wp-content\/uploads\/sites\/2\/2016\/05\/5073552229_5a8b9e966d_b.jpg","width":1024,"height":683,"caption":"Escola p\u00fablica del Regne Unit, classe de Segon de Prim\u00e0ria \/ CC by SA woodleywonderworks (Flickr.com)"},{"@type":"BreadcrumbList","@id":"https:\/\/diarieducacio.cat\/ullalmon\/2016\/05\/03\/vaga-infantil-families-angleses-faran-boicot-a-les-proves-estandaritzades\/#breadcrumb","itemListElement":[{"@type":"ListItem","position":1,"name":"Inici","item":"https:\/\/diarieducacio.cat\/ullalmon\/"},{"@type":"ListItem","position":2,"name":"Vaga infantil: fam\u00edlies angleses fan boicot a les proves estandaritzades"}]},{"@type":"WebSite","@id":"https:\/\/diarieducacio.cat\/ullalmon\/#website","url":"https:\/\/diarieducacio.cat\/ullalmon\/","name":"Ull al m\u00f3n","description":"Un blog de El Diari de l&#039;Educaci\u00f3","potentialAction":[{"@type":"SearchAction","target":{"@type":"EntryPoint","urlTemplate":"https:\/\/diarieducacio.cat\/ullalmon\/?s={search_term_string}"},"query-input":{"@type":"PropertyValueSpecification","valueRequired":true,"valueName":"search_term_string"}}],"inLanguage":"ca"},{"@type":"Person","@id":"https:\/\/diarieducacio.cat\/ullalmon\/#\/schema\/person\/a59c6f6463f58484e77cabd794911180","name":"Redacci\u00f3","image":{"@type":"ImageObject","inLanguage":"ca","@id":"https:\/\/diarieducacio.cat\/wp-content\/uploads\/2024\/11\/redaccio_avatar-96x96.png","url":"https:\/\/diarieducacio.cat\/wp-content\/uploads\/2024\/11\/redaccio_avatar-96x96.png","contentUrl":"https:\/\/diarieducacio.cat\/wp-content\/uploads\/2024\/11\/redaccio_avatar-96x96.png","caption":"Redacci\u00f3"},"sameAs":["https:\/\/x.com\/CatalunyaPlural"],"url":"https:\/\/diarieducacio.cat\/ullalmon\/author\/redaccio\/"}]}},"_links":{"self":[{"href":"https:\/\/diarieducacio.cat\/ullalmon\/wp-json\/wp\/v2\/posts\/759","targetHints":{"allow":["GET"]}}],"collection":[{"href":"https:\/\/diarieducacio.cat\/ullalmon\/wp-json\/wp\/v2\/posts"}],"about":[{"href":"https:\/\/diarieducacio.cat\/ullalmon\/wp-json\/wp\/v2\/types\/post"}],"author":[{"embeddable":true,"href":"https:\/\/diarieducacio.cat\/ullalmon\/wp-json\/wp\/v2\/users\/3"}],"replies":[{"embeddable":true,"href":"https:\/\/diarieducacio.cat\/ullalmon\/wp-json\/wp\/v2\/comments?post=759"}],"version-history":[{"count":0,"href":"https:\/\/diarieducacio.cat\/ullalmon\/wp-json\/wp\/v2\/posts\/759\/revisions"}],"wp:featuredmedia":[{"embeddable":true,"href":"https:\/\/diarieducacio.cat\/ullalmon\/wp-json\/wp\/v2\/media\/761"}],"wp:attachment":[{"href":"https:\/\/diarieducacio.cat\/ullalmon\/wp-json\/wp\/v2\/media?parent=759"}],"wp:term":[{"taxonomy":"category","embeddable":true,"href":"https:\/\/diarieducacio.cat\/ullalmon\/wp-json\/wp\/v2\/categories?post=759"},{"taxonomy":"post_tag","embeddable":true,"href":"https:\/\/diarieducacio.cat\/ullalmon\/wp-json\/wp\/v2\/tags?post=759"},{"taxonomy":"tipo","embeddable":true,"href":"https:\/\/diarieducacio.cat\/ullalmon\/wp-json\/wp\/v2\/tipo?post=759"}],"curies":[{"name":"wp","href":"https:\/\/api.w.org\/{rel}","templated":true}]}}