{"id":782,"date":"2016-06-06T18:16:25","date_gmt":"2016-06-06T17:16:25","guid":{"rendered":"https:\/\/diarieducacio.cat\/ullalmon\/?p=782"},"modified":"2024-05-07T10:46:48","modified_gmt":"2024-05-07T08:46:48","slug":"lartista-de-grafiti-banksy-deixa-per-sorpresa-un-mural-en-una-escola-de-primaria","status":"publish","type":"post","link":"https:\/\/diarieducacio.cat\/ullalmon\/2016\/06\/06\/lartista-de-grafiti-banksy-deixa-per-sorpresa-un-mural-en-una-escola-de-primaria\/","title":{"rendered":"L&#8217;artista de grafiti Banksy deixa per sorpresa un mural en una escola de Prim\u00e0ria"},"content":{"rendered":"<p>L&#8217;artista de grafiti m\u00e9s popular del m\u00f3n, l&#8217;enigm\u00e0tic Banksy, ha deixat un per sorpresa \u2013com \u00e9s habitual en ell\u2013 en forma de mural a l&#8217;escola Brigde Farm de Bristol (Anglaterra). En arribar a l&#8217;escola aquest dilluns els alumnes s&#8217;han trobat amb el grafiti, acompanyat d&#8217;una carta on deixava escrit que &#8220;\u00e9s m\u00e9s f\u00e0cil demanar perd\u00f3 que demanar perm\u00eds&#8221;, <a href=\"https:\/\/twitter.com\/jonkay01\/status\/739759269642375168\">segons recull la BBC<\/a>.<\/p>\n<p><iframe title=\"Banksy Leaves Mural On The Side Of Classroom In Bristol\" width=\"788\" height=\"443\" src=\"https:\/\/www.youtube.com\/embed\/BQXkdb_w7uw?feature=oembed\" frameborder=\"0\" allow=\"accelerometer; autoplay; clipboard-write; encrypted-media; gyroscope; picture-in-picture; web-share\" referrerpolicy=\"strict-origin-when-cross-origin\" allowfullscreen><\/iframe><\/p>\n<p>L&#8217;artista, originari d&#8217;aquesta ciutat, ha deixat aquest\u00a0<em>regal\u00a0<\/em>a l&#8217;escola despr\u00e9s que els seus alumnes, per votaci\u00f3, decidissin posar el nom de Banksy a un dels quatre edificis amb qu\u00e8 compta el col\u00b7legi. A la carta, el grafiter els ho ha agra\u00eft, i tamb\u00e9 els ha deixat clar que si no els agrada l&#8217;obra, la poden modificar. &#8220;Estic segur que als mestres no els importar\u00e0&#8221;, ha sentenciat.<\/p>\n<p>El director de l&#8217;escola, Geoff Mason, ha assegurat que mantindran el mural tal com est\u00e0 i que no es plantegen vendre&#8217;l. El fet que hi hagi una nena que fa c\u00f3rrer una roda en flames no els sembla un inconvenient.<\/p>\n<blockquote class=\"twitter-tweet\" data-lang=\"ca\">\n<p dir=\"ltr\" lang=\"en\"><a href=\"https:\/\/twitter.com\/hashtag\/Banksy?src=hash\">#Banksy<\/a> left this letter for Bridge Farm School. The caretaker found it &#8211; with the 14ft painting. <a href=\"https:\/\/t.co\/w9bqvniKEg\">pic.twitter.com\/w9bqvniKEg<\/a><\/p>\n<p>\u2014 Jon Kay (@jonkay01) <a href=\"https:\/\/twitter.com\/jonkay01\/status\/739759269642375168\">6 de juny de 2016<\/a><\/p><\/blockquote>\n","protected":false},"excerpt":{"rendered":"<p>L&#8217;artista de grafiti m\u00e9s popular del m\u00f3n, l&#8217;enigm\u00e0tic Banksy, ha deixat un per sorpresa en forma de mural a l&#8217;escola Brigde Farm de Bristol (Anglaterra)<\/p>\n","protected":false},"author":3,"featured_media":783,"comment_status":"open","ping_status":"open","sticky":false,"template":"","format":"standard","meta":{"footnotes":""},"categories":[2],"tags":[],"tipo":[],"class_list":{"0":"post-782","1":"post","2":"type-post","3":"status-publish","4":"format-standard","5":"has-post-thumbnail","7":"category-general"},"yoast_head":"<!-- This site is optimized with the Yoast SEO plugin v27.5 - https:\/\/yoast.com\/product\/yoast-seo-wordpress\/ -->\n<title>L&#039;artista de grafiti Banksy deixa per sorpresa un mural en una escola de Prim\u00e0ria - Ull al m\u00f3n<\/title>\n<meta name=\"robots\" content=\"index, follow, max-snippet:-1, max-image-preview:large, max-video-preview:-1\" \/>\n<link rel=\"canonical\" href=\"https:\/\/diarieducacio.cat\/ullalmon\/2016\/06\/06\/lartista-de-grafiti-banksy-deixa-per-sorpresa-un-mural-en-una-escola-de-primaria\/\" \/>\n<meta property=\"og:locale\" content=\"ca_ES\" \/>\n<meta property=\"og:type\" content=\"article\" \/>\n<meta property=\"og:title\" content=\"L&#039;artista de grafiti Banksy deixa per sorpresa un mural en una escola de Prim\u00e0ria - Ull al m\u00f3n\" \/>\n<meta property=\"og:description\" content=\"L&#039;artista de grafiti m\u00e9s popular del m\u00f3n, l&#039;enigm\u00e0tic Banksy, ha deixat un per sorpresa en forma de mural a l&#039;escola Brigde Farm de Bristol (Anglaterra)\" \/>\n<meta property=\"og:url\" content=\"https:\/\/diarieducacio.cat\/ullalmon\/2016\/06\/06\/lartista-de-grafiti-banksy-deixa-per-sorpresa-un-mural-en-una-escola-de-primaria\/\" \/>\n<meta property=\"og:site_name\" content=\"Ull al m\u00f3n\" \/>\n<meta property=\"article:published_time\" content=\"2016-06-06T17:16:25+00:00\" \/>\n<meta property=\"article:modified_time\" content=\"2024-05-07T08:46:48+00:00\" \/>\n<meta property=\"og:image\" content=\"https:\/\/diarieducacio.cat\/ullalmon\/wp-content\/uploads\/sites\/2\/2016\/06\/Captura-de-pantalla-2016-06-06-a-les-19.04.58.png\" \/>\n\t<meta property=\"og:image:width\" content=\"603\" \/>\n\t<meta property=\"og:image:height\" content=\"230\" \/>\n\t<meta property=\"og:image:type\" content=\"image\/png\" \/>\n<meta name=\"author\" content=\"Redacci\u00f3\" \/>\n<meta name=\"twitter:card\" content=\"summary_large_image\" \/>\n<meta name=\"twitter:creator\" content=\"@CatalunyaPlural\" \/>\n<meta name=\"twitter:label1\" content=\"Escrit per\" \/>\n\t<meta name=\"twitter:data1\" content=\"Redacci\u00f3\" \/>\n\t<meta name=\"twitter:label2\" content=\"Temps estimat de lectura\" \/>\n\t<meta name=\"twitter:data2\" content=\"1 minut\" \/>\n<script type=\"application\/ld+json\" class=\"yoast-schema-graph\">{\"@context\":\"https:\\\/\\\/schema.org\",\"@graph\":[{\"@type\":\"Article\",\"@id\":\"https:\\\/\\\/diarieducacio.cat\\\/ullalmon\\\/2016\\\/06\\\/06\\\/lartista-de-grafiti-banksy-deixa-per-sorpresa-un-mural-en-una-escola-de-primaria\\\/#article\",\"isPartOf\":{\"@id\":\"https:\\\/\\\/diarieducacio.cat\\\/ullalmon\\\/2016\\\/06\\\/06\\\/lartista-de-grafiti-banksy-deixa-per-sorpresa-un-mural-en-una-escola-de-primaria\\\/\"},\"author\":{\"name\":\"Redacci\u00f3\",\"@id\":\"https:\\\/\\\/diarieducacio.cat\\\/ullalmon\\\/#\\\/schema\\\/person\\\/a59c6f6463f58484e77cabd794911180\"},\"headline\":\"L&#8217;artista de grafiti Banksy deixa per sorpresa un mural en una escola de Prim\u00e0ria\",\"datePublished\":\"2016-06-06T17:16:25+00:00\",\"dateModified\":\"2024-05-07T08:46:48+00:00\",\"mainEntityOfPage\":{\"@id\":\"https:\\\/\\\/diarieducacio.cat\\\/ullalmon\\\/2016\\\/06\\\/06\\\/lartista-de-grafiti-banksy-deixa-per-sorpresa-un-mural-en-una-escola-de-primaria\\\/\"},\"wordCount\":241,\"commentCount\":0,\"image\":{\"@id\":\"https:\\\/\\\/diarieducacio.cat\\\/ullalmon\\\/2016\\\/06\\\/06\\\/lartista-de-grafiti-banksy-deixa-per-sorpresa-un-mural-en-una-escola-de-primaria\\\/#primaryimage\"},\"thumbnailUrl\":\"https:\\\/\\\/diarieducacio.cat\\\/ullalmon\\\/wp-content\\\/uploads\\\/sites\\\/2\\\/2016\\\/06\\\/Captura-de-pantalla-2016-06-06-a-les-19.04.58.png\",\"articleSection\":[\"General\"],\"inLanguage\":\"ca\",\"potentialAction\":[{\"@type\":\"CommentAction\",\"name\":\"Comment\",\"target\":[\"https:\\\/\\\/diarieducacio.cat\\\/ullalmon\\\/2016\\\/06\\\/06\\\/lartista-de-grafiti-banksy-deixa-per-sorpresa-un-mural-en-una-escola-de-primaria\\\/#respond\"]}]},{\"@type\":\"WebPage\",\"@id\":\"https:\\\/\\\/diarieducacio.cat\\\/ullalmon\\\/2016\\\/06\\\/06\\\/lartista-de-grafiti-banksy-deixa-per-sorpresa-un-mural-en-una-escola-de-primaria\\\/\",\"url\":\"https:\\\/\\\/diarieducacio.cat\\\/ullalmon\\\/2016\\\/06\\\/06\\\/lartista-de-grafiti-banksy-deixa-per-sorpresa-un-mural-en-una-escola-de-primaria\\\/\",\"name\":\"L'artista de grafiti Banksy deixa per sorpresa un mural en una escola de Prim\u00e0ria - Ull al m\u00f3n\",\"isPartOf\":{\"@id\":\"https:\\\/\\\/diarieducacio.cat\\\/ullalmon\\\/#website\"},\"primaryImageOfPage\":{\"@id\":\"https:\\\/\\\/diarieducacio.cat\\\/ullalmon\\\/2016\\\/06\\\/06\\\/lartista-de-grafiti-banksy-deixa-per-sorpresa-un-mural-en-una-escola-de-primaria\\\/#primaryimage\"},\"image\":{\"@id\":\"https:\\\/\\\/diarieducacio.cat\\\/ullalmon\\\/2016\\\/06\\\/06\\\/lartista-de-grafiti-banksy-deixa-per-sorpresa-un-mural-en-una-escola-de-primaria\\\/#primaryimage\"},\"thumbnailUrl\":\"https:\\\/\\\/diarieducacio.cat\\\/ullalmon\\\/wp-content\\\/uploads\\\/sites\\\/2\\\/2016\\\/06\\\/Captura-de-pantalla-2016-06-06-a-les-19.04.58.png\",\"datePublished\":\"2016-06-06T17:16:25+00:00\",\"dateModified\":\"2024-05-07T08:46:48+00:00\",\"author\":{\"@id\":\"https:\\\/\\\/diarieducacio.cat\\\/ullalmon\\\/#\\\/schema\\\/person\\\/a59c6f6463f58484e77cabd794911180\"},\"breadcrumb\":{\"@id\":\"https:\\\/\\\/diarieducacio.cat\\\/ullalmon\\\/2016\\\/06\\\/06\\\/lartista-de-grafiti-banksy-deixa-per-sorpresa-un-mural-en-una-escola-de-primaria\\\/#breadcrumb\"},\"inLanguage\":\"ca\",\"potentialAction\":[{\"@type\":\"ReadAction\",\"target\":[\"https:\\\/\\\/diarieducacio.cat\\\/ullalmon\\\/2016\\\/06\\\/06\\\/lartista-de-grafiti-banksy-deixa-per-sorpresa-un-mural-en-una-escola-de-primaria\\\/\"]}]},{\"@type\":\"ImageObject\",\"inLanguage\":\"ca\",\"@id\":\"https:\\\/\\\/diarieducacio.cat\\\/ullalmon\\\/2016\\\/06\\\/06\\\/lartista-de-grafiti-banksy-deixa-per-sorpresa-un-mural-en-una-escola-de-primaria\\\/#primaryimage\",\"url\":\"https:\\\/\\\/diarieducacio.cat\\\/ullalmon\\\/wp-content\\\/uploads\\\/sites\\\/2\\\/2016\\\/06\\\/Captura-de-pantalla-2016-06-06-a-les-19.04.58.png\",\"contentUrl\":\"https:\\\/\\\/diarieducacio.cat\\\/ullalmon\\\/wp-content\\\/uploads\\\/sites\\\/2\\\/2016\\\/06\\\/Captura-de-pantalla-2016-06-06-a-les-19.04.58.png\",\"width\":603,\"height\":230},{\"@type\":\"BreadcrumbList\",\"@id\":\"https:\\\/\\\/diarieducacio.cat\\\/ullalmon\\\/2016\\\/06\\\/06\\\/lartista-de-grafiti-banksy-deixa-per-sorpresa-un-mural-en-una-escola-de-primaria\\\/#breadcrumb\",\"itemListElement\":[{\"@type\":\"ListItem\",\"position\":1,\"name\":\"Inici\",\"item\":\"https:\\\/\\\/diarieducacio.cat\\\/ullalmon\\\/\"},{\"@type\":\"ListItem\",\"position\":2,\"name\":\"L&#8217;artista de grafiti Banksy deixa per sorpresa un mural en una escola de Prim\u00e0ria\"}]},{\"@type\":\"WebSite\",\"@id\":\"https:\\\/\\\/diarieducacio.cat\\\/ullalmon\\\/#website\",\"url\":\"https:\\\/\\\/diarieducacio.cat\\\/ullalmon\\\/\",\"name\":\"Ull al m\u00f3n\",\"description\":\"Un blog de El Diari de l&#039;Educaci\u00f3\",\"potentialAction\":[{\"@type\":\"SearchAction\",\"target\":{\"@type\":\"EntryPoint\",\"urlTemplate\":\"https:\\\/\\\/diarieducacio.cat\\\/ullalmon\\\/?s={search_term_string}\"},\"query-input\":{\"@type\":\"PropertyValueSpecification\",\"valueRequired\":true,\"valueName\":\"search_term_string\"}}],\"inLanguage\":\"ca\"},{\"@type\":\"Person\",\"@id\":\"https:\\\/\\\/diarieducacio.cat\\\/ullalmon\\\/#\\\/schema\\\/person\\\/a59c6f6463f58484e77cabd794911180\",\"name\":\"Redacci\u00f3\",\"image\":{\"@type\":\"ImageObject\",\"inLanguage\":\"ca\",\"@id\":\"https:\\\/\\\/diarieducacio.cat\\\/wp-content\\\/uploads\\\/2024\\\/11\\\/redaccio_avatar-96x96.png\",\"url\":\"https:\\\/\\\/diarieducacio.cat\\\/wp-content\\\/uploads\\\/2024\\\/11\\\/redaccio_avatar-96x96.png\",\"contentUrl\":\"https:\\\/\\\/diarieducacio.cat\\\/wp-content\\\/uploads\\\/2024\\\/11\\\/redaccio_avatar-96x96.png\",\"caption\":\"Redacci\u00f3\"},\"sameAs\":[\"https:\\\/\\\/x.com\\\/CatalunyaPlural\"],\"url\":\"https:\\\/\\\/diarieducacio.cat\\\/ullalmon\\\/author\\\/redaccio\\\/\"}]}<\/script>\n<!-- \/ Yoast SEO plugin. -->","yoast_head_json":{"title":"L'artista de grafiti Banksy deixa per sorpresa un mural en una escola de Prim\u00e0ria - Ull al m\u00f3n","robots":{"index":"index","follow":"follow","max-snippet":"max-snippet:-1","max-image-preview":"max-image-preview:large","max-video-preview":"max-video-preview:-1"},"canonical":"https:\/\/diarieducacio.cat\/ullalmon\/2016\/06\/06\/lartista-de-grafiti-banksy-deixa-per-sorpresa-un-mural-en-una-escola-de-primaria\/","og_locale":"ca_ES","og_type":"article","og_title":"L'artista de grafiti Banksy deixa per sorpresa un mural en una escola de Prim\u00e0ria - Ull al m\u00f3n","og_description":"L'artista de grafiti m\u00e9s popular del m\u00f3n, l'enigm\u00e0tic Banksy, ha deixat un per sorpresa en forma de mural a l'escola Brigde Farm de Bristol (Anglaterra)","og_url":"https:\/\/diarieducacio.cat\/ullalmon\/2016\/06\/06\/lartista-de-grafiti-banksy-deixa-per-sorpresa-un-mural-en-una-escola-de-primaria\/","og_site_name":"Ull al m\u00f3n","article_published_time":"2016-06-06T17:16:25+00:00","article_modified_time":"2024-05-07T08:46:48+00:00","og_image":[{"width":603,"height":230,"url":"https:\/\/diarieducacio.cat\/ullalmon\/wp-content\/uploads\/sites\/2\/2016\/06\/Captura-de-pantalla-2016-06-06-a-les-19.04.58.png","type":"image\/png"}],"author":"Redacci\u00f3","twitter_card":"summary_large_image","twitter_creator":"@CatalunyaPlural","twitter_misc":{"Escrit per":"Redacci\u00f3","Temps estimat de lectura":"1 minut"},"schema":{"@context":"https:\/\/schema.org","@graph":[{"@type":"Article","@id":"https:\/\/diarieducacio.cat\/ullalmon\/2016\/06\/06\/lartista-de-grafiti-banksy-deixa-per-sorpresa-un-mural-en-una-escola-de-primaria\/#article","isPartOf":{"@id":"https:\/\/diarieducacio.cat\/ullalmon\/2016\/06\/06\/lartista-de-grafiti-banksy-deixa-per-sorpresa-un-mural-en-una-escola-de-primaria\/"},"author":{"name":"Redacci\u00f3","@id":"https:\/\/diarieducacio.cat\/ullalmon\/#\/schema\/person\/a59c6f6463f58484e77cabd794911180"},"headline":"L&#8217;artista de grafiti Banksy deixa per sorpresa un mural en una escola de Prim\u00e0ria","datePublished":"2016-06-06T17:16:25+00:00","dateModified":"2024-05-07T08:46:48+00:00","mainEntityOfPage":{"@id":"https:\/\/diarieducacio.cat\/ullalmon\/2016\/06\/06\/lartista-de-grafiti-banksy-deixa-per-sorpresa-un-mural-en-una-escola-de-primaria\/"},"wordCount":241,"commentCount":0,"image":{"@id":"https:\/\/diarieducacio.cat\/ullalmon\/2016\/06\/06\/lartista-de-grafiti-banksy-deixa-per-sorpresa-un-mural-en-una-escola-de-primaria\/#primaryimage"},"thumbnailUrl":"https:\/\/diarieducacio.cat\/ullalmon\/wp-content\/uploads\/sites\/2\/2016\/06\/Captura-de-pantalla-2016-06-06-a-les-19.04.58.png","articleSection":["General"],"inLanguage":"ca","potentialAction":[{"@type":"CommentAction","name":"Comment","target":["https:\/\/diarieducacio.cat\/ullalmon\/2016\/06\/06\/lartista-de-grafiti-banksy-deixa-per-sorpresa-un-mural-en-una-escola-de-primaria\/#respond"]}]},{"@type":"WebPage","@id":"https:\/\/diarieducacio.cat\/ullalmon\/2016\/06\/06\/lartista-de-grafiti-banksy-deixa-per-sorpresa-un-mural-en-una-escola-de-primaria\/","url":"https:\/\/diarieducacio.cat\/ullalmon\/2016\/06\/06\/lartista-de-grafiti-banksy-deixa-per-sorpresa-un-mural-en-una-escola-de-primaria\/","name":"L'artista de grafiti Banksy deixa per sorpresa un mural en una escola de Prim\u00e0ria - Ull al m\u00f3n","isPartOf":{"@id":"https:\/\/diarieducacio.cat\/ullalmon\/#website"},"primaryImageOfPage":{"@id":"https:\/\/diarieducacio.cat\/ullalmon\/2016\/06\/06\/lartista-de-grafiti-banksy-deixa-per-sorpresa-un-mural-en-una-escola-de-primaria\/#primaryimage"},"image":{"@id":"https:\/\/diarieducacio.cat\/ullalmon\/2016\/06\/06\/lartista-de-grafiti-banksy-deixa-per-sorpresa-un-mural-en-una-escola-de-primaria\/#primaryimage"},"thumbnailUrl":"https:\/\/diarieducacio.cat\/ullalmon\/wp-content\/uploads\/sites\/2\/2016\/06\/Captura-de-pantalla-2016-06-06-a-les-19.04.58.png","datePublished":"2016-06-06T17:16:25+00:00","dateModified":"2024-05-07T08:46:48+00:00","author":{"@id":"https:\/\/diarieducacio.cat\/ullalmon\/#\/schema\/person\/a59c6f6463f58484e77cabd794911180"},"breadcrumb":{"@id":"https:\/\/diarieducacio.cat\/ullalmon\/2016\/06\/06\/lartista-de-grafiti-banksy-deixa-per-sorpresa-un-mural-en-una-escola-de-primaria\/#breadcrumb"},"inLanguage":"ca","potentialAction":[{"@type":"ReadAction","target":["https:\/\/diarieducacio.cat\/ullalmon\/2016\/06\/06\/lartista-de-grafiti-banksy-deixa-per-sorpresa-un-mural-en-una-escola-de-primaria\/"]}]},{"@type":"ImageObject","inLanguage":"ca","@id":"https:\/\/diarieducacio.cat\/ullalmon\/2016\/06\/06\/lartista-de-grafiti-banksy-deixa-per-sorpresa-un-mural-en-una-escola-de-primaria\/#primaryimage","url":"https:\/\/diarieducacio.cat\/ullalmon\/wp-content\/uploads\/sites\/2\/2016\/06\/Captura-de-pantalla-2016-06-06-a-les-19.04.58.png","contentUrl":"https:\/\/diarieducacio.cat\/ullalmon\/wp-content\/uploads\/sites\/2\/2016\/06\/Captura-de-pantalla-2016-06-06-a-les-19.04.58.png","width":603,"height":230},{"@type":"BreadcrumbList","@id":"https:\/\/diarieducacio.cat\/ullalmon\/2016\/06\/06\/lartista-de-grafiti-banksy-deixa-per-sorpresa-un-mural-en-una-escola-de-primaria\/#breadcrumb","itemListElement":[{"@type":"ListItem","position":1,"name":"Inici","item":"https:\/\/diarieducacio.cat\/ullalmon\/"},{"@type":"ListItem","position":2,"name":"L&#8217;artista de grafiti Banksy deixa per sorpresa un mural en una escola de Prim\u00e0ria"}]},{"@type":"WebSite","@id":"https:\/\/diarieducacio.cat\/ullalmon\/#website","url":"https:\/\/diarieducacio.cat\/ullalmon\/","name":"Ull al m\u00f3n","description":"Un blog de El Diari de l&#039;Educaci\u00f3","potentialAction":[{"@type":"SearchAction","target":{"@type":"EntryPoint","urlTemplate":"https:\/\/diarieducacio.cat\/ullalmon\/?s={search_term_string}"},"query-input":{"@type":"PropertyValueSpecification","valueRequired":true,"valueName":"search_term_string"}}],"inLanguage":"ca"},{"@type":"Person","@id":"https:\/\/diarieducacio.cat\/ullalmon\/#\/schema\/person\/a59c6f6463f58484e77cabd794911180","name":"Redacci\u00f3","image":{"@type":"ImageObject","inLanguage":"ca","@id":"https:\/\/diarieducacio.cat\/wp-content\/uploads\/2024\/11\/redaccio_avatar-96x96.png","url":"https:\/\/diarieducacio.cat\/wp-content\/uploads\/2024\/11\/redaccio_avatar-96x96.png","contentUrl":"https:\/\/diarieducacio.cat\/wp-content\/uploads\/2024\/11\/redaccio_avatar-96x96.png","caption":"Redacci\u00f3"},"sameAs":["https:\/\/x.com\/CatalunyaPlural"],"url":"https:\/\/diarieducacio.cat\/ullalmon\/author\/redaccio\/"}]}},"_links":{"self":[{"href":"https:\/\/diarieducacio.cat\/ullalmon\/wp-json\/wp\/v2\/posts\/782","targetHints":{"allow":["GET"]}}],"collection":[{"href":"https:\/\/diarieducacio.cat\/ullalmon\/wp-json\/wp\/v2\/posts"}],"about":[{"href":"https:\/\/diarieducacio.cat\/ullalmon\/wp-json\/wp\/v2\/types\/post"}],"author":[{"embeddable":true,"href":"https:\/\/diarieducacio.cat\/ullalmon\/wp-json\/wp\/v2\/users\/3"}],"replies":[{"embeddable":true,"href":"https:\/\/diarieducacio.cat\/ullalmon\/wp-json\/wp\/v2\/comments?post=782"}],"version-history":[{"count":0,"href":"https:\/\/diarieducacio.cat\/ullalmon\/wp-json\/wp\/v2\/posts\/782\/revisions"}],"wp:featuredmedia":[{"embeddable":true,"href":"https:\/\/diarieducacio.cat\/ullalmon\/wp-json\/wp\/v2\/media\/783"}],"wp:attachment":[{"href":"https:\/\/diarieducacio.cat\/ullalmon\/wp-json\/wp\/v2\/media?parent=782"}],"wp:term":[{"taxonomy":"category","embeddable":true,"href":"https:\/\/diarieducacio.cat\/ullalmon\/wp-json\/wp\/v2\/categories?post=782"},{"taxonomy":"post_tag","embeddable":true,"href":"https:\/\/diarieducacio.cat\/ullalmon\/wp-json\/wp\/v2\/tags?post=782"},{"taxonomy":"tipo","embeddable":true,"href":"https:\/\/diarieducacio.cat\/ullalmon\/wp-json\/wp\/v2\/tipo?post=782"}],"curies":[{"name":"wp","href":"https:\/\/api.w.org\/{rel}","templated":true}]}}